{"id":49604,"date":"2026-04-29T10:17:00","date_gmt":"2026-04-29T09:17:00","guid":{"rendered":"https:\/\/ulysse.com\/news\/?p=49604"},"modified":"2026-04-27T17:54:24","modified_gmt":"2026-04-27T16:54:24","slug":"nightjet-pod-cabine-vienne-ete-2026","status":"publish","type":"post","link":"https:\/\/ulysse.com\/news\/nightjet-pod-cabine-vienne-ete-2026","title":{"rendered":"Nightjet \u00e9t\u00e9 2026 au d\u00e9part de Vienne : pod, couchette ou sleeper, le comparatif chiffr\u00e9 pour bien choisir"},"content":{"rendered":"\n<p>L&#8217;<strong>\u00e9t\u00e9 2026<\/strong> sera celui o\u00f9 le <strong>Nightjet<\/strong> redevient vraiment cool. 33 rames Siemens nouvelle g\u00e9n\u00e9ration arrivent par vagues sur les lignes au d\u00e9part de <strong>Vienne<\/strong>, et avec elles cette fameuse <strong>mini-cabine pod<\/strong> dont tout le monde parle sur Instagram. Concr\u00e8tement : faut-il prendre un pod \u00e0 58 \u20ac, une couchette \u00e0 50 \u20ac ou claquer 150 \u20ac sur un Comfort Plus avec douche privative ? On a fait le tri pour 4 itin\u00e9raires phares (Vienne-Rome, Vienne-Hambourg, Munich-Venise, Vienne-Amsterdam) pour que vous caliez votre <strong>Nightjet \u00e9t\u00e9 2026<\/strong> sans vous tromper.<\/p>\n\n\n\n<h2 class=\"wp-block-heading\">Ce qui change dans le Nightjet cet \u00e9t\u00e9 (et pourquoi \u00e7a compte)<\/h2>\n\n\n\n<p>Petit rappel pour ceux qui ont rat\u00e9 l&#8217;\u00e9pisode pr\u00e9c\u00e9dent. \u00d6BB, la compagnie ferroviaire autrichienne, a command\u00e9 <strong>33 rames Siemens &#8220;Viaggio Next Level&#8221;<\/strong> dont le d\u00e9ploiement progressif s&#8217;\u00e9tale jusqu&#8217;\u00e0 mi-2026, selon Nightjet. La nouveaut\u00e9 qui change tout : la <strong>mini-cabine pod<\/strong>, un cocon individuel de 188 cm sur 63,5 cm avec porte coulissante NFC, prise USB et liseuse. Compte 28 pods par voiture-couchettes, con\u00e7us sp\u00e9cifiquement pour le voyageur solo qui veut dormir sans partager. Si vous voulez voir l&#8217;int\u00e9rieur en d\u00e9tail, on a d\u00e9j\u00e0 d\u00e9cortiqu\u00e9 le format dans notre <a href=\"https:\/\/ulysse.com\/news\/nightjet-mini-cabines-pods-solo-guide-prix\">guide du pod solo Nightjet<\/a>.<\/p>\n\n\n\n<p>Au-dessus du panier, le <strong>Comfort Plus<\/strong> : un compartiment sleeper deux lits avec douche privative et toilettes. Oui, une vraie douche dans un train. C&#8217;est le segment haut de gamme et il n&#8217;y en a qu&#8217;un par rame.<\/p>\n\n\n\n<p>C\u00f4t\u00e9 calendrier de d\u00e9ploiement, voil\u00e0 o\u00f9 on en est : Hambourg-Zurich tourne sur les rames neuves depuis d\u00e9cembre 2025, Vienne-Amsterdam a bascul\u00e9 au 1er semestre 2026, puis Vienne-Zurich, Berlin-Zurich et progressivement Vienne-Rome\/Milan et Munich-Venise dans le courant 2026. Pourquoi c&#8217;est <em>le<\/em> bon \u00e9t\u00e9 pour tester ? Trois raisons : l&#8217;<strong>Eurovision \u00e0 Vienne du 12 au 16 mai<\/strong>, le Kultursommer en juillet-ao\u00fbt, et des vols vers l&#8217;Autriche satur\u00e9s et chers. Le train de nuit redevient l&#8217;option maligne.<\/p>\n\n\n\n<h2 class=\"wp-block-heading\">Pod, couchette ou sleeper : le comparatif honn\u00eate<\/h2>\n\n\n\n<p>C&#8217;est la question que tout le monde se pose. On a mis tout \u00e7a dans un tableau pour que vous puissiez choisir en 30 secondes.<\/p>\n\n\n\n<figure class=\"wp-block-table\"><table class=\"has-fixed-layout\"><thead><tr><th>Cat\u00e9gorie<\/th><th>Espace<\/th><th>Intimit\u00e9<\/th><th>Prix m\u00e9dian observ\u00e9 \u00e9t\u00e9 2026<\/th><th>Pour qui ?<\/th><\/tr><\/thead><tbody><tr><td>Si\u00e8ge<\/td><td>Fauteuil inclinable<\/td><td>Aucune<\/td><td>6-20 \u20ac<\/td><td>Petit budget, courte distance, jeune backpacker<\/td><\/tr><tr><td>Couchette 4 ou 6 lits<\/td><td>Lit superpos\u00e9 partag\u00e9<\/td><td>Faible (compartiment mixte)<\/td><td>25-65 \u20ac<\/td><td>Couple, ami\u00b7e\u00b7s, famille qui r\u00e9serve un compartiment entier<\/td><\/tr><tr><td>Mini-cabine pod<\/td><td>Pod individuel 188 \u00d7 63,5 cm<\/td><td>\u00c9lev\u00e9e (porte NFC)<\/td><td>50-65 \u20ac<\/td><td>Voyageur solo qui veut dormir tranquille sans claquer 150 \u20ac<\/td><\/tr><tr><td>Sleeper standard 2 ou 3 lits<\/td><td>Compartiment priv\u00e9, lavabo<\/td><td>Tr\u00e8s \u00e9lev\u00e9e<\/td><td>65-155 \u20ac<\/td><td>Couple ou trio, premier train de nuit, sommeil garanti<\/td><\/tr><tr><td>Comfort Plus<\/td><td>Compartiment 2 lits + douche + WC<\/td><td>Maximale<\/td><td>150-310 \u20ac<\/td><td>Voyage long courrier (Vienne-Rome 13h), occasion sp\u00e9ciale<\/td><\/tr><\/tbody><\/table><\/figure>\n\n\n\n<p>Pr\u00e9cision importante : ces prix sont <strong>par personne<\/strong>, dynamiques (ils grimpent \u00e0 mesure que la date approche), et les pods partent en premier sur les lignes \u00e9quip\u00e9es de rames neuves. Les tarifs officiels Nightjet vont de 5,50 \u00e0 19,90 \u20ac pour un si\u00e8ge, 24,90 \u00e0 64,90 \u20ac pour une mini-cabine ou une couchette, et 64,90 \u00e0 309,90 \u20ac pour un sleeper.<\/p>\n\n\n\n<p>Notre verdict honn\u00eate : pour un solo, le pod est la meilleure trouvaille de la d\u00e9cennie en train de nuit. Vous payez \u00e0 peine plus qu&#8217;une couchette partag\u00e9e et vous avez votre cocon. Pour un couple ou un trio qui voyage ensemble, la <strong>couchette en compartiment privatis\u00e9<\/strong> reste imbattable rapport qualit\u00e9-prix : vous bloquez les 4 ou 6 places et vous avez l&#8217;intimit\u00e9 d&#8217;un sleeper pour le prix d&#8217;une couchette.<\/p>\n\n\n\n<h2 class=\"wp-block-heading\">4 itin\u00e9raires phares au d\u00e9part de Vienne pour l&#8217;\u00e9t\u00e9 2026<\/h2>\n\n\n\n<p>Quatre lignes, quatre ambiances. Voil\u00e0 ce qu&#8217;il faut savoir avant de cliquer sur &#8220;R\u00e9server&#8221;.<\/p>\n\n\n\n<p><strong>Vienne-Rome<\/strong> (environ 13h, d\u00e9part 19h35, arriv\u00e9e 9h00). C&#8217;est <em>le<\/em> trajet long qui amortit une vraie nuit compl\u00e8te. Vous vous couchez dans la nuit autrichienne, vous vous r\u00e9veillez avec un caf\u00e9 romain. Les rames neuves sont attendues progressivement courant 2026 : v\u00e9rifiez avant de r\u00e9server si votre train est bien \u00e9quip\u00e9. Pod recommand\u00e9 pour solo, Comfort Plus si vous voulez une douche au r\u00e9veil avant d&#8217;attaquer le Colis\u00e9e. Prix m\u00e9dian observ\u00e9 : pod 60 \u20ac, couchette 55 \u20ac, sleeper 2 lits 130 \u20ac.<\/p>\n\n\n\n<p><strong>Vienne-Hambourg<\/strong> (environ 12h, d\u00e9j\u00e0 sur rames neuves). C&#8217;est la ligne phare des nouvelles rames depuis d\u00e9cembre 2025, donc le pod est garanti. Pratique pour rebondir vers toute l&#8217;Allemagne du Nord, voire vers la Scandinavie en ferry. Prix m\u00e9dian : pod 55 \u20ac, couchette 50 \u20ac.<\/p>\n\n\n\n<p><strong>Munich-Venise<\/strong> (environ 11h, alternative italienne). Bascule progressive vers les nouvelles rames courant 2026. Tr\u00e8s pris\u00e9 l&#8217;\u00e9t\u00e9, \u00e0 r\u00e9server <strong>3 mois avant minimum<\/strong> sinon c&#8217;est complet. Prix m\u00e9dian : pod 58 \u20ac, couchette 52 \u20ac, sleeper 110 \u20ac. Petit point d&#8217;attention : la liaison Munich\/Vienne-La Spezia dispara\u00eet du service annuel 2026, donc oubliez les Cinque Terre en direct par cette ligne.<\/p>\n\n\n\n<p><strong>Vienne-Amsterdam<\/strong> (via Cologne, environ 14h). Sur rames neuves depuis le 1er semestre 2026. Le grand axe nord-sud, parfait si vous voulez combiner Eurovision puis escapade aux Pays-Bas dans la foul\u00e9e. Prix m\u00e9dian : pod 65 \u20ac, couchette 60 \u20ac, sleeper 150 \u20ac. Pour pousser plus loin et encha\u00eener trois capitales en deux nuits, on d\u00e9taille la combinaison dans notre <a href=\"https:\/\/ulysse.com\/news\/nightjet-amsterdam-vienne-budapest-guide-2026\">guide Nightjet Amsterdam-Vienne-Budapest<\/a>.<\/p>\n\n\n\n<h2 class=\"wp-block-heading\">Comment r\u00e9server malin pour l&#8217;\u00e9t\u00e9 2026<\/h2>\n\n\n\n<p>Quelques r\u00e8gles simples, applicables en 5 minutes.<\/p>\n\n\n\n<p>L&#8217;ouverture des ventes se fait <strong>180 jours avant le d\u00e9part<\/strong> sur oebb.at. L&#8217;interface est en allemand ou en anglais, le paiement en euros, sans frais cach\u00e9s. Si l&#8217;allemand vous fait peur, <strong>thetrainline.com<\/strong> propose la m\u00eame r\u00e9servation en fran\u00e7ais contre un petit suppl\u00e9ment. Honn\u00eatement, pour un premier voyage \u00e7a vaut le co\u00fbt.<\/p>\n\n\n\n<p>La r\u00e8gle d&#8217;or : les pods partent en premier. Pour un voyage en juin-ao\u00fbt, visez <strong>3 mois \u00e0 l&#8217;avance minimum<\/strong>. Astuce calendrier : Eurovision (12-16 mai) sature compl\u00e8tement Vienne, donc soit vous r\u00e9servez en janvier pour la mi-mai, soit vous d\u00e9calez vers fin mai ou juin pour respirer.<\/p>\n\n\n\n<p>Quelques pi\u00e8ges \u00e0 \u00e9viter avant de cliquer :<\/p>\n\n\n\n<ul class=\"wp-block-list\">\n<li>Ne confondez pas couchette et sleeper, le tarif est multipli\u00e9 par 2 ou 3 selon la cat\u00e9gorie.<\/li>\n<li>V\u00e9rifiez que votre train roule bien en nouvelle g\u00e9n\u00e9ration de rames, sinon pas de pod (le site pr\u00e9cise la composition).<\/li>\n<li>Bagages : pr\u00e9voyez un sac souple, les pods n&#8217;ont pas de soute et l&#8217;espace de rangement est calibr\u00e9 pour une cabine.<\/li>\n<li>V\u00e9lo : d\u00e9montage obligatoire et housse exig\u00e9e, donc pas d&#8217;improvisation de derni\u00e8re minute.<\/li>\n<\/ul>\n\n\n\n<p>Et si Nightjet ne couvre pas votre itin\u00e9raire, jetez un \u0153il \u00e0 la concurrence : la coop\u00e9rative <a href=\"https:\/\/ulysse.com\/news\/european-sleeper-nouvelles-lignes-2026-paris-berlin-amsterdam-milan\">European Sleeper \u00e9largit son r\u00e9seau Paris-Berlin et Amsterdam-Milan<\/a> cet \u00e9t\u00e9, avec des billets d\u00e8s 29,99 \u20ac.<\/p>\n\n\n\n<h2 class=\"wp-block-heading\">Notre verdict : pour qui le Nightjet \u00e9t\u00e9 2026 est la meilleure id\u00e9e de l&#8217;\u00e9t\u00e9<\/h2>\n\n\n\n<p>Trois profils, trois recommandations claires.<\/p>\n\n\n\n<p>Pour le <strong>voyageur solo<\/strong> qui gal\u00e8re avec les vols chers vers Vienne, le pod, sans h\u00e9siter. \u00c0 55-65 \u20ac par nuit, vous \u00e9conomisez l&#8217;h\u00f4tel et le vol, et vous arrivez frais en centre-ville. C&#8217;est la r\u00e9volution discr\u00e8te de cet \u00e9t\u00e9.<\/p>\n\n\n\n<p>Pour le <strong>couple<\/strong> qui veut un mini-roadtrip slow travel, partez sur la couchette en compartiment privatis\u00e9 Vienne-Rome ou un sleeper Vienne-Amsterdam. Le calcul est simple : 110 \u00e0 150 \u20ac pour deux, c&#8217;est le prix d&#8217;une nuit d&#8217;h\u00f4tel correct, et vous gagnez une journ\u00e9e de voyage dans les jambes. Pour prolonger l&#8217;id\u00e9e d&#8217;un itin\u00e9raire 100 % rail, notre <a href=\"https:\/\/ulysse.com\/news\/city-trip-europe-sans-voiture-train-marche-a-pied\">s\u00e9lection de 15 city trips europ\u00e9ens accessibles en train<\/a> donne d&#8217;autres pistes pour combiner Vienne avec Amsterdam, Florence ou Prague.<\/p>\n\n\n\n<p>Pour qui veut <strong>se faire plaisir une fois dans sa vie<\/strong>, c&#8217;est le Comfort Plus sur une longue distance, type Vienne-Rome. Une vraie cabine d&#8217;h\u00f4tel sur rails, douche comprise, pour 250 \u00e0 310 \u20ac. Pas donn\u00e9, mais l&#8217;exp\u00e9rience est unique et largement plus m\u00e9morable qu&#8217;une chambre d&#8217;a\u00e9roport.<\/p>\n\n\n\n<p>Dernier conseil pratique : si vous visez juin-juillet, foncez r\u00e9server maintenant. Sur les lignes \u00e9quip\u00e9es de rames neuves, les pods partent en quelques semaines \u00e0 peine, et vous risquez de vous rabattre sur une couchette partag\u00e9e alors que c&#8217;est pr\u00e9cis\u00e9ment ce nouveau format individuel qui rend le <strong>Nightjet \u00e9t\u00e9 2026<\/strong> si int\u00e9ressant.<\/p>\n","protected":false},"excerpt":{"rendered":"<p>L&#8217;\u00e9t\u00e9 2026 sera celui o\u00f9 le Nightjet redevient vraiment cool. 33 rames Siemens nouvelle g\u00e9n\u00e9ration arrivent par vagues sur les lignes au d\u00e9part de Vienne, et&#8230;<\/p>\n","protected":false},"author":3,"featured_media":49605,"comment_status":"open","ping_status":"","sticky":false,"template":"","format":"standard","meta":{"_acf_changed":false,"_sitemap_exclude":false,"_sitemap_priority":"","_sitemap_frequency":"","footnotes":"","rank_math_title":"Nightjet \u00e9t\u00e9 2026 : pod, couchette ou sleeper ?","rank_math_description":"Pod, couchette ou sleeper Nightjet \u00e9t\u00e9 2026 ? Comparatif chiffr\u00e9 pour 4 itin\u00e9raires au d\u00e9part de Vienne, prix m\u00e9dians et astuces de r\u00e9servation.","rank_math_canonical_url":"","rank_math_focus_keyword":"Nightjet \u00e9t\u00e9 2026"},"categories":[3],"tags":[],"class_list":["post-49604","post","type-post","status-publish","format-standard","has-post-thumbnail","hentry","category-voyage"],"acf":[],"_links":{"self":[{"href":"https:\/\/ulysse.com\/news\/wp-json\/wp\/v2\/posts\/49604","targetHints":{"allow":["GET"]}}],"collection":[{"href":"https:\/\/ulysse.com\/news\/wp-json\/wp\/v2\/posts"}],"about":[{"href":"https:\/\/ulysse.com\/news\/wp-json\/wp\/v2\/types\/post"}],"author":[{"embeddable":true,"href":"https:\/\/ulysse.com\/news\/wp-json\/wp\/v2\/users\/3"}],"replies":[{"embeddable":true,"href":"https:\/\/ulysse.com\/news\/wp-json\/wp\/v2\/comments?post=49604"}],"version-history":[{"count":1,"href":"https:\/\/ulysse.com\/news\/wp-json\/wp\/v2\/posts\/49604\/revisions"}],"predecessor-version":[{"id":49606,"href":"https:\/\/ulysse.com\/news\/wp-json\/wp\/v2\/posts\/49604\/revisions\/49606"}],"wp:featuredmedia":[{"embeddable":true,"href":"https:\/\/ulysse.com\/news\/wp-json\/wp\/v2\/media\/49605"}],"wp:attachment":[{"href":"https:\/\/ulysse.com\/news\/wp-json\/wp\/v2\/media?parent=49604"}],"wp:term":[{"taxonomy":"category","embeddable":true,"href":"https:\/\/ulysse.com\/news\/wp-json\/wp\/v2\/categories?post=49604"},{"taxonomy":"post_tag","embeddable":true,"href":"https:\/\/ulysse.com\/news\/wp-json\/wp\/v2\/tags?post=49604"}],"curies":[{"name":"wp","href":"https:\/\/api.w.org\/{rel}","templated":true}]}}