{"id":49607,"date":"2026-04-29T12:20:00","date_gmt":"2026-04-29T11:20:00","guid":{"rendered":"https:\/\/ulysse.com\/news\/?p=49607"},"modified":"2026-04-27T17:55:08","modified_gmt":"2026-04-27T16:55:08","slug":"vallee-ossau-pyrenees-itineraire-4-jours-mai-juin-2026","status":"publish","type":"post","link":"https:\/\/ulysse.com\/news\/vallee-ossau-pyrenees-itineraire-4-jours-mai-juin-2026","title":{"rendered":"La vall\u00e9e d&#8217;Ossau, l&#8217;alternative aux gorges du Verdon : 4 jours sans voiture en mai-juin"},"content":{"rendered":"\n<p>\u00c0 1 416 m\u00e8tres d&#8217;altitude, le Pic du Midi d&#8217;Ossau se d\u00e9double dans le miroir bleu du lac de Bious-Artigues. Une marmotte siffle quelque part sur l&#8217;estive, un h\u00e9ron passe au ras de l&#8217;eau, et il n&#8217;y a presque personne. Pendant ce temps, \u00e0 700 km de l\u00e0, les gorges du Verdon affichent complet jusqu&#8217;en septembre, parkings satur\u00e9s et navettes payantes.<\/p>\n\n\n\n<p>Voici donc 4 jours en <strong>vall\u00e9e d&#8217;Ossau<\/strong> au c\u0153ur des Pyr\u00e9n\u00e9es b\u00e9arnaises, en mai ou juin 2026, sans voiture, sans r\u00e9servation acrobatique, et sans casser la tirelire : h\u00e9bergements sous <strong>120 \u20ac la nuit<\/strong>, train + cars r\u00e9gionaux pour tout faire, et un itin\u00e9raire qui m\u00eale balades de fond de vall\u00e9e, petit train d&#8217;altitude, et un sommet mythique pour qui veut tout donner.<\/p>\n\n\n\n<h2 class=\"wp-block-heading\">Pourquoi l&#8217;Ossau plut\u00f4t que le Verdon en mai-juin<\/h2>\n\n\n\n<p>Le Verdon en mai-juin, c&#8217;est d\u00e9j\u00e0 l&#8217;avant-go\u00fbt de l&#8217;\u00e9t\u00e9 : files de voitures sur la D952, plages bond\u00e9es au pont du Galetas, navettes ONF payantes pour redescendre des belv\u00e9d\u00e8res. La vall\u00e9e d&#8217;Ossau, dans les Pyr\u00e9n\u00e9es, vit \u00e0 la m\u00eame date un autre rythme. La neige fond sur les sommets, les marmottes ressortent de leurs terriers, les estives reverdissent et les h\u00f4tels affichent encore des disponibilit\u00e9s. Ceux qui ont d\u00e9j\u00e0 cherch\u00e9 <a href=\"https:\/\/ulysse.com\/news\/ils-fuient-le-verdon-cette-gorge-cachee-de-lozere-fait-chavirer-les-amoureux-de-nature-brute\">une alternative c\u00e9venole au Verdon<\/a> reconna\u00eetront le r\u00e9flexe : changer de massif pour retrouver le silence.<\/p>\n\n\n\n<p>C&#8217;est une g\u00e9ographie qui change tout. Une vall\u00e9e glaciaire de 50 km qui remonte du gave de Pau jusqu&#8217;au col du Pourtalet, domin\u00e9e par le <strong>Pic du Midi d&#8217;Ossau<\/strong> (2 884 m), surnomm\u00e9 &#8220;Jean-Pierre&#8221; par les B\u00e9arnais. Climat oc\u00e9anique adouci, temp\u00e9ratures plus cl\u00e9mentes que dans les Alpes \u00e0 altitude \u00e9quivalente, mais nuits fra\u00eeches d\u00e8s qu&#8217;on d\u00e9passe les 1 500 m. Le Pic du Midi d&#8217;Ossau est le plus haut sommet des Pyr\u00e9n\u00e9es-Atlantiques, et le lac de Bious-Artigues, \u00e0 ses pieds, est retenu par un barrage de 50 m mis en service en 1957.<\/p>\n\n\n\n<p>Trois requ\u00eates saisonni\u00e8res chaudes en mai (<strong>alternative au Verdon<\/strong>, <strong>sans voiture<\/strong>, <strong>Pyr\u00e9n\u00e9es<\/strong>) qui se croisent ici, sur une vall\u00e9e que les guides fran\u00e7ais mentionnent \u00e0 peine.<\/p>\n\n\n\n<h2 class=\"wp-block-heading\">Jour 1 \u2014 Pau, porte d&#8217;entr\u00e9e du B\u00e9arn (et du train)<\/h2>\n\n\n\n<p>L&#8217;arriv\u00e9e \u00e0 Pau se fait en TGV direct depuis Paris (environ 5h), en TER depuis Bordeaux (2h) ou via Tarbes depuis Toulouse (3h). Le boulevard des Pyr\u00e9n\u00e9es s&#8217;\u00e9tire sur 1,8 km face \u00e0 la cha\u00eene, un balcon urbain qui d\u00e9voile, par temps clair, les sommets d\u00e9coup\u00e9s \u00e0 l&#8217;horizon. Le ch\u00e2teau d&#8217;Henri IV veille dessus, ocre et rose.<\/p>\n\n\n\n<p>L&#8217;apr\u00e8s-midi vaut bien une halte aux Halles, pour go\u00fbter la garbure (la soupe b\u00e9arnaise au chou et au confit de canard) ou ramener une tranche de jambon noir de Bigorre. Direction ensuite la gare routi\u00e8re, juste \u00e0 c\u00f4t\u00e9 de la SNCF : c&#8217;est ici qu&#8217;on r\u00e9cup\u00e8re ses billets pour les <strong>lignes r\u00e9gionales 524 et 525<\/strong> qui m\u00e8neront jusqu&#8217;au c\u0153ur de la vall\u00e9e. La ligne 524 relie Pau \u00e0 Laruns en passant par Eaux-Bonnes et Gourette. En mai-juin, la fr\u00e9quence reste r\u00e9duite, souvent 1 \u00e0 3 d\u00e9parts par jour, et il faut caler son voyage sur les horaires.<\/p>\n\n\n\n<p>Nuit dans un deux \u00e9toiles centre-ville, autour de 60 \u00e0 90 \u20ac. Demain, on monte.<\/p>\n\n\n\n<h2 class=\"wp-block-heading\">Jour 2 \u2014 Pau, Laruns, lac de Bious-Artigues : la mise en jambes<\/h2>\n\n\n\n<p>Le car r\u00e9gional 524 quitte Pau le matin, traverse la plaine d&#8217;Arudy puis remonte le gave qui se resserre kilom\u00e8tre apr\u00e8s kilom\u00e8tre. En 1h15 \u00e0 1h30, on arrive \u00e0 <strong>Laruns<\/strong>, capitale modeste de la vall\u00e9e, place du village et fronton de pelote. L\u00e0, on attrape la correspondance avec la ligne 525 (qui pousse jusqu&#8217;au col du Pourtalet via Gabas et Artouste) ou, en saison, le <strong>Pic Bus<\/strong>.<\/p>\n\n\n\n<p>Descente \u00e0 Bious-Artigues. Le tour du lac fait 4,5 km, environ 200 m de d\u00e9nivel\u00e9, 1h30 sans forcer. Une boucle accessible \u00e0 toute la famille, les pieds presque dans l&#8217;eau, avec le Pic en toile de fond et, sur les rives, des troupeaux de blondes d&#8217;Aquitaine qui broutent dans une indiff\u00e9rence souveraine. Pour qui veut prolonger, l&#8217;amorce du sentier des <strong>lacs d&#8217;Ayous<\/strong> part de la m\u00eame rive : compter 2h aller jusqu&#8217;au lac Roumassot, 350 m de d\u00e9nivel\u00e9, possible en juin si la neige a lib\u00e9r\u00e9 le sentier. C&#8217;est exactement le profil qu&#8217;on recommande dans notre s\u00e9lection de <a href=\"https:\/\/ulysse.com\/news\/randonnees-faciles-pyrenees-printemps-famille\">randonn\u00e9es faciles dans les Pyr\u00e9n\u00e9es au printemps<\/a>.<\/p>\n\n\n\n<p>Le lac de Bious-Artigues est officiellement accessible du 1er mai au 31 octobre 2026. Le parking, lui, ouvre le 16 mai. Le <strong>Pic Bus<\/strong> dessert Laruns, Gabas, Bious-Oumettes, Artouste et le col du Pourtalet tous les jours en juillet-ao\u00fbt, \u00e0 2,50 \u20ac le trajet : pour mai-juin, mieux vaut v\u00e9rifier la mise en service aupr\u00e8s de transports64.fr ou de l&#8217;office de tourisme. Retour en navette \u00e0 Gabas pour la nuit en g\u00eete de vall\u00e9e.<\/p>\n\n\n\n<h2 class=\"wp-block-heading\">Jour 3 \u2014 Le petit train d&#8217;Artouste, \u00e0 2 000 m d&#8217;altitude<\/h2>\n\n\n\n<p>Au matin, le car 525 ou le Pic Bus monte jusqu&#8217;\u00e0 la station d&#8217;Artouste. T\u00e9l\u00e9ph\u00e9rique de la <strong>Sagette<\/strong> d&#8217;abord, dix minutes suspendus au-dessus des sapins, et la vall\u00e9e bascule. Puis embarquement \u00e0 bord du <strong>petit train d&#8217;Artouste<\/strong>, l&#8217;un des plus hauts trains touristiques d&#8217;Europe, qui longe la montagne \u00e0 pr\u00e8s de 2 000 m sur 10 km, jusqu&#8217;au lac d&#8217;Artouste. Wagonnets ouverts, voie \u00e9troite, regards plongeants sur les cirques glaciaires : on roule \u00e0 6 km\/h dans une carte postale.<\/p>\n\n\n\n<p>La saison 2026 court du <strong>8 mai au 4 octobre<\/strong>, avec des d\u00e9parts toutes les 30 minutes entre 9h et 17h. Compter 2h aller-retour avec la balade au lac. Sur place, un sentier facile fait le tour du plan d&#8217;eau ; pour les marcheurs aguerris, le refuge d&#8217;Arr\u00e9moulit s&#8217;atteint en 2h30 suppl\u00e9mentaires (et c&#8217;est une autre histoire, plus engag\u00e9e). La r\u00e9servation en ligne sur artouste.fr est conseill\u00e9e, surtout en juin quand les groupes scolaires arrivent.<\/p>\n\n\n\n<p>Soir\u00e9e retour \u00e0 Gabas ou Laruns, d\u00eener garbure et truite des gaves dans une auberge o\u00f9 la patronne conna\u00eet le pr\u00e9nom de tous les guides du coin.<\/p>\n\n\n\n<h2 class=\"wp-block-heading\">Jour 4 \u2014 Le Pic du Midi d&#8217;Ossau, pour celles et ceux qui veulent tout donner<\/h2>\n\n\n\n<p>Avertissement franc, pos\u00e9 d&#8217;entr\u00e9e : ce n&#8217;est PAS une randonn\u00e9e. C&#8217;est une course d&#8217;alpinisme niveau <strong>AD<\/strong> (Assez Difficile). Trois chemin\u00e9es rocheuses \u00e0 passer, des sections \u00e0 mains, 1 400 m de d\u00e9nivel\u00e9, 8 \u00e0 10h aller-retour. \u00c0 tenter avec un guide si on n&#8217;a pas l&#8217;exp\u00e9rience de la haute montagne.<\/p>\n\n\n\n<p>En mai-juin, neige r\u00e9siduelle dans les passages d&#8217;altitude, m\u00e9t\u00e9o plus humide en mai et plus stable en juin. \u00c9quipement complet indispensable, crampons l\u00e9gers parfois utiles selon les ann\u00e9es. L&#8217;itin\u00e9raire classique part du parking de Bious-Artigues, monte au col Long de Magnabaigt, puis au col de Suzon avant d&#8217;attaquer la voie normale par les chemin\u00e9es.<\/p>\n\n\n\n<p><strong>Alternative douce pour le m\u00eame jour<\/strong> : la boucle au lac de Pombie depuis Bious-Artigues, 4 \u00e0 5h, 700 m de d\u00e9nivel\u00e9, sans alpinisme, et l&#8217;un des plus beaux miroirs de la vall\u00e9e, juste sous la face est du Pic. Ou encore le tour complet du Pic \u00e0 pied, sur deux jours, par les refuges de Pombie et d&#8217;Ayous, une boucle de carte postale qui ne demande qu&#8217;un bon mollet.<\/p>\n\n\n\n<p>Pour qui choisit l&#8217;option douce, retour Laruns puis Pau en fin de journ\u00e9e. Pour le sommet, pr\u00e9voir une nuit suppl\u00e9mentaire \u00e0 Gabas et redescendre le jour 5. La saison optimale pour le Pic reste juillet-septembre : mai-juin, c&#8217;est la fen\u00eatre alpine, \u00e0 r\u00e9server aux pratiquants confirm\u00e9s ou encadr\u00e9s par le <strong>Bureau des guides du B\u00e9arn<\/strong>, bas\u00e9 \u00e0 Laruns.<\/p>\n\n\n\n<h2 class=\"wp-block-heading\">O\u00f9 dormir sous 120 \u20ac la nuit (Laruns, Gabas, Eaux-Bonnes)<\/h2>\n\n\n\n<figure class=\"wp-block-table\"><table class=\"has-fixed-layout\"><thead><tr><th>\u00c9tape<\/th><th>H\u00e9bergement<\/th><th>Type<\/th><th>Tarif indicatif<\/th><th>Pourquoi le choisir<\/th><\/tr><\/thead><tbody><tr><td>Pau J1<\/td><td>H\u00f4tel central 2 \u00e9toiles<\/td><td>H\u00f4tel<\/td><td>60-90 \u20ac<\/td><td>Pr\u00e8s de la gare, parfait pour repartir t\u00f4t<\/td><\/tr><tr><td>Laruns\/Gabas J2-J3<\/td><td>Auberge La Caverne (Laruns)<\/td><td>Auberge<\/td><td>15 \u20ac en dortoir, ~70 \u20ac en chambre priv\u00e9e<\/td><td>Mythique, repas du soir \u00e0 la fortune du pot<\/td><\/tr><tr><td>Gabas J3<\/td><td>Ensemble Gabas<\/td><td>G\u00eete autonome<\/td><td>12 \u20ac\/nuit\/personne en gestion libre + adh\u00e9sion<\/td><td>Id\u00e9al pour un groupe, au pied des sentiers<\/td><\/tr><tr><td>Laruns J4<\/td><td>H\u00f4tel-restaurant Pyr\u00e9n\u00e9es 2 \u00e9toiles<\/td><td>H\u00f4tel<\/td><td>80-110 \u20ac<\/td><td>Pour une vraie nuit avant l&#8217;ascension<\/td><\/tr><\/tbody><\/table><\/figure>\n\n\n\n<p>Les <strong>refuges d&#8217;altitude<\/strong> (Pombie, Ayous, Arr\u00e9moulit) tournent autour de 50 \u00e0 65 \u20ac en demi-pension, avec r\u00e9servation obligatoire d\u00e8s avril. \u00c0 Laruns, l&#8217;Auberge La Caverne reste la m\u00e9moire vive de la vall\u00e9e : cuisine sans carte, longue table en bois, conversations qui se m\u00ealent jusque tard. \u00c0 Gabas, hameau accroch\u00e9 au flanc de la vall\u00e9e, on dort \u00e0 1 027 m d&#8217;altitude au pied des sentiers. Ceux qui veulent prolonger l&#8217;exp\u00e9rience b\u00e9arnaise peuvent encha\u00eener avec d&#8217;autres <a href=\"https:\/\/ulysse.com\/news\/montagnes-des-pyrenees-3-villages-exceptionnels\">villages d&#8217;exception des Pyr\u00e9n\u00e9es<\/a> c\u00f4t\u00e9 Aspe ou Bar\u00e9tous.<\/p>\n\n\n\n<h2 class=\"wp-block-heading\">Comment s&#8217;y rendre sans voiture (et combien \u00e7a co\u00fbte)<\/h2>\n\n\n\n<p>Le <strong>TGV direct Paris-Pau<\/strong> met environ 5h, pour 70 \u00e0 130 \u20ac en r\u00e9servant 2 \u00e0 3 semaines \u00e0 l&#8217;avance. Depuis <strong>Bordeaux<\/strong>, c&#8217;est 2h de TER pour environ 30 \u20ac. Depuis <strong>Toulouse<\/strong>, compter 2h30 \u00e0 3h via Tarbes pour 35 \u20ac en TER ou TGV. Depuis <strong>Lyon<\/strong>, le trajet passe par Bordeaux ou Toulouse et tourne autour de 7h pour 90 \u00e0 150 \u20ac. Pour celles et ceux qui veulent encha\u00eener d&#8217;autres escapades en train, on a aussi recens\u00e9 <a href=\"https:\/\/ulysse.com\/news\/avril-france-10-destinations-printanieres-sans-foule\">10 destinations printani\u00e8res en France sans foule<\/a>.<\/p>\n\n\n\n<p>Une fois \u00e0 Pau, tout se fait avec les <strong>lignes r\u00e9gionales 524 (Pau \u2194 Laruns\/Gourette) et 525 (Laruns \u2194 Artouste \/ col du Pourtalet)<\/strong>, autour de 2 \u20ac le trajet, et le <strong>Pic Bus<\/strong> en saison estivale (juillet-ao\u00fbt principalement, \u00e0 confirmer en mai-juin aupr\u00e8s de transports.nouvelle-aquitaine.fr). Les fiches horaires changent en septembre, donc planifier ses correspondances \u00e0 l&#8217;avance \u00e9vite les heures perdues \u00e0 l&#8217;arr\u00eat de bus.<\/p>\n\n\n\n<h2 class=\"wp-block-heading\">Le bon cr\u00e9neau, la bonne m\u00e9t\u00e9o, les bons r\u00e9flexes<\/h2>\n\n\n\n<p><strong>Mai<\/strong> : sentiers de fond de vall\u00e9e et tour de lac sont OK, mais les hauteurs (au-dessus de 2 000 m) restent souvent enneig\u00e9es. On privil\u00e9gie Bious-Artigues, le train d&#8217;Artouste, les balades autour de Laruns et les Eaux-Bonnes. <strong>Juin<\/strong> : les plages neigeuses reculent, les lacs d&#8217;Ayous deviennent accessibles, les refuges ouvrent (Ayous d\u00e9but juin, Pombie mi-juin). C&#8217;est la fen\u00eatre id\u00e9ale.<\/p>\n\n\n\n<p>C\u00f4t\u00e9 m\u00e9t\u00e9o, pluviom\u00e9trie marqu\u00e9e en mai, plus stable en juin. Toujours regarder M\u00e9t\u00e9o France montagne 48h avant de monter. C\u00f4t\u00e9 sac, chaussures de rando montantes, coupe-vent, polaire, gourde, casquette ET bonnet (oui, les deux), cr\u00e8me solaire indice 50, b\u00e2tons. R\u00e9flexes locaux : carnet de marmottes plut\u00f4t que selfie au drone (interdit dans le parc national), et tout redescendre dans le sac, d\u00e9chets compris. Les sentiers d&#8217;Ossau sont fragiles, et la vall\u00e9e doit beaucoup \u00e0 ses b\u00e9n\u00e9voles.<\/p>\n\n\n\n<h2 class=\"wp-block-heading\">Ce qu&#8217;il vous reste \u00e0 savoir avant de r\u00e9server<\/h2>\n\n\n\n<p>Bilan d&#8217;un s\u00e9jour : 4 jours, 1 train + 2 bus r\u00e9gionaux + 1 train de montagne, 3 randos progressives, environ <strong>350 \u00e0 450 \u20ac par personne<\/strong> tout compris (transport, h\u00e9bergement, repas) en mai-juin. Pour un week-end nature \u00e0 cette saison, c&#8217;est l&#8217;un des meilleurs rapports \u00e9motion-budget du grand Sud-Ouest.<\/p>\n\n\n\n<p>Et si la formule fonctionne, c&#8217;est parce que la vall\u00e9e d&#8217;Ossau est l&#8217;une des derni\u00e8res vall\u00e9es pyr\u00e9n\u00e9ennes o\u00f9 l&#8217;on combine accessibilit\u00e9 train-bus, h\u00e9bergements abordables et solitude de haute montagne, sans avoir besoin de tirer au sort un permis comme aux Calanques ou de r\u00e9server six mois \u00e0 l&#8217;avance comme dans les parcs alpins. Une vall\u00e9e discr\u00e8te, encore famili\u00e8re de ses habitants, qui ouvre ses portes au moment pr\u00e9cis o\u00f9 le reste du Sud commence \u00e0 fermer les siennes faute de place.<\/p>\n\n\n\n<p>Le Pic, lui, attendra. Il n&#8217;est pas press\u00e9. Il est l\u00e0 depuis quarante millions d&#8217;ann\u00e9es.<\/p>\n","protected":false},"excerpt":{"rendered":"<p>\u00c0 1 416 m\u00e8tres d&#8217;altitude, le Pic du Midi d&#8217;Ossau se d\u00e9double dans le miroir bleu du lac de Bious-Artigues. Une marmotte siffle quelque part sur l&#8217;estive, un&#8230;<\/p>\n","protected":false},"author":3,"featured_media":49608,"comment_status":"open","ping_status":"","sticky":false,"template":"","format":"standard","meta":{"_acf_changed":false,"_sitemap_exclude":false,"_sitemap_priority":"","_sitemap_frequency":"","footnotes":"","rank_math_title":"Vall\u00e9e Ossau Pyr\u00e9n\u00e9es : 4 jours sans voiture mai-juin 2026","rank_math_description":"Vall\u00e9e d'Ossau en mai-juin 2026 : itin\u00e9raire 4 jours sans voiture, h\u00e9bergements sous 120 \u20ac, randos et petit train d'Artouste. L'alternative au Verdon.","rank_math_canonical_url":"","rank_math_focus_keyword":"vall\u00e9e Ossau Pyr\u00e9n\u00e9es"},"categories":[3],"tags":[],"class_list":["post-49607","post","type-post","status-publish","format-standard","has-post-thumbnail","hentry","category-voyage"],"acf":[],"_links":{"self":[{"href":"https:\/\/ulysse.com\/news\/wp-json\/wp\/v2\/posts\/49607","targetHints":{"allow":["GET"]}}],"collection":[{"href":"https:\/\/ulysse.com\/news\/wp-json\/wp\/v2\/posts"}],"about":[{"href":"https:\/\/ulysse.com\/news\/wp-json\/wp\/v2\/types\/post"}],"author":[{"embeddable":true,"href":"https:\/\/ulysse.com\/news\/wp-json\/wp\/v2\/users\/3"}],"replies":[{"embeddable":true,"href":"https:\/\/ulysse.com\/news\/wp-json\/wp\/v2\/comments?post=49607"}],"version-history":[{"count":1,"href":"https:\/\/ulysse.com\/news\/wp-json\/wp\/v2\/posts\/49607\/revisions"}],"predecessor-version":[{"id":49609,"href":"https:\/\/ulysse.com\/news\/wp-json\/wp\/v2\/posts\/49607\/revisions\/49609"}],"wp:featuredmedia":[{"embeddable":true,"href":"https:\/\/ulysse.com\/news\/wp-json\/wp\/v2\/media\/49608"}],"wp:attachment":[{"href":"https:\/\/ulysse.com\/news\/wp-json\/wp\/v2\/media?parent=49607"}],"wp:term":[{"taxonomy":"category","embeddable":true,"href":"https:\/\/ulysse.com\/news\/wp-json\/wp\/v2\/categories?post=49607"},{"taxonomy":"post_tag","embeddable":true,"href":"https:\/\/ulysse.com\/news\/wp-json\/wp\/v2\/tags?post=49607"}],"curies":[{"name":"wp","href":"https:\/\/api.w.org\/{rel}","templated":true}]}}