{"id":49610,"date":"2026-04-29T16:22:00","date_gmt":"2026-04-29T15:22:00","guid":{"rendered":"https:\/\/ulysse.com\/news\/?p=49610"},"modified":"2026-04-27T22:10:30","modified_gmt":"2026-04-27T21:10:30","slug":"air-antilles-liquidation-judiciaire-cessation-activite-2026","status":"publish","type":"post","link":"https:\/\/ulysse.com\/news\/air-antilles-liquidation-judiciaire-cessation-activite-2026","title":{"rendered":"Air Antilles liquid\u00e9e le 27 avril : 116 salari\u00e9s \u00e0 terre, ce que doivent faire les passagers"},"content":{"rendered":"\n<p>Le tribunal mixte de commerce de Pointe-\u00e0-Pitre a prononc\u00e9 ce lundi 27 avril 2026 la <strong>liquidation judiciaire d&#8217;Air Antilles<\/strong> avec cessation imm\u00e9diate d&#8217;activit\u00e9. La compagnie qui assurait l&#8217;essentiel des liaisons inter-\u00eeles dans la Cara\u00efbe fran\u00e7aise dispara\u00eet, laissant <strong>116 salari\u00e9s<\/strong> sans emploi et des milliers de passagers d\u00e9tenteurs de billets sans solution imm\u00e9diate. D\u00e9cryptage de la d\u00e9cision, des raisons de l&#8217;\u00e9chec de la reprise, et de ce qu&#8217;il faut faire d\u00e8s maintenant pour r\u00e9cup\u00e9rer son argent ou rejoindre les Antilles autrement.<\/p>\n\n\n\n<h2 class=\"wp-block-heading\">Liquidation judiciaire d&#8217;Air Antilles : ce que le tribunal a d\u00e9cid\u00e9 ce 27 avril<\/h2>\n\n\n\n<p>Le tribunal mixte de commerce de Pointe-\u00e0-Pitre a converti en liquidation judiciaire la proc\u00e9dure de redressement ouverte le 2 f\u00e9vrier 2026. Cessation imm\u00e9diate d&#8217;activit\u00e9, plus aucun vol op\u00e9r\u00e9 sous code Air Antilles \u00e0 compter de ce lundi. Le passif d\u00e9clar\u00e9 est estim\u00e9 \u00e0 plus de <strong>56 millions d&#8217;euros<\/strong>, selon les documents transmis aux juges.<\/p>\n\n\n\n<p>Aucune des offres de reprise d\u00e9pos\u00e9es n&#8217;a \u00e9t\u00e9 jug\u00e9e cr\u00e9dible. La principale candidature, baptis\u00e9e &#8220;<strong>Air Kalinago<\/strong>&#8221; et <a href=\"https:\/\/ulysse.com\/news\/air-antilles-repreneur-sainte-luce-reprise-2026\">port\u00e9e par le m\u00e9decin-pilote guadeloup\u00e9en Pierre Sainte-Luce<\/a>, pr\u00e9voyait 6 millions d&#8217;euros de capital social et 10 millions d&#8217;euros annonc\u00e9s en f\u00e9vrier. Elle ne sauvait que <strong>14 \u00e0 20 emplois sur 116<\/strong> et se heurtait, selon le tribunal, \u00e0 des &#8220;obstacles financiers et juridiques insurmontables&#8221;. Le second projet, port\u00e9 par Guyane Express Fly, a \u00e9t\u00e9 \u00e9cart\u00e9 pour &#8220;insuffisance industrielle&#8221;. D&#8217;autres candidats se sont retir\u00e9s en cours de proc\u00e9dure.<\/p>\n\n\n\n<p>Air Antilles transportait <strong>121 000 passagers en 2025<\/strong> entre la Guadeloupe, la Martinique, Saint-Martin, Saint-Barth\u00e9lemy et la D\u00e9sirade. La compagnie \u00e9tait d\u00e9tenue majoritairement par la collectivit\u00e9 de Saint-Martin.<\/p>\n\n\n\n<h2 class=\"wp-block-heading\">Pourquoi la compagnie n&#8217;a pas \u00e9t\u00e9 sauv\u00e9e<\/h2>\n\n\n\n<p>L&#8217;histoire judiciaire s&#8217;est jou\u00e9e sur quatre mois. <a href=\"https:\/\/ulysse.com\/news\/air-antilles-cessation-paiement-remboursement-2026\">Cessation de paiement d\u00e9clar\u00e9e en janvier 2026<\/a>, <a href=\"https:\/\/ulysse.com\/news\/air-antilles-redressement-judiciaire-6-mois-survie\">redressement judiciaire prononc\u00e9 le 2 f\u00e9vrier 2026<\/a> avec une p\u00e9riode d&#8217;observation th\u00e9orique de six mois, d\u00e9p\u00f4t de l&#8217;offre Sainte-Luce le 22 f\u00e9vrier. L&#8217;audience d&#8217;examen des offres, initialement programm\u00e9e plus t\u00f4t, a \u00e9t\u00e9 renvoy\u00e9e au 23 puis au 27 avril. Un calendrier qui traduit l&#8217;h\u00e9sitation des juges face \u00e0 des plans jug\u00e9s fragiles.<\/p>\n\n\n\n<p>En toile de fond, un coup d&#8217;arr\u00eat op\u00e9rationnel. Le <strong>8 d\u00e9cembre 2025<\/strong>, la DGAC avait suspendu le certificat de transporteur a\u00e9rien d&#8217;Air Antilles pour &#8220;manquements significatifs en mati\u00e8re de s\u00e9curit\u00e9&#8221;. La flotte \u00e9tait clou\u00e9e au sol depuis quatre mois et demi au moment de la d\u00e9cision. Pendant cette p\u00e9riode, aucun chiffre d&#8217;affaires, des charges fixes inchang\u00e9es, et une client\u00e8le qui s&#8217;est report\u00e9e sur les concurrents.<\/p>\n\n\n\n<p>Malgr\u00e9 l&#8217;actionnariat majoritaire de la collectivit\u00e9 de Saint-Martin, aucun plan de continuation cr\u00e9dible n&#8217;a pu \u00eatre pr\u00e9sent\u00e9. Les engagements financiers n\u00e9cessaires \u00e0 la remise en exploitation, \u00e0 la formation des \u00e9quipes et au remboursement partiel du passif d\u00e9passaient les capacit\u00e9s des repreneurs d\u00e9clar\u00e9s.<\/p>\n\n\n\n<h2 class=\"wp-block-heading\">D\u00e9tenteurs de billets : les 5 recours \u00e0 activer maintenant<\/h2>\n\n\n\n<p>La m\u00e9thode d\u00e9pend du canal de r\u00e9servation et du moyen de paiement utilis\u00e9. Les passagers passent en dernier rang dans la hi\u00e9rarchie des cr\u00e9anciers, apr\u00e8s salari\u00e9s, banques et fournisseurs : la priorit\u00e9 est donc d&#8217;activer les autres recours d&#8217;abord.<\/p>\n\n\n\n<figure class=\"wp-block-table\"><table class=\"has-fixed-layout\"><thead><tr><th>\u00c9tape<\/th><th>Situation<\/th><th>Action<\/th><\/tr><\/thead><tbody><tr><td>1<\/td><td>Billet achet\u00e9 en agence ou forfait vol+h\u00f4tel<\/td><td>Se retourner vers l&#8217;agence ou le voyagiste, responsable de ses prestataires<\/td><\/tr><tr><td>2<\/td><td>Billet pay\u00e9 en carte bancaire r\u00e9cemment<\/td><td>Demander un <em>chargeback<\/em> (r\u00e9trofacturation) \u00e0 sa banque sans attendre<\/td><\/tr><tr><td>3<\/td><td>Carte premium ou assurance voyage<\/td><td>V\u00e9rifier la clause &#8220;d\u00e9faillance d&#8217;un transporteur&#8221; (Visa Premier, Gold Mastercard, contrats annulation)<\/td><\/tr><tr><td>4<\/td><td>Aucune des solutions ci-dessus<\/td><td>D\u00e9clarer sa cr\u00e9ance aupr\u00e8s du liquidateur<\/td><\/tr><tr><td>5<\/td><td>Rachat d&#8217;un billet sur une autre compagnie<\/td><td>Conserver les justificatifs et les ajouter \u00e0 la d\u00e9claration de cr\u00e9ance comme pr\u00e9judice compl\u00e9mentaire<\/td><\/tr><\/tbody><\/table><\/figure>\n\n\n\n<p>Le liquidateur judiciaire d\u00e9sign\u00e9 est <strong>Ma\u00eetre Denis Gasnier (SCP BTSG, Neuilly-sur-Seine)<\/strong>, joignable \u00e0 l&#8217;adresse caire@btsg.eu. Le d\u00e9lai l\u00e9gal de d\u00e9claration de cr\u00e9ance est de <strong>deux mois \u00e0 compter de la publication du jugement au BODACC<\/strong>. Pass\u00e9 ce d\u00e9lai, la cr\u00e9ance est forclose.<\/p>\n\n\n\n<p>Les chances de r\u00e9cup\u00e9ration par la voie de la d\u00e9claration de cr\u00e9ance restent faibles compte tenu du passif (56 M\u20ac) et de la priorit\u00e9 l\u00e9gale donn\u00e9e aux salari\u00e9s et aux cr\u00e9anciers privil\u00e9gi\u00e9s. Le <em>chargeback<\/em> bancaire reste la voie la plus rapide pour les achats r\u00e9cents en carte.<\/p>\n\n\n\n<h2 class=\"wp-block-heading\">Quelles compagnies pour rejoindre Guadeloupe, Martinique, Saint-Martin et Saint-Barth<\/h2>\n\n\n\n<p>L&#8217;offre inter-\u00eeles se r\u00e9duit drastiquement. Voici les op\u00e9rateurs qui restent en lice, avec leurs principales liaisons.<\/p>\n\n\n\n<figure class=\"wp-block-table\"><table class=\"has-fixed-layout\"><thead><tr><th>Compagnie<\/th><th>Liaisons inter-\u00eeles<\/th><th>Tarif indicatif<\/th><\/tr><\/thead><tbody><tr><td>Air Cara\u00efbes<\/td><td>Pointe-\u00e0-Pitre \u2194 Saint-Martin (jusqu&#8217;\u00e0 4 rotations\/jour), Pointe-\u00e0-Pitre \u2194 Fort-de-France<\/td><td>\u00c0 partir de 127 \u20ac l&#8217;aller simple PTP-FDF<\/td><\/tr><tr><td>Corsair (via partenariat Air Inter \u00celes)<\/td><td>Saint-Barth\u00e9lemy, Marie-Galante depuis Pointe-\u00e0-Pitre<\/td><td>Selon partenariat<\/td><\/tr><tr><td>Air France<\/td><td>Paris \u2194 Pointe-\u00e0-Pitre, Paris \u2194 Fort-de-France (renforts hiver 2025-2026 maintenus)<\/td><td>Pas d&#8217;offre inter-\u00eeles<\/td><\/tr><tr><td>Saint-Barth Commuter, Air Inter \u00celes, St Barth Executive<\/td><td>Saint-Barth\u00e9lemy, la D\u00e9sirade (capacit\u00e9s limit\u00e9es)<\/td><td>Variable<\/td><\/tr><\/tbody><\/table><\/figure>\n\n\n\n<p><a href=\"https:\/\/ulysse.com\/news\/air-caraibes-destination-au-depart-de-paris\"><strong>Air Cara\u00efbes<\/strong><\/a> est d\u00e9sormais la seule compagnie \u00e0 conserver un r\u00e9seau inter-\u00eeles structur\u00e9, avec jusqu&#8217;\u00e0 quatre rotations quotidiennes entre Pointe-\u00e0-Pitre et Saint-Martin. Le risque, \u00e0 tr\u00e8s court terme : tension tarifaire faute de concurrence, files d&#8217;attente \u00e0 l&#8217;enregistrement, et taux de remplissage satur\u00e9 sur les rotations Air Cara\u00efbes dans les semaines qui viennent. Les petits op\u00e9rateurs locaux (Saint-Barth Commuter, Air Inter \u00celes, St Barth Executive) absorbent une partie du trafic vers Saint-Barth et la D\u00e9sirade, mais leurs capacit\u00e9s en si\u00e8ges restent limit\u00e9es.<\/p>\n\n\n\n<h2 class=\"wp-block-heading\">116 salari\u00e9s \u00e0 terre et un risque de rupture de continuit\u00e9 territoriale<\/h2>\n\n\n\n<p>La liquidation supprime <strong>116 emplois directs<\/strong> : pilotes, personnels au sol, techniciens bas\u00e9s \u00e0 Pointe-\u00e0-Pitre, Fort-de-France et Saint-Martin. Plusieurs \u00e9lus locaux ont alert\u00e9 sur le risque de &#8220;rupture de continuit\u00e9 territoriale&#8221; pour des liaisons jug\u00e9es peu rentables et peu attractives pour les op\u00e9rateurs priv\u00e9s.<\/p>\n\n\n\n<p>La collectivit\u00e9 de Saint-Martin, actionnaire majoritaire, devra assumer une partie du contentieux et plaider aupr\u00e8s de l&#8217;\u00c9tat pour des solutions de remplacement. Le sc\u00e9nario d&#8217;un appel d&#8217;offres public assorti d&#8217;une <strong>obligation de service public (OSP)<\/strong> sur les lignes essentielles est ouvert. Le pr\u00e9c\u00e9dent existe pour la desserte a\u00e9rienne corse et pour plusieurs liaisons d&#8217;Outre-mer o\u00f9 un transporteur unique op\u00e8re contre compensation publique.<\/p>\n\n\n\n<h2 class=\"wp-block-heading\">Et maintenant : ce qu&#8217;il faut surveiller dans les semaines qui viennent<\/h2>\n\n\n\n<p>Plusieurs jalons concrets vont rythmer la suite du dossier.<\/p>\n\n\n\n<ul class=\"wp-block-list\">\n<li><strong>Publication du jugement au BODACC<\/strong> : d\u00e9clenche le d\u00e9lai de deux mois pour les d\u00e9clarations de cr\u00e9ance des passagers et des fournisseurs.<\/li>\n<li><strong>Position de l&#8217;\u00c9tat et des collectivit\u00e9s<\/strong> : \u00e9ventuelle aide d&#8217;urgence aux 116 salari\u00e9s, ouverture d&#8217;une proc\u00e9dure d&#8217;OSP sur les lignes Guadeloupe-Martinique-Saint-Martin.<\/li>\n<li><strong>Strat\u00e9gie d&#8217;Air Cara\u00efbes<\/strong> : ouverture de fr\u00e9quences suppl\u00e9mentaires ou nouvelles bases pour absorber le trafic orphelin avant la haute saison touristique.<\/li>\n<li><strong>Liquidation des actifs<\/strong> : slots a\u00e9roportuaires, marque commerciale, cr\u00e9neaux d&#8217;atterrissage. Une reprise partielle reste possible mais peu probable selon les sources judiciaires.<\/li>\n<\/ul>\n\n\n\n<p>La compagnie qui transportait 121 000 passagers en 2025 n&#8217;existe plus. L&#8217;\u00e9cosyst\u00e8me a\u00e9rien carib\u00e9en s&#8217;organise d\u00e9sormais sans elle, et les voyageurs comme les \u00e9lus locaux attendent d\u00e9sormais la r\u00e9action de l&#8217;\u00c9tat sur la continuit\u00e9 territoriale.<\/p>\n","protected":false},"excerpt":{"rendered":"<p>Le tribunal mixte de commerce de Pointe-\u00e0-Pitre a prononc\u00e9 ce lundi 27 avril 2026 la liquidation judiciaire d&#8217;Air Antilles avec cessation imm\u00e9diate d&#8217;activit&#8230;<\/p>\n","protected":false},"author":4,"featured_media":49611,"comment_status":"open","ping_status":"","sticky":false,"template":"","format":"standard","meta":{"_acf_changed":false,"_sitemap_exclude":false,"_sitemap_priority":"","_sitemap_frequency":"","footnotes":"","rank_math_title":"Air Antilles liquidation judiciaire : 116 salari\u00e9s \u00e0 terre","rank_math_description":"Le tribunal de Pointe-\u00e0-Pitre a prononc\u00e9 la liquidation d'Air Antilles ce 27 avril 2026. 116 salari\u00e9s \u00e0 terre, comment se faire rembourser.","rank_math_canonical_url":"","rank_math_focus_keyword":"Air Antilles liquidation judiciaire"},"categories":[46],"tags":[],"class_list":["post-49610","post","type-post","status-publish","format-standard","has-post-thumbnail","hentry","category-avion"],"acf":[],"_links":{"self":[{"href":"https:\/\/ulysse.com\/news\/wp-json\/wp\/v2\/posts\/49610","targetHints":{"allow":["GET"]}}],"collection":[{"href":"https:\/\/ulysse.com\/news\/wp-json\/wp\/v2\/posts"}],"about":[{"href":"https:\/\/ulysse.com\/news\/wp-json\/wp\/v2\/types\/post"}],"author":[{"embeddable":true,"href":"https:\/\/ulysse.com\/news\/wp-json\/wp\/v2\/users\/4"}],"replies":[{"embeddable":true,"href":"https:\/\/ulysse.com\/news\/wp-json\/wp\/v2\/comments?post=49610"}],"version-history":[{"count":1,"href":"https:\/\/ulysse.com\/news\/wp-json\/wp\/v2\/posts\/49610\/revisions"}],"predecessor-version":[{"id":49612,"href":"https:\/\/ulysse.com\/news\/wp-json\/wp\/v2\/posts\/49610\/revisions\/49612"}],"wp:featuredmedia":[{"embeddable":true,"href":"https:\/\/ulysse.com\/news\/wp-json\/wp\/v2\/media\/49611"}],"wp:attachment":[{"href":"https:\/\/ulysse.com\/news\/wp-json\/wp\/v2\/media?parent=49610"}],"wp:term":[{"taxonomy":"category","embeddable":true,"href":"https:\/\/ulysse.com\/news\/wp-json\/wp\/v2\/categories?post=49610"},{"taxonomy":"post_tag","embeddable":true,"href":"https:\/\/ulysse.com\/news\/wp-json\/wp\/v2\/tags?post=49610"}],"curies":[{"name":"wp","href":"https:\/\/api.w.org\/{rel}","templated":true}]}}