{"id":49613,"date":"2026-04-29T22:48:00","date_gmt":"2026-04-29T21:48:00","guid":{"rendered":"https:\/\/ulysse.com\/news\/?p=49613"},"modified":"2026-04-29T15:07:27","modified_gmt":"2026-04-29T14:07:27","slug":"easyjet-nantes-strasbourg-ligne-saisoniere-2026","status":"publish","type":"post","link":"https:\/\/ulysse.com\/news\/easyjet-nantes-strasbourg-ligne-saisoniere-2026","title":{"rendered":"easyJet ouvre Nantes-Strasbourg du 17 avril au 31 mai 2026 : 6 semaines, 2 vols par semaine, 40 \u20ac"},"content":{"rendered":"\n<p>Lanc\u00e9e le 17 avril 2026, la nouvelle liaison <strong>easyJet Nantes-Strasbourg<\/strong> s&#8217;arr\u00eatera le 31 mai. Six semaines, deux vols par semaine, et puis plus rien. Une ligne a\u00e9rienne aussi courte est suffisamment rare pour qu&#8217;on s&#8217;y attarde, d&#8217;autant qu&#8217;elle comble, le temps d&#8217;un printemps, un angle mort connu du transport fran\u00e7ais : l&#8217;absence de liaison directe entre l&#8217;Ouest et l&#8217;Alsace.<\/p>\n\n\n\n<h2 class=\"wp-block-heading\">Une ligne calibr\u00e9e sur la fermeture de B\u00e2le-Mulhouse<\/h2>\n\n\n\n<p>La ligne <strong>easyjet Nantes Strasbourg 2026<\/strong> n&#8217;est pas un coup d&#8217;essai commercial. Elle d\u00e9coule directement de la <a href=\"https:\/\/ulysse.com\/news\/euroairport-bale-mulhouse-fermeture-piste-2026\">fermeture programm\u00e9e de la piste principale d&#8217;EuroAirport B\u00e2le-Mulhouse<\/a>, \u00e0 l&#8217;arr\u00eat du 15 avril au 20 mai 2026 pour 35 jours de r\u00e9novation. Pendant cette fen\u00eatre, easyJet est la seule compagnie \u00e0 maintenir des op\u00e9rations sur l&#8217;a\u00e9roport b\u00e2lois, l\u00e0 o\u00f9 Ryanair, Lufthansa et British Airways suspendent les leurs, selon Aeroweb.<\/p>\n\n\n\n<p>La compagnie britannique a red\u00e9ploy\u00e9 une partie de son trafic vers <strong>Strasbourg-Entzheim<\/strong>, en s&#8217;appuyant sur 29 destinations maintenues depuis B\u00e2le pendant la fermeture. La transversale Nantes-Strasbourg fait partie de ce red\u00e9ploiement, aux c\u00f4t\u00e9s d&#8217;une <a href=\"https:\/\/ulysse.com\/news\/easyjet-bale-mulhouse-lille-juin-2026\">liaison B\u00e2le-Lille ouverte sur le m\u00eame calendrier<\/a>. Le choix de Strasbourg comme a\u00e9roport de report n&#8217;a rien d&#8217;anodin : \u00e0 140 kilom\u00e8tres de B\u00e2le, Entzheim absorbe une partie de la demande alsacienne le temps des travaux.<\/p>\n\n\n\n<h2 class=\"wp-block-heading\">2 vols par semaine, 40 euros l&#8217;aller : les d\u00e9tails pratiques<\/h2>\n\n\n\n<p>La grille horaire est volontairement resserr\u00e9e : deux rotations hebdomadaires, le lundi et le vendredi, jusqu&#8217;au 31 mai. Le vol dure environ 1h30, contre cinq \u00e0 six heures par le rail avec correspondance \u00e0 Paris. Le tarif d&#8217;appel s&#8217;\u00e9tablit \u00e0 40 euros l&#8217;aller simple, hors bagage en soute et options.<\/p>\n\n\n\n<figure class=\"wp-block-table\"><table class=\"has-fixed-layout\"><thead><tr><th>Jour<\/th><th>D\u00e9part Nantes<\/th><th>Arriv\u00e9e Strasbourg<\/th><th>Retour Strasbourg<\/th><th>Arriv\u00e9e Nantes<\/th><th>Dur\u00e9e<\/th><th>Tarif d&#8217;appel<\/th><\/tr><\/thead><tbody><tr><td>Lundi<\/td><td>9h40<\/td><td>11h05<\/td><td>11h45<\/td><td>13h15<\/td><td>1h30<\/td><td>40 \u20ac<\/td><\/tr><tr><td>Vendredi<\/td><td>11h30<\/td><td>12h55<\/td><td>13h35<\/td><td>15h05<\/td><td>1h30<\/td><td>40 \u20ac<\/td><\/tr><\/tbody><\/table><\/figure>\n\n\n\n<p>Le format autorise un aller-retour dans la journ\u00e9e pour un d\u00e9placement professionnel ou un week-end prolong\u00e9. Les rotations sont cal\u00e9es sur des cr\u00e9neaux compatibles avec une matin\u00e9e ou un d\u00e9jeuner sur place, ce qui correspond aux usages classiques d&#8217;une ligne d&#8217;affaires courte.<\/p>\n\n\n\n<h2 class=\"wp-block-heading\">Ni TGV direct ni concurrent : la transversale orpheline<\/h2>\n\n\n\n<p>Aucun TGV ne relie directement Nantes \u00e0 Strasbourg. Les voyageurs qui empruntent le rail doivent passer par Paris, avec correspondance entre la gare Montparnasse et la gare de l&#8217;Est, ou par Massy. Le temps de trajet ferroviaire oscille entre 5h30 et 6h dans le meilleur des cas, soit quatre fois la dur\u00e9e du vol direct. \u00c0 noter que Strasbourg verra arriver <a href=\"https:\/\/ulysse.com\/news\/ouigo-strasbourg-paris-marseille-decembre-2026\">OUIGO en d\u00e9cembre 2026 sur Paris et Marseille<\/a>, mais sans incidence sur la liaison vers l&#8217;Ouest.<\/p>\n\n\n\n<p>Aucune autre compagnie a\u00e9rienne ne propose de liaison directe Nantes-Strasbourg sur la fen\u00eatre du 17 avril au 31 mai. Volotea figure parmi les op\u00e9rateurs qui ont d\u00e9j\u00e0 op\u00e9r\u00e9 la transversale par le pass\u00e9, comme le rappelle Air Journal, mais sur des calendriers distincts. Pendant six semaines, la ligne easyJet est donc la seule option directe entre les deux villes, tous modes confondus si l&#8217;on exclut la voiture (environ 870 kilom\u00e8tres par autoroute).<\/p>\n\n\n\n<h2 class=\"wp-block-heading\">Que devient la liaison apr\u00e8s le 31 mai ?<\/h2>\n\n\n\n<p>La piste de B\u00e2le-Mulhouse rouvre le 20 mai, et le trafic easyJet doit revenir progressivement \u00e0 son hub historique. Aucune annonce officielle n&#8217;\u00e9voque pour l&#8217;instant une prolongation de Nantes-Strasbourg au-del\u00e0 du 31 mai, ni une reconduction \u00e0 l&#8217;automne 2026 ou en 2027. Le calendrier sugg\u00e8re un strict alignement de la ligne sur la fen\u00eatre de travaux. France Bleu Alsace \u00e9voque une \u00ab phase d&#8217;exp\u00e9rimentation \u00bb : l&#8217;avenir de la ligne d\u00e9pendra du remplissage observ\u00e9 pendant ces six semaines.<\/p>\n\n\n\n<p>Le cas illustre la strat\u00e9gie d&#8217;easyJet en France depuis le retrait partiel de Ryanair de plusieurs a\u00e9roports r\u00e9gionaux : agilit\u00e9 saisonni\u00e8re sur des fen\u00eatres courtes, plut\u00f4t que d\u00e9veloppement de nouveaux axes p\u00e9rennes. La compagnie joue les opportunit\u00e9s d&#8217;infrastructure, sans s&#8217;engager sur la dur\u00e9e. Pour les voyageurs, cela signifie qu&#8217;une ligne utile peut appara\u00eetre et dispara\u00eetre sans pr\u00e9avis long, comme l&#8217;a montr\u00e9 le <a href=\"https:\/\/ulysse.com\/news\/easyjet-nouvelles-lignes-france-printemps-2026\">d\u00e9ploiement de quatre nouvelles lignes easyJet en France pour le printemps 2026<\/a>.<\/p>\n\n\n\n<h2 class=\"wp-block-heading\">Combien de passagers en six semaines ?<\/h2>\n\n\n\n<p>L&#8217;ordre de grandeur est utile pour \u00e9valuer l&#8217;enjeu. Deux vols hebdomadaires sur six semaines repr\u00e9sentent environ 12 rotations dans chaque sens. Sur la base des configurations standard de la flotte easyJet (Airbus A319 \u00e0 156 si\u00e8ges ou A320 \u00e0 186 si\u00e8ges), la capacit\u00e9 th\u00e9orique totale s&#8217;\u00e9tablit entre 1 870 et 2 230 si\u00e8ges par sens, soit environ 4 000 si\u00e8ges sur l&#8217;ensemble de la ligne.<\/p>\n\n\n\n<p>Ces chiffres restent des estimations : ni la compagnie ni l&#8217;a\u00e9roport de Strasbourg-Entzheim n&#8217;ont communiqu\u00e9 de pr\u00e9vision de fr\u00e9quentation ni d&#8217;objectif de remplissage. Le risque commercial existe : une transversale op\u00e9r\u00e9e six semaines, \u00e0 raison de deux vols par semaine, suppose une demande captive et bien identifi\u00e9e. Le tarif d&#8217;appel \u00e0 40 euros vise pr\u00e9cis\u00e9ment la sensibilit\u00e9 prix d&#8217;une client\u00e8le qui n&#8217;a pas, sur cette fen\u00eatre, d&#8217;alternative directe.<\/p>\n\n\n\n<h2 class=\"wp-block-heading\">Ce qu&#8217;il faut retenir<\/h2>\n\n\n\n<p>Une ligne a\u00e9rienne de six semaines reste une exception : elle rel\u00e8ve du d\u00e9pannage op\u00e9rationnel, pas du produit commercial. Pour les voyageurs, la fen\u00eatre est \u00e9troite, jusqu&#8217;au 31 mai, pour profiter d&#8217;une transversale directe \u00e0 1h30 de vol et 40 euros le tarif d&#8217;appel. Pour le secteur, le cas Nantes-Strasbourg illustre la capacit\u00e9 d&#8217;easyJet \u00e0 exploiter une contrainte d&#8217;infrastructure au profit d&#8217;un red\u00e9ploiement cibl\u00e9, et rappelle que la France conserve des angles morts ferroviaires que personne ne comble durablement.<\/p>\n\n\n\n<p>\u00c0 suivre : la communication d&#8217;easyJet sur une \u00e9ventuelle reconduction de la ligne au prochain hiver ou au printemps 2027.<\/p>\n","protected":false},"excerpt":{"rendered":"<p>Lanc\u00e9e le 17 avril 2026, la nouvelle liaison easyJet Nantes-Strasbourg s&#8217;arr\u00eatera le 31 mai. Six semaines, deux vols par semaine, et puis plus rien. Une lign&#8230;<\/p>\n","protected":false},"author":4,"featured_media":49614,"comment_status":"open","ping_status":"","sticky":false,"template":"","format":"standard","meta":{"_acf_changed":false,"_sitemap_exclude":false,"_sitemap_priority":"","_sitemap_frequency":"","footnotes":"","rank_math_title":"easyJet Nantes Strasbourg 2026 : dates, prix, horaires","rank_math_description":"easyJet relie Nantes \u00e0 Strasbourg du 17 avril au 31 mai 2026, 2 vols par semaine d\u00e8s 40 \u20ac. Une transversale orpheline, sans TGV direct ni concurrent.","rank_math_canonical_url":"","rank_math_focus_keyword":"easyjet nantes strasbourg 2026"},"categories":[46],"tags":[],"class_list":["post-49613","post","type-post","status-publish","format-standard","has-post-thumbnail","hentry","category-avion"],"acf":[],"_links":{"self":[{"href":"https:\/\/ulysse.com\/news\/wp-json\/wp\/v2\/posts\/49613","targetHints":{"allow":["GET"]}}],"collection":[{"href":"https:\/\/ulysse.com\/news\/wp-json\/wp\/v2\/posts"}],"about":[{"href":"https:\/\/ulysse.com\/news\/wp-json\/wp\/v2\/types\/post"}],"author":[{"embeddable":true,"href":"https:\/\/ulysse.com\/news\/wp-json\/wp\/v2\/users\/4"}],"replies":[{"embeddable":true,"href":"https:\/\/ulysse.com\/news\/wp-json\/wp\/v2\/comments?post=49613"}],"version-history":[{"count":1,"href":"https:\/\/ulysse.com\/news\/wp-json\/wp\/v2\/posts\/49613\/revisions"}],"predecessor-version":[{"id":49615,"href":"https:\/\/ulysse.com\/news\/wp-json\/wp\/v2\/posts\/49613\/revisions\/49615"}],"wp:featuredmedia":[{"embeddable":true,"href":"https:\/\/ulysse.com\/news\/wp-json\/wp\/v2\/media\/49614"}],"wp:attachment":[{"href":"https:\/\/ulysse.com\/news\/wp-json\/wp\/v2\/media?parent=49613"}],"wp:term":[{"taxonomy":"category","embeddable":true,"href":"https:\/\/ulysse.com\/news\/wp-json\/wp\/v2\/categories?post=49613"},{"taxonomy":"post_tag","embeddable":true,"href":"https:\/\/ulysse.com\/news\/wp-json\/wp\/v2\/tags?post=49613"}],"curies":[{"name":"wp","href":"https:\/\/api.w.org\/{rel}","templated":true}]}}