{"id":49622,"date":"2026-04-30T16:44:00","date_gmt":"2026-04-30T15:44:00","guid":{"rendered":"https:\/\/ulysse.com\/news\/?p=49622"},"modified":"2026-04-29T15:08:30","modified_gmt":"2026-04-29T14:08:30","slug":"pentecote-vs-ascension-prix-2026","status":"publish","type":"post","link":"https:\/\/ulysse.com\/news\/pentecote-vs-ascension-prix-2026","title":{"rendered":"Pentec\u00f4te 2026 : pourquoi les prix grimpent de 30 \u00e0 50 % par rapport \u00e0 l&#8217;Ascension"},"content":{"rendered":"\n<p>Les Fran\u00e7ais qui r\u00e9servent leur week-end de <strong>Pentec\u00f4te<\/strong> (23-25 mai 2026) d\u00e9couvrent en ce moment une mauvaise surprise. \u00c0 h\u00e9bergement et destination identiques, l&#8217;addition grimpe de 30 \u00e0 50 % par rapport \u00e0 l&#8217;<strong>Ascension<\/strong> dix jours plus t\u00f4t (14-17 mai). Trois facteurs s&#8217;empilent : vacances scolaires allemandes et n\u00e9erlandaises, demande europ\u00e9enne qui converge sur la m\u00eame date, m\u00e9t\u00e9o plus stable. D\u00e9cryptage chiffr\u00e9, et ce que \u00e7a change si vous n&#8217;avez pas encore pos\u00e9 vos jours.<\/p>\n\n\n\n<h2 class=\"wp-block-heading\">L&#8217;\u00e9cart de prix de la Pentec\u00f4te 2026, en chiffres concrets<\/h2>\n\n\n\n<p>Le constat tient sur une comparaison stricte : m\u00eame h\u00e9bergement, m\u00eame type de chambre, m\u00eame nombre de nuits. Sur <strong>VVF<\/strong>, un s\u00e9jour de 4 nuits du 14 au 17 mai pour 4 personnes revient \u00e0 <strong>234,95 \u20ac<\/strong>, contre 97,50 \u20ac pour 2 personnes du 22 au 25 mai (relev\u00e9 du 28 avril 2026). Inversion int\u00e9ressante sur ce segment pr\u00e9cis : les villages-vacances familiaux bradent leurs invendus de Pentec\u00f4te. Sur l&#8217;h\u00f4tellerie urbaine et les vols, la tendance s&#8217;inverse compl\u00e8tement.<\/p>\n\n\n\n<p>C\u00f4t\u00e9 <strong>vols low-cost<\/strong>, Trabber relevait fin avril des tarifs Paris-Lisbonne \u00e0 partir de <strong>29 \u20ac<\/strong> pour le pont de l&#8217;Ascension. Sur le m\u00eame axe \u00e0 Pentec\u00f4te, les comparateurs affichent un seuil d&#8217;entr\u00e9e nettement plus haut : Paris-Lisbonne, Paris-Barcelone, Paris-Ath\u00e8nes et Paris-Rome accusent tous une hausse \u00e0 deux chiffres entre les deux week-ends.<\/p>\n\n\n\n<p>Sur <strong>Booking<\/strong> et <strong>Hotels.com<\/strong>, le constat se reproduit sur les h\u00f4tels 3 \u00e9toiles milieu de gamme \u00e0 Lisbonne, Barcelone, Rome et Amsterdam. Le delta moyen tourne autour de 30 \u00e0 45 % \u00e0 prestation \u00e9quivalente. Les locations <strong>Airbnb<\/strong> sur les m\u00eames destinations europ\u00e9ennes pris\u00e9es suivent la m\u00eame m\u00e9canique, avec des nuit\u00e9es qui grimpent au fur et \u00e0 mesure que la fen\u00eatre de r\u00e9servation se r\u00e9tr\u00e9cit.<\/p>\n\n\n\n<h2 class=\"wp-block-heading\">Pourquoi la Pentec\u00f4te co\u00fbte plus cher : trois facteurs qui s&#8217;empilent<\/h2>\n\n\n\n<p><strong>Les vacances scolaires europ\u00e9ennes convergent.<\/strong> En 2026, le <strong>Pfingsten<\/strong> allemand (lundi de Pentec\u00f4te le 25 mai) d\u00e9clenche en Bavi\u00e8re et au Bade-Wurtemberg des <strong>Pfingstferien du 26 mai au 5 juin<\/strong>, soit 11 jours de vacances scolaires pour deux des L\u00e4nder les plus peupl\u00e9s et les plus voyageurs d&#8217;Allemagne. Les Pays-Bas appliquent leur <strong>Meivakantie<\/strong> sur la m\u00eame p\u00e9riode. Cons\u00e9quence directe : sur Lisbonne, Rome, Barcelone, le Sud de la France, la demande allemande et n\u00e9erlandaise s&#8217;ajoute \u00e0 la demande fran\u00e7aise. \u00c0 l&#8217;Ascension, ce ph\u00e9nom\u00e8ne n&#8217;existe pas (jeudi f\u00e9ri\u00e9 uniquement en France, en Belgique et dans quelques L\u00e4nder).<\/p>\n\n\n\n<p><strong>La saison touristique d\u00e9marre vraiment.<\/strong> Mi-mai, la m\u00e9t\u00e9o reste incertaine sur la M\u00e9diterran\u00e9e. Fin mai, les temp\u00e9ratures se stabilisent autour de 22-25 \u00b0C, les terrasses fonctionnent \u00e0 plein, les ferries grecs reprennent leurs rotations \u00e0 plein r\u00e9gime. Les h\u00f4teliers et les loueurs adaptent leurs grilles tarifaires en cons\u00e9quence.<\/p>\n\n\n\n<p><strong>La demande s&#8217;accumule.<\/strong> L&#8217;Ascension est le pont le plus pos\u00e9 en France : un seul jour de cong\u00e9 pour quatre jours f\u00e9ri\u00e9s. Beaucoup de voyageurs ont d\u00e9j\u00e0 arbitr\u00e9 pour mi-mai \u2014 un calendrier que nous d\u00e9taillions dans <a href=\"https:\/\/ulysse.com\/news\/ponts-mai-2026-guide-pragmatique\">notre guide pragmatique des ponts de mai 2026<\/a>. Les ind\u00e9cis, ceux qui n&#8217;ont pas pu poser le 15 mai, ou ceux qui veulent \u00e9viter la cohue se reportent sur la Pentec\u00f4te. Le week-end devient m\u00e9caniquement plus tendu \u00e0 mesure que la date approche.<\/p>\n\n\n\n<h2 class=\"wp-block-heading\">La r\u00e8gle du &#8220;plus on attend, plus l&#8217;\u00e9cart se creuse&#8221;<\/h2>\n\n\n\n<p>Les yield managers des compagnies a\u00e9riennes et des h\u00f4teliers utilisent des mod\u00e8les de pricing dynamique cal\u00e9s sur le taux de remplissage. Plus la Pentec\u00f4te approche avec un stock encore disponible, plus les prix grimpent. Les comparateurs <strong>Hopper<\/strong>, <strong>Skyscanner<\/strong> et <strong>Kayak<\/strong> documentent depuis plusieurs ann\u00e9es la m\u00eame courbe sur les ponts de mai fran\u00e7ais : +15 \u00e0 +25 % entre J-60 et J-30, +30 \u00e0 +50 % entre J-30 et J-7.<\/p>\n\n\n\n<p>Cons\u00e9quence pratique pour le lecteur du 29 avril : il est \u00e0 <strong>J-24<\/strong> de la Pentec\u00f4te. La fen\u00eatre d&#8217;arbitrage utile se referme dans la semaine. Au-del\u00e0, la m\u00e9canique de hausse devient quasi m\u00e9canique sur les destinations \u00e0 forte exposition europ\u00e9enne.<\/p>\n\n\n\n<h2 class=\"wp-block-heading\">Tableau r\u00e9capitulatif : ce que vous payez pour le m\u00eame s\u00e9jour<\/h2>\n\n\n\n<figure class=\"wp-block-table\"><table class=\"has-fixed-layout\"><thead><tr><th>Type de s\u00e9jour<\/th><th>Ascension (14-17 mai)<\/th><th>Pentec\u00f4te (22-25 mai)<\/th><th>\u00c9cart<\/th><\/tr><\/thead><tbody><tr><td>Vol Paris-Lisbonne aller-retour<\/td><td>d\u00e8s 29 \u20ac<\/td><td>d\u00e8s 49 \u20ac<\/td><td>+69 %<\/td><\/tr><tr><td>Vol Paris-Barcelone aller-retour<\/td><td>d\u00e8s 35 \u20ac<\/td><td>d\u00e8s 58 \u20ac<\/td><td>+66 %<\/td><\/tr><tr><td>H\u00f4tel 3* Rome (3 nuits)<\/td><td>env. 320 \u20ac<\/td><td>env. 470 \u20ac<\/td><td>+47 %<\/td><\/tr><tr><td>Airbnb Lisbonne (3 nuits, 2 voyageurs)<\/td><td>env. 280 \u20ac<\/td><td>env. 410 \u20ac<\/td><td>+46 %<\/td><\/tr><tr><td>Village-vacances type VVF (4 nuits)<\/td><td>234,95 \u20ac (4 pers.)<\/td><td>97,50 \u20ac (2 pers.)<\/td><td>Invers\u00e9 : Pentec\u00f4te moins ch\u00e8re<\/td><\/tr><\/tbody><\/table><\/figure>\n\n\n\n<p><em>Relev\u00e9s effectu\u00e9s les 28 et 29 avril 2026 sur VVF, Skyscanner, Booking et Airbnb. Prix indicatifs susceptibles d&#8217;\u00e9voluer en quelques heures sous l&#8217;effet du yield management.<\/em><\/p>\n\n\n\n<h2 class=\"wp-block-heading\">Que faire si vous n&#8217;avez pas encore r\u00e9serv\u00e9<\/h2>\n\n\n\n<p><strong>Si vos jours de cong\u00e9 ne sont pas encore pos\u00e9s<\/strong>, l&#8217;Ascension reste plus avantageuse sur les vols et l&#8217;h\u00f4tellerie urbaine moyenne-haute. La bascule du calendrier mi-mai vers fin mai co\u00fbte rarement moins de 30 % \u00e0 prestation \u00e9quivalente.<\/p>\n\n\n\n<p><strong>Si la Pentec\u00f4te est impos\u00e9e<\/strong> (RTT d\u00e9j\u00e0 pos\u00e9, contraintes pro ou familiales), il reste une strat\u00e9gie : viser les destinations o\u00f9 la pression allemande et n\u00e9erlandaise est faible. <strong>Bretagne int\u00e9rieure<\/strong>, <strong>Auvergne<\/strong>, <strong>Corse hors saison<\/strong>, <strong>Pyr\u00e9n\u00e9es<\/strong> plut\u00f4t que c\u00f4tes m\u00e9diterran\u00e9ennes satur\u00e9es. Pour les voyageurs sans avion, <a href=\"https:\/\/ulysse.com\/news\/ponts-mai-2026-derniere-minute-train-bus-ferry\">notre r\u00e9cap des plans train, bus et ferry encore disponibles en derni\u00e8re minute<\/a> reste pertinent jusqu&#8217;\u00e0 mi-mai.<\/p>\n\n\n\n<p><strong>Le segment o\u00f9 la Pentec\u00f4te reste comp\u00e9titive<\/strong> : les villages-vacances et clubs familiaux qui bradent leurs invendus de fin de saison basse. Le ratio prix \/ jours f\u00e9ri\u00e9s pos\u00e9s peut basculer en faveur de la Pentec\u00f4te (1 jour de cong\u00e9 pour 4 jours de pont si vous posez le vendredi 22 mai). Sur ce segment uniquement, l&#8217;arbitrage \u00e9conomique penche dans l&#8217;autre sens.<\/p>\n\n\n\n<p>R\u00e9flexe pricing utile : v\u00e9rifier les prix matin et soir le m\u00eame jour. Le yield management bouge plusieurs fois par 24 heures en haute pression, et certaines plateformes recalent leurs grilles vers minuit. Sur les destinations europ\u00e9ennes satur\u00e9es comme <a href=\"https:\/\/ulysse.com\/news\/mai-2026-malte-algarve-cyclades-budget\">Malte, l&#8217;Algarve ou les Cyclades<\/a>, l&#8217;\u00e9cart entre deux relev\u00e9s peut atteindre 20 % en quelques heures, comme l&#8217;a montr\u00e9 <a href=\"https:\/\/ulysse.com\/news\/turin-week-end-mai-2026\">la flamb\u00e9e de 55 % observ\u00e9e sur Turin via Expedia<\/a> d\u00e9but avril.<\/p>\n\n\n\n<h2 class=\"wp-block-heading\">Et l&#8217;ann\u00e9e prochaine : ce que dit le calendrier 2027<\/h2>\n\n\n\n<p>En 2027, l&#8217;Ascension tombe le <strong>jeudi 6 mai<\/strong> et la Pentec\u00f4te le <strong>lundi 17 mai<\/strong>. La m\u00eame m\u00e9canique de convergence des vacances scolaires europ\u00e9ennes se reproduira, avec un Pfingsten allemand toujours plus tardif et une saison touristique m\u00e9diterran\u00e9enne en pleine acc\u00e9l\u00e9ration.<\/p>\n\n\n\n<p>Le r\u00e9flexe le plus rentable reste op\u00e9rationnel : poser ses jours de cong\u00e9s mi-mai d\u00e8s la fin d&#8217;ann\u00e9e pr\u00e9c\u00e9dente. C&#8217;est la meilleure assurance contre l&#8217;inflation tarifaire de fin mai, et la seule fa\u00e7on d&#8217;\u00e9viter le report subi sur la Pentec\u00f4te. \u00c0 surveiller dans les prochaines semaines : la publication des grilles tarifaires des compagnies low-cost pour mai 2027, g\u00e9n\u00e9ralement disponibles \u00e0 partir de septembre 2026.<\/p>\n","protected":false},"excerpt":{"rendered":"<p>Les Fran\u00e7ais qui r\u00e9servent leur week-end de Pentec\u00f4te (23-25 mai 2026) d\u00e9couvrent en ce moment une mauvaise surprise. \u00c0 h\u00e9bergement et destination identiques&#8230;<\/p>\n","protected":false},"author":4,"featured_media":49623,"comment_status":"open","ping_status":"","sticky":false,"template":"","format":"standard","meta":{"_acf_changed":false,"_sitemap_exclude":false,"_sitemap_priority":"","_sitemap_frequency":"","footnotes":"","rank_math_title":"Pentec\u00f4te 2026 prix : +30 \u00e0 50 % vs Ascension","rank_math_description":"Pentec\u00f4te 2026 : 30 \u00e0 50 % plus cher que l'Ascension sur le m\u00eame h\u00f4tel. Pourquoi, et comment arbitrer avant le 15 mai. Analyse chiffr\u00e9e.","rank_math_canonical_url":"","rank_math_focus_keyword":"pentec\u00f4te 2026 prix"},"categories":[3],"tags":[],"class_list":["post-49622","post","type-post","status-publish","format-standard","has-post-thumbnail","hentry","category-voyage"],"acf":[],"_links":{"self":[{"href":"https:\/\/ulysse.com\/news\/wp-json\/wp\/v2\/posts\/49622","targetHints":{"allow":["GET"]}}],"collection":[{"href":"https:\/\/ulysse.com\/news\/wp-json\/wp\/v2\/posts"}],"about":[{"href":"https:\/\/ulysse.com\/news\/wp-json\/wp\/v2\/types\/post"}],"author":[{"embeddable":true,"href":"https:\/\/ulysse.com\/news\/wp-json\/wp\/v2\/users\/4"}],"replies":[{"embeddable":true,"href":"https:\/\/ulysse.com\/news\/wp-json\/wp\/v2\/comments?post=49622"}],"version-history":[{"count":1,"href":"https:\/\/ulysse.com\/news\/wp-json\/wp\/v2\/posts\/49622\/revisions"}],"predecessor-version":[{"id":49624,"href":"https:\/\/ulysse.com\/news\/wp-json\/wp\/v2\/posts\/49622\/revisions\/49624"}],"wp:featuredmedia":[{"embeddable":true,"href":"https:\/\/ulysse.com\/news\/wp-json\/wp\/v2\/media\/49623"}],"wp:attachment":[{"href":"https:\/\/ulysse.com\/news\/wp-json\/wp\/v2\/media?parent=49622"}],"wp:term":[{"taxonomy":"category","embeddable":true,"href":"https:\/\/ulysse.com\/news\/wp-json\/wp\/v2\/categories?post=49622"},{"taxonomy":"post_tag","embeddable":true,"href":"https:\/\/ulysse.com\/news\/wp-json\/wp\/v2\/tags?post=49622"}],"curies":[{"name":"wp","href":"https:\/\/api.w.org\/{rel}","templated":true}]}}