{"id":51674,"date":"2026-08-31T11:26:30","date_gmt":"2026-08-31T10:26:30","guid":{"rendered":"https:\/\/discover.ulysse.com\/?p=51674"},"modified":"2026-08-31T11:26:34","modified_gmt":"2026-08-31T10:26:34","slug":"paris-lac-gratuit-desert-septembre-eau-20-c","status":"publish","type":"post","link":"https:\/\/ulysse.com\/news\/paris-lac-gratuit-desert-septembre-eau-20-c","title":{"rendered":"Pr\u00e8s de Paris, ce lac gratuit est presque desert en septembre avec une eau \u00e0 plus de 20 \u00b0C"},"content":{"rendered":"\n<p class=\"wp-block-paragraph\">Alors que les vacances d\u2019\u00e9t\u00e9 s\u2019ach\u00e8vent, certains plans d\u2019eau proches de Paris accueillent encore les baigneurs durant les premiers jours de septembre. L\u2019un d\u2019eux permet de prolonger la saison en \u00cele-de-France tout en \u00e9vitant l\u2019affluence observ\u00e9e en juillet et en ao\u00fbt.<\/p>\n\n\n\n<h2 class=\"wp-block-heading\">Le lac de Cr\u00e9teil, un plan d\u2019eau de 42 hectares<\/h2>\n\n\n\n<p class=\"wp-block-paragraph\">Situ\u00e9 dans le Val-de-Marne, le lac de Cr\u00e9teil est un plan d\u2019eau artificiel qui s\u2019\u00e9tend sur 42 hectares. Accessible en une trentaine de minutes depuis Paris en RER, il accueille les baigneurs jusqu\u2019au d\u00e9but du mois de septembre, sous r\u00e9serve de conditions m\u00e9t\u00e9orologiques et sanitaires favorables.<\/p>\n\n\n\n<p class=\"wp-block-paragraph\">L\u2019entr\u00e9e est gratuite et ne n\u00e9cessite ni billet ni r\u00e9servation. La zone de baignade est surveill\u00e9e par des ma\u00eetres-nageurs pendant les jours d\u2019ouverture. Certaines activit\u00e9s propos\u00e9es sur place, comme la location de p\u00e9dalos, restent toutefois payantes, rapporte <a href=\"https:\/\/www.letribunaldunet.fr\/voyage\/lac-pres-paris-baignable-septembre-sans-foule.html\" target=\"_blank\" rel=\"noopener\">Le Tribunal du Net<\/a>.<\/p>\n\n\n\n<h2 class=\"wp-block-heading\">Une eau \u00e0 plus de 20 \u00b0C au d\u00e9but de septembre<\/h2>\n\n\n\n<p class=\"wp-block-paragraph\">Durant les premiers jours de septembre, <a href=\"https:\/\/discover.ulysse.com\/27-c-dans-leau-et-seulement-20-e-la-nuit-ce-lac-aux-allures-de-desert-rouge-se-cache-a-moins-dune-heure-de-montpellier\" data-type=\"post\" data-id=\"51032\">la temp\u00e9rature de l\u2019eau<\/a> peut encore d\u00e9passer 20 \u00b0C. Ce ph\u00e9nom\u00e8ne s\u2019explique par l\u2019inertie thermique : apr\u00e8s avoir accumul\u00e9 de la chaleur pendant l\u2019\u00e9t\u00e9, un lac se refroidit plus lentement que l\u2019air.<\/p>\n\n\n\n<p class=\"wp-block-paragraph\">Plusieurs plans d\u2019eau franciliens ou proches de l\u2019\u00cele-de-France affichent ainsi des temp\u00e9ratures comprises entre 20 et 22 \u00b0C pendant la premi\u00e8re semaine de septembre. Un autre lac situ\u00e9 pr\u00e8s de Paris atteignait m\u00eame 24 \u00b0C \u00e0 la fin du mois d\u2019ao\u00fbt.<\/p>\n\n\n\n<figure class=\"wp-block-embed is-type-rich is-provider-x wp-block-embed-x\"><div class=\"wp-block-embed__wrapper\">\n<blockquote class=\"twitter-tweet\" data-width=\"500\" data-dnt=\"true\"><p lang=\"fr\" dir=\"ltr\">Lac de Cr\u00e9teil <a href=\"https:\/\/t.co\/YKMYR7npwO\">https:\/\/t.co\/YKMYR7npwO<\/a> <a href=\"https:\/\/t.co\/EI7gXj46MD\">pic.twitter.com\/EI7gXj46MD<\/a><\/p>&mdash; \ud835\udc73\ud835\udc96\ud835\udc92\ud835\udc8e\ud835\udc82\ud835\udc8f \ud83c\udde7\ud83c\uddf9\ud83c\uddf8\ud83c\uddfe (@ibn_hashim7) <a href=\"https:\/\/x.com\/ibn_hashim7\/status\/2079985728092602612?ref_src=twsrc%5Etfw\">July 22, 2026<\/a><\/blockquote><script async src=\"https:\/\/platform.x.com\/widgets.js\" charset=\"utf-8\"><\/script>\n<\/div><\/figure>\n\n\n\n<p class=\"wp-block-paragraph\">Cette p\u00e9riode favorable \u00e0 la baignade se termine g\u00e9n\u00e9ralement entre la premi\u00e8re et la deuxi\u00e8me semaine de septembre. Sa dur\u00e9e varie en fonction du maintien des temp\u00e9ratures diurnes au-dessus de 22 ou 23 \u00b0C et du refroidissement nocturne.<\/p>\n\n\n\n<h2 class=\"wp-block-heading\">Une fr\u00e9quentation en baisse apr\u00e8s les vacances<\/h2>\n\n\n\n<p class=\"wp-block-paragraph\">La fr\u00e9quentation diminue avec la fin des vacances scolaires et la reprise du travail. Certains plans d\u2019eau enregistrent une baisse du nombre de visiteurs sup\u00e9rieure \u00e0 70 % d\u00e8s la premi\u00e8re semaine de septembre.<\/p>\n\n\n\n<p class=\"wp-block-paragraph\">Cette diminution facilite le stationnement et permet de trouver plus facilement une place au bord de l\u2019eau. Les visiteurs peuvent \u00e9galement parcourir environ 6 kilom\u00e8tres de sentiers balis\u00e9s autour du lac de Cr\u00e9teil, louer un p\u00e9dalo ou acc\u00e9der \u00e0 un minigolf.<\/p>\n\n\n\n<p class=\"wp-block-paragraph\"><a href=\"https:\/\/discover.ulysse.com\/stars-fuient-la-cote-dazur-refuge-alpin-ete\" data-type=\"post\" data-id=\"51583\">Des tables de pique-nique<\/a> sont install\u00e9es autour du plan d\u2019eau pour les personnes qui souhaitent apporter leur repas. Plusieurs guinguettes et restaurants situ\u00e9s au bord du lac restent \u00e9galement ouverts jusqu\u2019\u00e0 la mi-septembre.<\/p>\n\n\n\n<h2 class=\"wp-block-heading\">Le lac de la for\u00eat de S\u00e9nart comme autre possibilit\u00e9<\/h2>\n\n\n\n<p class=\"wp-block-paragraph\">Le lac de la for\u00eat de S\u00e9nart constitue une autre possibilit\u00e9 au sud de Paris, dans le d\u00e9partement de l\u2019Essonne. Situ\u00e9 au c\u0153ur d\u2019une for\u00eat domaniale, il offre un cadre bois\u00e9 et ne poss\u00e8de pas de plage am\u00e9nag\u00e9e comparable \u00e0 celle du lac de Cr\u00e9teil.<\/p>\n\n\n\n<p class=\"wp-block-paragraph\">L\u2019acc\u00e8s au site est libre et gratuit toute l\u2019ann\u00e9e. La baignade d\u00e9pend toutefois des arr\u00eat\u00e9s municipaux en vigueur. Il est donc n\u00e9cessaire de v\u00e9rifier son autorisation avant de se d\u00e9placer. <\/p>\n\n\n\n<p class=\"wp-block-paragraph\">Les possibilit\u00e9s de restauration sont moins nombreuses dans ce secteur. Quelques auberges situ\u00e9es dans les villages voisins proposent n\u00e9anmoins une cuisine traditionnelle aux visiteurs souhaitant prolonger leur sortie.<\/p>\n","protected":false},"excerpt":{"rendered":"<p>Alors que les vacances d\u2019\u00e9t\u00e9 s\u2019ach\u00e8vent, certains plans d\u2019eau proches de Paris accueillent encore les baigneurs durant les premiers jours [&hellip;]<\/p>\n","protected":false},"author":4,"featured_media":51679,"comment_status":"open","ping_status":"closed","sticky":false,"template":"","format":"standard","meta":{"_acf_changed":false,"_sitemap_exclude":false,"_sitemap_priority":"","_sitemap_frequency":"","footnotes":"","rank_math_title":"","rank_math_description":"","rank_math_canonical_url":"","rank_math_focus_keyword":"paris,Lac de Cr\u00e9teil"},"categories":[3],"tags":[],"class_list":["post-51674","post","type-post","status-publish","format-standard","has-post-thumbnail","hentry","category-voyage"],"acf":[],"_links":{"self":[{"href":"https:\/\/ulysse.com\/news\/wp-json\/wp\/v2\/posts\/51674","targetHints":{"allow":["GET"]}}],"collection":[{"href":"https:\/\/ulysse.com\/news\/wp-json\/wp\/v2\/posts"}],"about":[{"href":"https:\/\/ulysse.com\/news\/wp-json\/wp\/v2\/types\/post"}],"author":[{"embeddable":true,"href":"https:\/\/ulysse.com\/news\/wp-json\/wp\/v2\/users\/4"}],"replies":[{"embeddable":true,"href":"https:\/\/ulysse.com\/news\/wp-json\/wp\/v2\/comments?post=51674"}],"version-history":[{"count":4,"href":"https:\/\/ulysse.com\/news\/wp-json\/wp\/v2\/posts\/51674\/revisions"}],"predecessor-version":[{"id":51707,"href":"https:\/\/ulysse.com\/news\/wp-json\/wp\/v2\/posts\/51674\/revisions\/51707"}],"wp:featuredmedia":[{"embeddable":true,"href":"https:\/\/ulysse.com\/news\/wp-json\/wp\/v2\/media\/51679"}],"wp:attachment":[{"href":"https:\/\/ulysse.com\/news\/wp-json\/wp\/v2\/media?parent=51674"}],"wp:term":[{"taxonomy":"category","embeddable":true,"href":"https:\/\/ulysse.com\/news\/wp-json\/wp\/v2\/categories?post=51674"},{"taxonomy":"post_tag","embeddable":true,"href":"https:\/\/ulysse.com\/news\/wp-json\/wp\/v2\/tags?post=51674"}],"curies":[{"name":"wp","href":"https:\/\/api.w.org\/{rel}","templated":true}]}}