{"id":51693,"date":"2026-08-31T16:02:00","date_gmt":"2026-08-31T15:02:00","guid":{"rendered":"https:\/\/discover.ulysse.com\/?p=51693"},"modified":"2026-08-31T13:49:12","modified_gmt":"2026-08-31T12:49:12","slug":"francais-ete-septembre-destinations","status":"publish","type":"post","link":"https:\/\/ulysse.com\/news\/francais-ete-septembre-destinations","title":{"rendered":"Soleil, prix plus doux, moins de foule : les Fran\u00e7ais misent sur septembre pour prolonger l&#8217;\u00e9t\u00e9 dans ces destinations"},"content":{"rendered":"\n<p class=\"wp-block-paragraph\">Il y a ceux qui veulent absolument partir en juillet ou en ao\u00fbt, quitte \u00e0 faire la queue partout et \u00e0 payer leur glace au prix d\u2019un d\u00e9jeuner. Et puis il y a ceux qui ont compris qu\u2019attendre quelques semaines pouvait changer compl\u00e8tement l\u2019exp\u00e9rience et ouvrir la porte \u00e0 des destinations bien plus agr\u00e9ables.<\/p>\n\n\n\n<p class=\"wp-block-paragraph\">Septembre coche justement pas mal de cases. Les temp\u00e9ratures restent agr\u00e9ables dans une bonne partie de l\u2019Europe, les plages commencent \u00e0 respirer et les prix peuvent \u00eatre plus doux qu\u2019en plein c\u0153ur de l\u2019\u00e9t\u00e9.<\/p>\n\n\n\n<p class=\"wp-block-paragraph\">Cette p\u00e9riode s\u00e9duit d\u2019ailleurs une part importante des Fran\u00e7ais. Une \u00e9tude Ipsos r\u00e9alis\u00e9e au printemps 2025 indiquait que 37 % d\u2019entre eux privil\u00e9giaient septembre pour partir en vacances. Et les r\u00e9servations semblent confirmer cette envie de profiter de l\u2019arri\u00e8re-saison.<\/p>\n\n\n\n<h2 class=\"wp-block-heading\"><strong>Les Fran\u00e7ais ne veulent pas forc\u00e9ment aller tr\u00e8s loin<\/strong><\/h2>\n\n\n\n<p class=\"wp-block-paragraph\">Pas besoin de traverser la plan\u00e8te pour profiter de septembre. Les donn\u00e9es de la plateforme<a href=\"https:\/\/www.edreams.fr\/vacances-septembre\/?\" target=\"_blank\" rel=\"noopener\"> eDreams<\/a>, relay\u00e9es par <a href=\"https:\/\/www.tf1info.fr\/voyages\/ou-partir-en-septembre-voici-le-classement-des-destinations-les-plus-prisees-par-les-francais-pour-profiter-pleinement-de-l-arriere-saison-2460688.html?utm_source=chatgpt.com\" target=\"_blank\" rel=\"noopener\">TF1 Info<\/a>, montrent que 58 % des r\u00e9servations de vols effectu\u00e9es par les Fran\u00e7ais pour septembre 2026 concernent des trajets court-courriers. C\u2019est m\u00eame l\u00e9g\u00e8rement plus qu\u2019un an auparavant, lorsque cette proportion atteignait 56 %.<\/p>\n\n\n\n<p class=\"wp-block-paragraph\">La proximit\u00e9 reste donc une valeur s\u00fbre. Et lorsqu\u2019il s\u2019agit de choisir une destination, le soleil continue \u00e9videmment de peser lourd dans la balance. L\u2019Espagne arrive en t\u00eate des pays les plus r\u00e9serv\u00e9s avec 17 % des r\u00e9servations, devant la France \u00e0 15 %. L\u2019Italie suit avec 9 %, tandis que le Portugal et la Gr\u00e8ce affichent chacun 6 %.<\/p>\n\n\n\n<p class=\"wp-block-paragraph\">Le message est assez clair, apr\u00e8s deux mois de vacances estivales, les Fran\u00e7ais n\u2019ont visiblement pas envie de ranger tout de suite les lunettes de soleil.<\/p>\n\n\n\n<h2 class=\"wp-block-heading\"><strong>Barcelone, Majorque et Lisbonne restent les valeurs s\u00fbres<\/strong><\/h2>\n\n\n\n<p class=\"wp-block-paragraph\">Dans le classement des destinations les plus r\u00e9serv\u00e9es pour septembre, les grands classiques europ\u00e9ens occupent une place de choix.<\/p>\n\n\n\n<p class=\"wp-block-paragraph\">Barcelone arrive en deuxi\u00e8me position, juste derri\u00e8re Marrakech. La capitale catalane conserve son pouvoir d\u2019attraction avec son architecture, ses quartiers anim\u00e9s et son acc\u00e8s rapide depuis la France.<\/p>\n\n\n\n<p class=\"wp-block-paragraph\">Vient ensuite Palma de Majorque, qui coche la case plage sans n\u00e9cessiter un voyage interminable. Septembre permet en plus de profiter de l\u2019\u00eele avec une ambiance g\u00e9n\u00e9ralement moins \u00e9touffante qu\u2019au c\u0153ur de l\u2019\u00e9t\u00e9. Lisbonne compl\u00e8te le trio europ\u00e9en de t\u00eate, devant Ajaccio.<\/p>\n\n\n\n<p class=\"wp-block-paragraph\">La suite du classement confirme cette forte envie de M\u00e9diterran\u00e9e : Rome, Figari, Ath\u00e8nes, H\u00e9raklion et Porto figurent \u00e9galement parmi les destinations les plus r\u00e9serv\u00e9es.<\/p>\n\n\n\n<p class=\"wp-block-paragraph\">Autrement dit, les Fran\u00e7ais semblent avoir une id\u00e9e assez pr\u00e9cise de leurs vacances de septembre. Du soleil, une ville agr\u00e9able \u00e0 parcourir et, si possible, une mer pas trop loin.<\/p>\n\n\n\n<figure class=\"wp-block-embed is-type-rich is-provider-pinterest wp-block-embed-pinterest\"><div class=\"wp-block-embed__wrapper\">\n<iframe loading=\"lazy\" title=\"S\u00f3ller &lt;3\" src=\"https:\/\/assets.pinterest.com\/ext\/embed.html?id=7951736838636800&#038;src=oembed\" height=\"806\" width=\"450\" frameborder=\"0\" scrolling=\"no\" ><\/iframe>\n<\/div><\/figure>\n\n\n\n<h2 class=\"wp-block-heading\"><strong>Certaines destinations sont pourtant en train de leur voler la vedette<\/strong><\/h2>\n\n\n\n<p class=\"wp-block-paragraph\">Le plus int\u00e9ressant n\u2019est peut-\u00eatre pas le classement des destinations d\u00e9j\u00e0 populaires, mais celui des villes qui progressent le plus.<\/p>\n\n\n\n<p class=\"wp-block-paragraph\">Et l\u00e0, surprise : Venise signe une spectaculaire progression de 106 % par rapport \u00e0 2025. La cit\u00e9 italienne devance notamment Lille, dont les r\u00e9servations progressent de 82 %, et Toulouse, en hausse de 57 %. Deux destinations fran\u00e7aises qui montrent que partir en septembre ne signifie pas forc\u00e9ment prendre l\u2019avion.<\/p>\n\n\n\n<p class=\"wp-block-paragraph\">Plus loin dans le classement, Hurghada, en \u00c9gypte, progresse de 35 %, tandis que Split, en Croatie, gagne 34 %.<\/p>\n\n\n\n<p class=\"wp-block-paragraph\">Le m\u00e9lange est plut\u00f4t r\u00e9v\u00e9lateur. D\u2019un c\u00f4t\u00e9, les Fran\u00e7ais continuent de pl\u00e9bisciter les grands classiques m\u00e9diterran\u00e9ens. De l\u2019autre, certaines destinations plus urbaines ou moins \u00e9videntes connaissent un v\u00e9ritable coup d\u2019acc\u00e9l\u00e9rateur.<\/p>\n\n\n\n<figure class=\"wp-block-embed is-type-rich is-provider-pinterest wp-block-embed-pinterest\"><div class=\"wp-block-embed__wrapper\">\n<iframe loading=\"lazy\" title=\"\ud83c\uddec\ud83c\udde7\ud83c\uddec\ud83c\udde7Hurghada is not just a beach destination but a complete holiday experience, rich in culture and adventure. Whether you&#039;re swimming in the Red Sea, exploring the desert, or enjoying local cuisine, there\u2019s no shortage of things to do in this beautiful coastal town.  \ud83c\uddf7\ud83c\uddfa\ud83c\uddf7\ud83c\uddfa \u0425\u0443\u0440\u0433\u0430\u0434\u0430 \u2014 \u044d\u0442\u043e \u043d\u0435 \u043f\u0440\u043e\u0441\u0442\u043e \u043f\u043b\u044f\u0436\u043d\u043e\u0435 \u043d\u0430\u043f\u0440\u0430\u0432\u043b\u0435\u043d\u0438\u0435, \u0430 \u043f\u043e\u043b\u043d\u043e\u0446\u0435\u043d\u043d\u044b\u0439 \u043e\u0442\u0434\u044b\u0445, \u0431\u043e\u0433\u0430\u0442\u044b\u0439 \u043a\u0443\u043b\u044c\u0442\u0443\u0440\u043e\u0439 \u0438 \u043f\u0440\u0438\u043a\u043b\u044e\u0447\u0435\u043d\u0438\u044f\u043c\u0438. \u041a\u0443\u043f\u0430\u0435\u0442\u0435\u0441\u044c \u043b\u0438 \u0432\u044b \u0432 \u041a\u0440\u0430\u0441\u043d\u043e\u043c \u043c\u043e\u0440\u0435, \u0438\u0441\u0441\u043b\u0435\u0434\u0443\u0435\u0442\u0435 \u043f\u0443\u0441\u0442\u044b\u043d\u044e \u0438\u043b\u0438 \u043d\u0430\u0441\u043b\u0430\u0436\u0434\u0430\u0435\u0442\u0435\u0441\u044c \u043c\u0435\u0441\u0442\u043d\u043e\u0439 \u043a\u0443\u0445\u043d\u0435\u0439, \u0432 \u044d\u0442\u043e\u043c \u043f\u0440\u0435\u043a\u0440\u0430\u0441\u043d\u043e\u043c \u043f\u0440\u0438\u0431\u0440\u0435\u0436\u043d\u043e\u043c \u0433\u043e\u0440\u043e\u0434\u0435 \u043d...\" src=\"https:\/\/assets.pinterest.com\/ext\/embed.html?id=863846772321303735&#038;src=oembed\" height=\"335\" width=\"450\" frameborder=\"0\" scrolling=\"no\" ><\/iframe>\n<\/div><\/figure>\n\n\n\n<h2 class=\"wp-block-heading\"><strong>Marrakech garde une longueur d\u2019avance<\/strong><\/h2>\n\n\n\n<p class=\"wp-block-paragraph\">Hors d\u2019Europe, une destination tire particuli\u00e8rement bien son \u00e9pingle du jeu. Marrakech arrive en t\u00eate du classement des destinations les plus r\u00e9serv\u00e9es par les Fran\u00e7ais pour septembre.<\/p>\n\n\n\n<p class=\"wp-block-paragraph\">La ville marocaine profite \u00e9videmment de sa proximit\u00e9 avec la France, de son climat encore chaud \u00e0 cette p\u00e9riode et d\u2019une offre touristique suffisamment large pour convenir aussi bien \u00e0 un court s\u00e9jour qu\u2019\u00e0 quelques jours de vacances.<\/p>\n\n\n\n<p class=\"wp-block-paragraph\">Elle est suivie par Barcelone, Palma de Majorque, Lisbonne et Ajaccio dans le top cinq. Ce classement donne surtout une indication int\u00e9ressante : pour septembre, les voyageurs fran\u00e7ais privil\u00e9gient largement des destinations accessibles en quelques heures plut\u00f4t que de repartir syst\u00e9matiquement vers le bout du monde.<\/p>\n\n\n\n<figure class=\"wp-block-embed is-type-rich is-provider-pinterest wp-block-embed-pinterest\"><div class=\"wp-block-embed__wrapper\">\n<iframe loading=\"lazy\" title=\"Marrakech Rooftop Sunset View\" src=\"https:\/\/assets.pinterest.com\/ext\/embed.html?id=17521886048845606&#038;src=oembed\" height=\"661\" width=\"450\" frameborder=\"0\" scrolling=\"no\" ><\/iframe>\n<\/div><\/figure>\n\n\n\n<h2 class=\"wp-block-heading\"><strong>Pourquoi septembre devient le mois malin pour partir<\/strong><\/h2>\n\n\n\n<p class=\"wp-block-paragraph\">Il y a aussi une question tr\u00e8s simple derri\u00e8re cet engouement. Septembre permet souvent de profiter des m\u00eames destinations sans subir exactement les m\u00eames contraintes qu\u2019en ao\u00fbt.<\/p>\n\n\n\n<p class=\"wp-block-paragraph\">Les temp\u00e9ratures peuvent \u00eatre plus supportables, les plages moins charg\u00e9es et les grandes villes moins \u00e9touffantes. Pour ceux qui ont la possibilit\u00e9 de d\u00e9caler leurs cong\u00e9s, l\u2019arri\u00e8re-saison offre donc un compromis particuli\u00e8rement s\u00e9duisant.<\/p>\n\n\n\n<p class=\"wp-block-paragraph\">La semaine du 6 septembre concentre d\u2019ailleurs \u00e0 elle seule 28 % des r\u00e9servations effectu\u00e9es pour le mois, selon eDreams. Les Fran\u00e7ais semblent donc non seulement avoir adopt\u00e9 septembre, mais ils savent aussi quand partir. Les donn\u00e9es utilis\u00e9es par la plateforme proviennent des r\u00e9servations effectu\u00e9es entre le 1er mai et le 20 juillet 2026 pour des voyages pr\u00e9vus en septembre.<\/p>\n\n\n\n<p class=\"wp-block-paragraph\">Bien s\u00fbr, un classement de r\u00e9servations ne dit pas quelle destination est objectivement la meilleure. Il montre simplement ce que les voyageurs choisissent au moment de r\u00e9server. Et cette ann\u00e9e, le verdict est plut\u00f4t clair : l\u2019\u00e9t\u00e9 fran\u00e7ais ne s\u2019arr\u00eate pas compl\u00e8tement en ao\u00fbt.<\/p>\n\n\n\n<p class=\"wp-block-paragraph\">Pour beaucoup, il se prolonge tranquillement en septembre, avec un billet pour <a href=\"https:\/\/discover.ulysse.com\/espagne-cache-bijou-jalouse-france\" data-type=\"post\" data-id=\"27792\">l\u2019Espagne<\/a>, l\u2019Italie, le Portugal, la Gr\u00e8ce ou le <a href=\"https:\/\/discover.ulysse.com\/penurie-kerosene-aeroports-maroc-notam\" data-type=\"post\" data-id=\"47689\">Maroc <\/a>dans la poche.<\/p>\n","protected":false},"excerpt":{"rendered":"<p>Apr\u00e8s le grand rush de l\u2019\u00e9t\u00e9, les Fran\u00e7ais semblent avoir trouv\u00e9 une nouvelle fa\u00e7on de voyager avec moins de monde et toujours l\u2019envie de soleil.<\/p>\n","protected":false},"author":3,"featured_media":51697,"comment_status":"open","ping_status":"closed","sticky":false,"template":"","format":"standard","meta":{"_acf_changed":false,"_sitemap_exclude":false,"_sitemap_priority":"","_sitemap_frequency":"","footnotes":"","rank_math_title":"","rank_math_description":"En septembre, les Fran\u00e7ais prolongent l\u2019\u00e9t\u00e9 avec des destinations ensoleill\u00e9es et proches. Ces certaines villes voient leurs r\u00e9servations exploser. \n","rank_math_canonical_url":"","rank_math_focus_keyword":"destination"},"categories":[889],"tags":[],"class_list":["post-51693","post","type-post","status-publish","format-standard","has-post-thumbnail","hentry","category-new-2"],"acf":[],"_links":{"self":[{"href":"https:\/\/ulysse.com\/news\/wp-json\/wp\/v2\/posts\/51693","targetHints":{"allow":["GET"]}}],"collection":[{"href":"https:\/\/ulysse.com\/news\/wp-json\/wp\/v2\/posts"}],"about":[{"href":"https:\/\/ulysse.com\/news\/wp-json\/wp\/v2\/types\/post"}],"author":[{"embeddable":true,"href":"https:\/\/ulysse.com\/news\/wp-json\/wp\/v2\/users\/3"}],"replies":[{"embeddable":true,"href":"https:\/\/ulysse.com\/news\/wp-json\/wp\/v2\/comments?post=51693"}],"version-history":[{"count":2,"href":"https:\/\/ulysse.com\/news\/wp-json\/wp\/v2\/posts\/51693\/revisions"}],"predecessor-version":[{"id":51727,"href":"https:\/\/ulysse.com\/news\/wp-json\/wp\/v2\/posts\/51693\/revisions\/51727"}],"wp:featuredmedia":[{"embeddable":true,"href":"https:\/\/ulysse.com\/news\/wp-json\/wp\/v2\/media\/51697"}],"wp:attachment":[{"href":"https:\/\/ulysse.com\/news\/wp-json\/wp\/v2\/media?parent=51693"}],"wp:term":[{"taxonomy":"category","embeddable":true,"href":"https:\/\/ulysse.com\/news\/wp-json\/wp\/v2\/categories?post=51693"},{"taxonomy":"post_tag","embeddable":true,"href":"https:\/\/ulysse.com\/news\/wp-json\/wp\/v2\/tags?post=51693"}],"curies":[{"name":"wp","href":"https:\/\/api.w.org\/{rel}","templated":true}]}}