{"id":51734,"date":"2026-09-01T15:40:20","date_gmt":"2026-09-01T14:40:20","guid":{"rendered":"https:\/\/discover.ulysse.com\/?p=51734"},"modified":"2026-09-01T15:40:23","modified_gmt":"2026-09-01T14:40:23","slug":"ferry-vers-lirlande-carte-didentite-septembre","status":"publish","type":"post","link":"https:\/\/ulysse.com\/news\/ferry-vers-lirlande-carte-didentite-septembre","title":{"rendered":"Voyage en ferry vers l\u2019Irlande : Un passeport valide sera obligatoire pour certains passagers d\u00e8s septembre 2026 d\u00e8s ce mois de septembre 2026"},"content":{"rendered":"\n<p class=\"wp-block-paragraph\">Prendre le ferry pour rejoindre l\u2019Irlande donne souvent l\u2019impression d\u2019avoir choisi la solution la plus simple. Pas de contr\u00f4le comme dans un a\u00e9roport, pas besoin de courir vers une porte d\u2019embarquement \u00e0 l\u2019autre bout du terminal et, surtout, la voiture peut rester avec vous pendant toute la travers\u00e9e.<\/p>\n\n\n\n<p class=\"wp-block-paragraph\">Cette petite routine va pourtant changer sur plusieurs liaisons entre la Grande-Bretagne et l\u2019Irlande. \u00c0 partir du 28 septembre 2026, certains passagers devront obligatoirement pr\u00e9senter un passeport en cours de validit\u00e9 avant de monter \u00e0 bord. Une formalit\u00e9 suppl\u00e9mentaire qui pourrait surprendre les voyageurs habitu\u00e9s \u00e0 utiliser d\u2019autres documents d\u2019identit\u00e9 pour ces travers\u00e9es.<\/p>\n\n\n\n<h2 class=\"wp-block-heading\"><strong>Le passeport va devenir obligatoire sur plusieurs travers\u00e9es<\/strong><\/h2>\n\n\n\n<p class=\"wp-block-paragraph\">Le changement concerne les passagers empruntant certaines liaisons maritimes entre la Grande-Bretagne et la R\u00e9publique d\u2019Irlande. Jusqu\u2019\u00e0 pr\u00e9sent, les r\u00e8gles pouvaient \u00eatre plus souples. Selon la compagnie et la travers\u00e9e choisie, d\u2019autres pi\u00e8ces d\u2019identit\u00e9 avec photo pouvaient \u00eatre accept\u00e9es et les voyageurs n\u2019\u00e9taient pas syst\u00e9matiquement amen\u00e9s \u00e0 pr\u00e9senter un passeport.<\/p>\n\n\n\n<p class=\"wp-block-paragraph\">Ce ne sera bient\u00f4t plus le cas sur plusieurs lignes. Stena Line a annonc\u00e9 que ses passagers devront pr\u00e9senter un passeport valide \u00e0 partir du 28 septembre sur ses liaisons entre Holyhead et Dublin, ainsi qu\u2019entre Fishguard et Rosslare.<\/p>\n\n\n\n<p class=\"wp-block-paragraph\">La compagnie pr\u00e9cise par ailleurs qu\u2019elle contacte actuellement les clients disposant d\u00e9j\u00e0 d\u2019une r\u00e9servation afin de les accompagner dans cette \u00e9volution.<\/p>\n\n\n\n<p class=\"wp-block-paragraph\">Autrement dit, si votre billet est d\u00e9j\u00e0 dans la poche, inutile de paniquer. Mais mieux vaut v\u00e9rifier d\u00e8s maintenant que votre passeport est toujours valable.<\/p>\n\n\n\n<h2 class=\"wp-block-heading\"><strong>Irish Ferries applique une r\u00e8gle encore plus large<\/strong><\/h2>\n\n\n\n<p class=\"wp-block-paragraph\">Chez Irish Ferries, le changement concernera l\u2019ensemble des liaisons entre la R\u00e9publique d\u2019Irlande et la Grande-Bretagne. Les passagers devront donc disposer d\u2019un passeport valide pour embarquer.<\/p>\n\n\n\n<p class=\"wp-block-paragraph\">Cela peut sembler surprenant pour les habitu\u00e9s de ces trajets, car les voyages entre les deux pays b\u00e9n\u00e9ficient depuis longtemps de r\u00e8gles particuli\u00e8res.<\/p>\n\n\n\n<p class=\"wp-block-paragraph\">Le Royaume-Uni et l\u2019Irlande font en effet partie de la Common Travel Area, une zone de circulation commune mise en place il y a plus d\u2019un si\u00e8cle. Les citoyens britanniques et irlandais peuvent ainsi voyager entre les deux pays sans avoir besoin d\u2019un passeport.<\/p>\n\n\n\n<p class=\"wp-block-paragraph\">La nouvelle exigence impos\u00e9e par les compagnies de ferry ne remet pas en cause cet accord. Elle concerne les proc\u00e9dures d\u2019identification demand\u00e9es aux passagers avant l\u2019embarquement.<\/p>\n\n\n\n<figure class=\"wp-block-embed is-type-rich is-provider-x wp-block-embed-x\"><div class=\"wp-block-embed__wrapper\">\n<blockquote class=\"twitter-tweet\" data-width=\"500\" data-dnt=\"true\"><p lang=\"en\" dir=\"ltr\">New passport rules for Britain-Ireland ferries to be enforced <a href=\"https:\/\/t.co\/FATiZGZ6LQ\">https:\/\/t.co\/FATiZGZ6LQ<\/a><\/p>&mdash; Euronews Travel (@euronewstravel) <a href=\"https:\/\/x.com\/euronewstravel\/status\/2094376242027921581?ref_src=twsrc%5Etfw\">August 31, 2026<\/a><\/blockquote><script async src=\"https:\/\/platform.x.com\/widgets.js\" charset=\"utf-8\"><\/script>\n<\/div><\/figure>\n\n\n\n<h2 class=\"wp-block-heading\"><strong>Attention, toutes les lignes de ferry ne sont pas concern\u00e9es de la m\u00eame mani\u00e8re<\/strong><\/h2>\n\n\n\n<p class=\"wp-block-paragraph\">C\u2019est probablement le point \u00e0 retenir avant de r\u00e9server. Chez Stena Line, toutes les travers\u00e9es ne basculent pas automatiquement vers l\u2019obligation du passeport le 28 septembre.<\/p>\n\n\n\n<p class=\"wp-block-paragraph\">La compagnie indique actuellement que ses services passant par Belfast, Liverpool, Cairnryan ou Heysham peuvent encore \u00eatre accessibles sans passeport. Il faut donc regarder la liaison exacte et les conditions appliqu\u00e9es au moment du voyage.<\/p>\n\n\n\n<p class=\"wp-block-paragraph\">Une personne qui prend r\u00e9guli\u00e8rement le ferry entre la Grande-Bretagne et l\u2019Irlande ne doit donc pas se contenter de retenir \u00ab passeport obligatoire partout \u00bb. Les exigences varient selon la compagnie et l\u2019itin\u00e9raire. Et pour \u00e9viter le demi-tour au port, mieux vaut v\u00e9rifier les documents accept\u00e9s avant de partir.<\/p>\n\n\n\n<h2 class=\"wp-block-heading\"><strong>Pourquoi les compagnies renforcent-elles les contr\u00f4les ?<\/strong><\/h2>\n\n\n\n<p class=\"wp-block-paragraph\">Le changement intervient dans un contexte o\u00f9 les transporteurs doivent transmettre des informations de voyage toujours plus pr\u00e9cises aux autorit\u00e9s, comme le rapporte <a href=\"https:\/\/www.euronews.com\/travel\/2026\/08\/31\/britain-ireland-ferry-travel-is-changing-as-passengers-face-new-passport-rules-from-septem\" target=\"_blank\" rel=\"noopener\">Euronews<\/a>.<\/p>\n\n\n\n<p class=\"wp-block-paragraph\">Les services britanniques charg\u00e9s du contr\u00f4le aux fronti\u00e8res ainsi que les principales compagnies concern\u00e9es expliquent que ces nouvelles proc\u00e9dures doivent permettre d\u2019am\u00e9liorer l\u2019exactitude et l\u2019int\u00e9grit\u00e9 des donn\u00e9es relatives aux passagers avant leur embarquement.<\/p>\n\n\n\n<p class=\"wp-block-paragraph\">Le mouvement n\u2019est d\u2019ailleurs pas totalement nouveau. Les voyages en avion entre la Grande-Bretagne et l\u2019Irlande ont d\u00e9j\u00e0 connu un durcissement similaire. En f\u00e9vrier, Aer Lingus a rejoint Ryanair dans l\u2019application de r\u00e8gles imposant un passeport aux passagers voyageant entre les deux pays. Le ferry suit donc progressivement la m\u00eame direction que le transport a\u00e9rien.<\/p>\n\n\n\n<h2 class=\"wp-block-heading\"><strong>Les voyageurs fran\u00e7ais doivent-ils s\u2019en inqui\u00e9ter ?<\/strong><\/h2>\n\n\n\n<p class=\"wp-block-paragraph\">Pour un Fran\u00e7ais qui souhaite simplement prendre un ferry entre la Grande-Bretagne et l\u2019<a href=\"https:\/\/discover.ulysse.com\/plus-beaux-jardins-irlande\" data-type=\"post\" data-id=\"9694\">Irlande<\/a>, le r\u00e9flexe est assez simple : pr\u00e9voyez votre passeport valide.<\/p>\n\n\n\n<p class=\"wp-block-paragraph\">La nouvelle r\u00e8gle ne change pas seulement la question de l\u2019embarquement. Elle rappelle surtout qu\u2019un voyage qui para\u00eet tr\u00e8s simple sur le papier peut n\u00e9cessiter des documents pr\u00e9cis une fois arriv\u00e9 au port.<\/p>\n\n\n\n<p class=\"wp-block-paragraph\">Et contrairement \u00e0 une carte d\u2019identit\u00e9 arriv\u00e9e \u00e0 expiration que l\u2019on aurait oubli\u00e9e au fond d\u2019un tiroir, un passeport doit \u00e9videmment \u00eatre valable au moment du voyage.<\/p>\n\n\n\n<p class=\"wp-block-paragraph\">Les passagers ayant d\u00e9j\u00e0 r\u00e9serv\u00e9 sont donc bien avis\u00e9s de v\u00e9rifier leurs documents maintenant plut\u00f4t que de d\u00e9couvrir le probl\u00e8me devant le guichet.<\/p>\n\n\n\n<h2 class=\"wp-block-heading\"><strong>Une formalit\u00e9 de plus \u00e0 ne pas oublier<\/strong><\/h2>\n\n\n\n<p class=\"wp-block-paragraph\">Pour les habitu\u00e9s des ferries, la diff\u00e9rence peut sembler minime. Mais un passeport oubli\u00e9 ou p\u00e9rim\u00e9 peut suffire \u00e0 transformer une travers\u00e9e tranquille en gros probl\u00e8me le jour du d\u00e9part.<\/p>\n\n\n\n<p class=\"wp-block-paragraph\">La bonne nouvelle, c\u2019est que le changement ne prendra effet que le 28 septembre. Les voyageurs disposent donc encore de quelques semaines pour v\u00e9rifier leur situation et, si n\u00e9cessaire, renouveler leur document.<\/p>\n\n\n\n<p class=\"wp-block-paragraph\">Et pour ceux qui ont pr\u00e9vu une escapade automnale en Irlande, une petite v\u00e9rification avant de charger les valises dans la voiture pourrait \u00e9viter une mauvaise surprise une fois arriv\u00e9 au port.<\/p>\n\n\n\n<p class=\"wp-block-paragraph\">Le <a href=\"https:\/\/discover.ulysse.com\/bientot-ferry-france-ecosse-traversee-inedite\" data-type=\"post\" data-id=\"26254\">ferry <\/a>reste le ferry. Mais \u00e0 partir de la fin septembre, le passeport risque bien de devenir l\u2019un des premiers objets \u00e0 v\u00e9rifier avant de prendre la mer.<\/p>\n\n\n\n<figure class=\"wp-block-embed is-type-rich is-provider-x wp-block-embed-x\"><div class=\"wp-block-embed__wrapper\">\n<blockquote class=\"twitter-tweet\" data-width=\"500\" data-dnt=\"true\"><p lang=\"en\" dir=\"ltr\">Ferry travelers between Ireland and Britain will be required to present a valid passport starting at the end of next month, in accordance with UK Border Force regulations. <a href=\"https:\/\/t.co\/zEDvSsem6h\">https:\/\/t.co\/zEDvSsem6h<\/a> <a href=\"https:\/\/t.co\/xunuip6sYS\">pic.twitter.com\/xunuip6sYS<\/a><\/p>&mdash; Irish Star US (@IrishStarUS) <a href=\"https:\/\/x.com\/IrishStarUS\/status\/2094084243806617814?ref_src=twsrc%5Etfw\">August 30, 2026<\/a><\/blockquote><script async src=\"https:\/\/platform.x.com\/widgets.js\" charset=\"utf-8\"><\/script>\n<\/div><\/figure>\n","protected":false},"excerpt":{"rendered":"<p>Une nouvelle r\u00e8gle va changer les habitudes de nombreux voyageurs d\u00e8s la fin septembre, avec un document qu\u2019il faudra d\u00e9sormais avoir sous la main avant d\u2019arriver au port.<\/p>\n","protected":false},"author":3,"featured_media":51738,"comment_status":"open","ping_status":"closed","sticky":false,"template":"","format":"standard","meta":{"_acf_changed":false,"_sitemap_exclude":false,"_sitemap_priority":"","_sitemap_frequency":"","footnotes":"","rank_math_title":"","rank_math_description":"D\u00e8s le 28 septembre, un passeport valide sera exig\u00e9 sur plusieurs ferries entre la Grande-Bretagne et l\u2019Irlande. \n","rank_math_canonical_url":"","rank_math_focus_keyword":"irlande"},"categories":[889],"tags":[],"class_list":["post-51734","post","type-post","status-publish","format-standard","has-post-thumbnail","hentry","category-new-2"],"acf":[],"_links":{"self":[{"href":"https:\/\/ulysse.com\/news\/wp-json\/wp\/v2\/posts\/51734","targetHints":{"allow":["GET"]}}],"collection":[{"href":"https:\/\/ulysse.com\/news\/wp-json\/wp\/v2\/posts"}],"about":[{"href":"https:\/\/ulysse.com\/news\/wp-json\/wp\/v2\/types\/post"}],"author":[{"embeddable":true,"href":"https:\/\/ulysse.com\/news\/wp-json\/wp\/v2\/users\/3"}],"replies":[{"embeddable":true,"href":"https:\/\/ulysse.com\/news\/wp-json\/wp\/v2\/comments?post=51734"}],"version-history":[{"count":2,"href":"https:\/\/ulysse.com\/news\/wp-json\/wp\/v2\/posts\/51734\/revisions"}],"predecessor-version":[{"id":51783,"href":"https:\/\/ulysse.com\/news\/wp-json\/wp\/v2\/posts\/51734\/revisions\/51783"}],"wp:featuredmedia":[{"embeddable":true,"href":"https:\/\/ulysse.com\/news\/wp-json\/wp\/v2\/media\/51738"}],"wp:attachment":[{"href":"https:\/\/ulysse.com\/news\/wp-json\/wp\/v2\/media?parent=51734"}],"wp:term":[{"taxonomy":"category","embeddable":true,"href":"https:\/\/ulysse.com\/news\/wp-json\/wp\/v2\/categories?post=51734"},{"taxonomy":"post_tag","embeddable":true,"href":"https:\/\/ulysse.com\/news\/wp-json\/wp\/v2\/tags?post=51734"}],"curies":[{"name":"wp","href":"https:\/\/api.w.org\/{rel}","templated":true}]}}