{"id":51740,"date":"2026-09-01T06:03:00","date_gmt":"2026-09-01T05:03:00","guid":{"rendered":"https:\/\/discover.ulysse.com\/?p=51740"},"modified":"2026-09-01T00:40:22","modified_gmt":"2026-08-31T23:40:22","slug":"destination-europeenne-reservations-septembre","status":"publish","type":"post","link":"https:\/\/ulysse.com\/news\/destination-europeenne-reservations-septembre","title":{"rendered":"Cette destination europ\u00e9enne voit ses r\u00e9servations cro\u00eetre de 43 % pour le mois de septembre"},"content":{"rendered":"\n<p class=\"wp-block-paragraph\">Il y a ceux qui rangent les valises d\u00e8s le 31 ao\u00fbt et ceux qui ont compris que septembre pouvait \u00eatre un excellent mois pour partir. Moins de monde, des temp\u00e9ratures g\u00e9n\u00e9ralement plus agr\u00e9ables et parfois de jolies \u00e9conomies \u00e0 la cl\u00e9. L\u2019arri\u00e8re-saison a d\u00e9cid\u00e9ment quelques arguments bien plac\u00e9s.<\/p>\n\n\n\n<p class=\"wp-block-paragraph\">Et cette ann\u00e9e, les r\u00e9servations pour septembre y ont progress\u00e9 de 57 % en un an. De quoi confirmer une tendance qui se dessine depuis quelques ann\u00e9es. Les voyageurs ne consid\u00e8rent plus forc\u00e9ment septembre comme le mois o\u00f9 les vacances sont termin\u00e9es, mais comme une p\u00e9riode id\u00e9ale pour remettre les voiles.<\/p>\n\n\n\n<h2 class=\"wp-block-heading\"><strong>L\u2019Espagne rafle une \u00e9norme part des r\u00e9servations<\/strong><\/h2>\n\n\n\n<p class=\"wp-block-paragraph\">La grande gagnante s\u2019appelle l\u2019Espagne. Selon les donn\u00e9es d\u2019eSky reprises par <a href=\"https:\/\/fr.euronews.com\/voyages\/2026\/08\/31\/lespagne-au-dela-des-plages-les-destinations-a-visiter-cet-automne\" target=\"_blank\" rel=\"noopener\">Euronews<\/a>, le pays repr\u00e9sente \u00e0 lui seul 43 % des r\u00e9servations pour septembre, tr\u00e8s loin devant l\u2019Italie, qui arrive derri\u00e8re avec 11 %, puis la France avec 6 %. Le Portugal et la Gr\u00e8ce compl\u00e8tent \u00e9galement le groupe de t\u00eate.<\/p>\n\n\n\n<p class=\"wp-block-paragraph\">Un tel \u00e9cart ne doit \u00e9videmment rien au hasard. L\u2019Espagne coche pratiquement toutes les cases recherch\u00e9es par les voyageurs en septembre. Elle est facilement accessible depuis la France, poss\u00e8de encore de nombreuses zones baign\u00e9es de soleil et propose une vari\u00e9t\u00e9 de paysages suffisamment importante pour changer compl\u00e8tement d\u2019ambiance sans changer de pays.<\/p>\n\n\n\n<p class=\"wp-block-paragraph\">Et surtout, le choix ne s\u2019arr\u00eate pas aux plages. Pour ceux qui veulent encore profiter de la mer, les Bal\u00e9ares, les Canaries ou certaines r\u00e9gions du littoral restent des valeurs s\u00fbres. Mais ceux qui pr\u00e9f\u00e8rent \u00e9viter les stations baln\u00e9aires satur\u00e9es peuvent aussi mettre le cap vers l\u2019int\u00e9rieur.<\/p>\n\n\n\n<p class=\"wp-block-paragraph\">C\u2019est l\u00e0 que l\u2019Espagne devient particuli\u00e8rement int\u00e9ressante \u00e0 l\u2019automne.<\/p>\n\n\n\n<figure class=\"wp-block-embed is-type-rich is-provider-x wp-block-embed-x\"><div class=\"wp-block-embed__wrapper\">\n<blockquote class=\"twitter-tweet\" data-width=\"500\" data-dnt=\"true\"><p lang=\"fr\" dir=\"ltr\">L&#39;Espagne au-del\u00e0 des plages: les destinations \u00e0 visiter cet automne <a href=\"https:\/\/t.co\/3afIBbMLvK\">https:\/\/t.co\/3afIBbMLvK<\/a><\/p>&mdash; euronews en fran\u00e7ais (@euronewsfr) <a href=\"https:\/\/x.com\/euronewsfr\/status\/2094338849690292506?ref_src=twsrc%5Etfw\">August 31, 2026<\/a><\/blockquote><script async src=\"https:\/\/platform.x.com\/widgets.js\" charset=\"utf-8\"><\/script>\n<\/div><\/figure>\n\n\n\n<h2 class=\"wp-block-heading\"><strong>Tenerife, Majorque ou Madrid : trois voyages en un<\/strong><\/h2>\n\n\n\n<p class=\"wp-block-paragraph\">Dans le classement des destinations les plus r\u00e9serv\u00e9es pour septembre, Tenerife arrive en t\u00eate, devant Rome et Paris. L\u2019\u00eele canarienne conserve \u00e9videmment un \u00e9norme avantage. Son climat permet de prolonger la parenth\u00e8se estivale alors que la rentr\u00e9e commence d\u00e9j\u00e0 \u00e0 s\u2019installer ailleurs.<\/p>\n\n\n\n<p class=\"wp-block-paragraph\">Palma de Majorque suit parmi les destinations espagnoles les plus demand\u00e9es. Ici encore, septembre permet de profiter de l\u2019\u00eele dans une atmosph\u00e8re diff\u00e9rente de celle du plein mois d\u2019ao\u00fbt.<\/p>\n\n\n\n<p class=\"wp-block-paragraph\">Mais l\u2019Espagne ne se r\u00e9sume pas \u00e0 ses \u00eeles. Madrid figure \u00e9galement parmi les destinations les plus recherch\u00e9es. La capitale offre une tout autre exp\u00e9rience, entre mus\u00e9es, grandes places, quartiers anim\u00e9s et terrasses o\u00f9 l\u2019on peut encore s\u2019attarder le soir.<\/p>\n\n\n\n<p class=\"wp-block-paragraph\">Ibiza et Gran Canaria compl\u00e8tent \u00e9galement les destinations espagnoles qui attirent particuli\u00e8rement les voyageurs.<\/p>\n\n\n\n<p class=\"wp-block-paragraph\">Autrement dit, septembre permet de choisir son Espagne : plage, ville, randonn\u00e9e, gastronomie ou petit m\u00e9lange de tout cela.<\/p>\n\n\n\n<figure class=\"wp-block-embed is-type-rich is-provider-pinterest wp-block-embed-pinterest\"><div class=\"wp-block-embed__wrapper\">\n<iframe loading=\"lazy\" title=\" \" src=\"https:\/\/assets.pinterest.com\/ext\/embed.html?id=167055467424319776&#038;src=oembed\" height=\"898\" width=\"450\" frameborder=\"0\" scrolling=\"no\" ><\/iframe>\n<\/div><\/figure>\n\n\n\n<h2 class=\"wp-block-heading\"><strong>Et si l\u2019on profitait justement de l\u2019arri\u00e8re-saison ?<\/strong><\/h2>\n\n\n\n<p class=\"wp-block-paragraph\">Le succ\u00e8s de septembre repose aussi sur une m\u00e9canique assez simple. En juillet et en ao\u00fbt, les grandes destinations touristiques peuvent rapidement devenir \u00e9touffantes. Les temp\u00e9ratures grimpent, les plages se remplissent et les lieux les plus populaires donnent parfois davantage envie de chercher un coin tranquille que de sortir son appareil photo.<\/p>\n\n\n\n<p class=\"wp-block-paragraph\">En septembre, l\u2019ambiance change. Les temp\u00e9ratures commencent progressivement \u00e0 baisser dans certaines r\u00e9gions, les vacanciers repartent et les professionnels du tourisme entrent dans une p\u00e9riode moins fr\u00e9n\u00e9tique. Les prix peuvent \u00e9galement \u00eatre plus int\u00e9ressants, m\u00eame si cela d\u00e9pend \u00e9videmment de la destination, des dates et du type d\u2019h\u00e9bergement.<\/p>\n\n\n\n<p class=\"wp-block-paragraph\">C\u2019est justement ce m\u00e9lange qui semble pousser les r\u00e9servations \u00e0 la hausse. Selon les donn\u00e9es utilis\u00e9es par eSky, les r\u00e9servations de voyages pour septembre ont augment\u00e9 de 57 % par rapport \u00e0 l\u2019ann\u00e9e pr\u00e9c\u00e9dente.<\/p>\n\n\n\n<p class=\"wp-block-paragraph\">Une progression spectaculaire qui montre que l\u2019arri\u00e8re-saison n\u2019est plus seulement le refuge de quelques retrait\u00e9s ou de voyageurs pouvant prendre leurs cong\u00e9s quand bon leur semble.<\/p>\n\n\n\n<h2 class=\"wp-block-heading\"><strong>Les Fran\u00e7ais restent particuli\u00e8rement proches<\/strong><\/h2>\n\n\n\n<p class=\"wp-block-paragraph\">Autre tendance int\u00e9ressante, les voyageurs continuent largement \u00e0 privil\u00e9gier les destinations accessibles. Les donn\u00e9es d\u2019eDreams montrent que 58 % des r\u00e9servations de vols effectu\u00e9es pour septembre concernent des trajets court-courriers.<\/p>\n\n\n\n<p class=\"wp-block-paragraph\">Pas besoin donc de pr\u00e9parer un itin\u00e9raire de trois pages et de passer douze heures dans un avion pour prolonger l\u2019\u00e9t\u00e9.<\/p>\n\n\n\n<p class=\"wp-block-paragraph\"><a href=\"https:\/\/discover.ulysse.com\/france-destination-favorite\" data-type=\"post\" data-id=\"50214\">L\u2019Espagne <\/a>est particuli\u00e8rement bien plac\u00e9e sur ce terrain. Depuis la France, Barcelone, Madrid, Palma ou encore les principales \u00eeles espagnoles restent accessibles en quelques heures.<\/p>\n\n\n\n<p class=\"wp-block-paragraph\">Cette proximit\u00e9 permet aussi de partir pour quelques jours seulement. Un long week-end \u00e0 Madrid, une semaine \u00e0 <a href=\"https:\/\/discover.ulysse.com\/plus-belles-criques-ile-de-majorque\" data-type=\"post\" data-id=\"11058\">Majorque <\/a>ou quelques jours \u00e0 Tenerife peuvent ainsi suffire pour s\u2019offrir une vraie coupure sans transformer le voyage en exp\u00e9dition.<\/p>\n\n\n\n<h2 class=\"wp-block-heading\"><strong>L\u2019Espagne commence aussi \u00e0 se d\u00e9couvrir loin des plages<\/strong><\/h2>\n\n\n\n<p class=\"wp-block-paragraph\">C\u2019est peut-\u00eatre ici que se trouve le meilleur argument pour septembre. Lorsque la chaleur devient moins \u00e9crasante, les villes historiques et les r\u00e9gions rurales prennent une autre dimension.<\/p>\n\n\n\n<p class=\"wp-block-paragraph\">Salamanque, par exemple, se visite tr\u00e8s facilement \u00e0 pied. Sa Plaza Mayor, sa vieille universit\u00e9 et ses b\u00e2timents en pierre dor\u00e9e donnent une tout autre image de l\u2019Espagne.<\/p>\n\n\n\n<p class=\"wp-block-paragraph\">Plus au nord, les Asturies offrent des paysages beaucoup plus verts, avec des montagnes, des for\u00eats et une gastronomie g\u00e9n\u00e9reuse. Dans la vall\u00e9e d\u2019Ambroz, en Estr\u00e9madure, les for\u00eats de ch\u00e2taigniers et de ch\u00eanes commencent quant \u00e0 elles \u00e0 prendre leurs couleurs automnales.<\/p>\n\n\n\n<p class=\"wp-block-paragraph\">Et pour les amateurs de vin, septembre ouvre \u00e9galement la saison des vendanges dans plusieurs r\u00e9gions viticoles, notamment en Rioja et dans la Ribera del Duero.<\/p>\n\n\n\n<p class=\"wp-block-paragraph\">La destination la plus r\u00e9serv\u00e9e du mois peut donc aussi devenir une destination de randonn\u00e9e, de patrimoine ou de gastronomie.<\/p>\n\n\n\n<figure class=\"wp-block-embed is-type-rich is-provider-pinterest wp-block-embed-pinterest\"><div class=\"wp-block-embed__wrapper\">\n<iframe loading=\"lazy\" title=\" \" src=\"https:\/\/assets.pinterest.com\/ext\/embed.html?id=4604789956744697728&#038;src=oembed\" height=\"371\" width=\"450\" frameborder=\"0\" scrolling=\"no\" ><\/iframe>\n<\/div><\/figure>\n","protected":false},"excerpt":{"rendered":"<p>Septembre s\u2019annonce particuli\u00e8rement anim\u00e9 dans cette destination europ\u00e9enne, qui s\u00e9duit les voyageurs avec son soleil, ses prix plus doux et une foule moins pr\u00e9sente.<\/p>\n","protected":false},"author":3,"featured_media":51744,"comment_status":"open","ping_status":"closed","sticky":false,"template":"","format":"standard","meta":{"_acf_changed":false,"_sitemap_exclude":false,"_sitemap_priority":"","_sitemap_frequency":"","footnotes":"","rank_math_title":"","rank_math_description":"Avec 57 % de r\u00e9servations en plus pour septembre, cette destination europ\u00e9enne s\u2019impose comme la grande gagnante de l\u2019arri\u00e8re-saison. \n","rank_math_canonical_url":"","rank_math_focus_keyword":"destination,europe"},"categories":[3],"tags":[],"class_list":["post-51740","post","type-post","status-publish","format-standard","has-post-thumbnail","hentry","category-voyage"],"acf":[],"_links":{"self":[{"href":"https:\/\/ulysse.com\/news\/wp-json\/wp\/v2\/posts\/51740","targetHints":{"allow":["GET"]}}],"collection":[{"href":"https:\/\/ulysse.com\/news\/wp-json\/wp\/v2\/posts"}],"about":[{"href":"https:\/\/ulysse.com\/news\/wp-json\/wp\/v2\/types\/post"}],"author":[{"embeddable":true,"href":"https:\/\/ulysse.com\/news\/wp-json\/wp\/v2\/users\/3"}],"replies":[{"embeddable":true,"href":"https:\/\/ulysse.com\/news\/wp-json\/wp\/v2\/comments?post=51740"}],"version-history":[{"count":2,"href":"https:\/\/ulysse.com\/news\/wp-json\/wp\/v2\/posts\/51740\/revisions"}],"predecessor-version":[{"id":51775,"href":"https:\/\/ulysse.com\/news\/wp-json\/wp\/v2\/posts\/51740\/revisions\/51775"}],"wp:featuredmedia":[{"embeddable":true,"href":"https:\/\/ulysse.com\/news\/wp-json\/wp\/v2\/media\/51744"}],"wp:attachment":[{"href":"https:\/\/ulysse.com\/news\/wp-json\/wp\/v2\/media?parent=51740"}],"wp:term":[{"taxonomy":"category","embeddable":true,"href":"https:\/\/ulysse.com\/news\/wp-json\/wp\/v2\/categories?post=51740"},{"taxonomy":"post_tag","embeddable":true,"href":"https:\/\/ulysse.com\/news\/wp-json\/wp\/v2\/tags?post=51740"}],"curies":[{"name":"wp","href":"https:\/\/api.w.org\/{rel}","templated":true}]}}