{"id":51761,"date":"2026-09-01T08:25:00","date_gmt":"2026-09-01T07:25:00","guid":{"rendered":"https:\/\/discover.ulysse.com\/?p=51761"},"modified":"2026-09-01T00:50:18","modified_gmt":"2026-08-31T23:50:18","slug":"petit-pays-caraibes-attire-francais","status":"publish","type":"post","link":"https:\/\/ulysse.com\/news\/petit-pays-caraibes-attire-francais","title":{"rendered":"Entre jungle et eaux turquoise, ce petit pays des Cara\u00efbes s\u00e9duit les Fran\u00e7ais en qu\u00eate d&#8217;authenticit\u00e9"},"content":{"rendered":"\n<p class=\"wp-block-paragraph\">Entre for\u00eat tropicale, vestiges mayas et eaux des Cara\u00efbes, une petite destination d\u2019Am\u00e9rique centrale gagne en visibilit\u00e9 aupr\u00e8s des voyageurs fran\u00e7ais. Encore relativement discr\u00e8te dans les catalogues touristiques europ\u00e9ens, elle combine patrimoine arch\u00e9ologique, nature, plong\u00e9e et d\u00e9placements sur un territoire compact.<\/p>\n\n\n\n<h2 class=\"wp-block-heading\">Le Belize, un petit pays des Cara\u00efbes encore peu fr\u00e9quent\u00e9<\/h2>\n\n\n\n<p class=\"wp-block-paragraph\">Le pays en question est le Belize, situ\u00e9 entre le Mexique, le Guatemala et <a href=\"https:\/\/discover.ulysse.com\/sainte-lucie-entre-terre-et-mer-joyau-caraibes\" data-type=\"post\" data-id=\"6377\">la mer des Cara\u00efbes<\/a>. Ancienne colonie britannique devenue ind\u00e9pendante en 1981, il couvre environ 22 970 km\u00b2 et compte pr\u00e8s de 400 000 habitants. L\u2019anglais y est la langue officielle, une particularit\u00e9 en Am\u00e9rique centrale, o\u00f9 l\u2019espagnol domine dans les pays voisins.<\/p>\n\n\n\n<p class=\"wp-block-paragraph\">Sa taille permet de relier plusieurs r\u00e9gions au cours d\u2019un m\u00eame s\u00e9jour. Belize City sert souvent de point d\u2019arriv\u00e9e ou de transit avant de rejoindre l\u2019int\u00e9rieur du pays ou les \u00eeles de la c\u00f4te. Luis Recinos, chef de produit Belize chez Voyageurs du Monde, d\u00e9crit dans <a href=\"https:\/\/www.lefigaro.fr\/voyages\/guides\/plages-de-reve-ruines-mayas-meconnues-pourquoi-le-belize-est-la-destination-qui-monte-dans-les-caraibes-20260831\" target=\"_blank\" rel=\"noopener\">Le Figaro<\/a> un r\u00e9seau routier \u00ab en bon \u00e9tat et peu fr\u00e9quent\u00e9 \u00bb. Violette Duval, Fran\u00e7aise ayant parcouru l\u2019Am\u00e9rique centrale en 2025, explique, pour sa part, ne s\u2019\u00eatre \u00ab jamais sentie en danger \u00bb lors de son voyage en solo dans le pays.<\/p>\n\n\n\n<h2 class=\"wp-block-heading\">Des cit\u00e9s mayas diss\u00e9min\u00e9es au c\u0153ur de la jungle<\/h2>\n\n\n\n<p class=\"wp-block-paragraph\">Le Belize poss\u00e8de plusieurs sites arch\u00e9ologiques h\u00e9rit\u00e9s de la civilisation maya. Xunantunich, pr\u00e8s de la fronti\u00e8re avec le Guatemala, est notamment connu pour sa pyramide principale, haute d\u2019environ 40 m\u00e8tres. Plus au sud, Caracol constitue le plus vaste site maya du territoire. Son d\u00e9veloppement remonte \u00e0 la p\u00e9riode classique de la civilisation maya.<\/p>\n\n\n\n<figure class=\"wp-block-embed is-type-rich is-provider-x wp-block-embed-x\"><div class=\"wp-block-embed__wrapper\">\n<blockquote class=\"twitter-tweet\" data-width=\"500\" data-dnt=\"true\"><p lang=\"en\" dir=\"ltr\">A quieter Belize is calling. September brings lush green landscapes, warm seas, and all the adventure you love, with fewer crowds and better value. Plan your Belize getaway at <a href=\"https:\/\/t.co\/bgCTsFFNom\">https:\/\/t.co\/bgCTsFFNom<\/a>.<a href=\"https:\/\/x.com\/hashtag\/SeptemberInBelize?src=hash&amp;ref_src=twsrc%5Etfw\">#SeptemberInBelize<\/a> <a href=\"https:\/\/x.com\/hashtag\/QuietEscape?src=hash&amp;ref_src=twsrc%5Etfw\">#QuietEscape<\/a> <a href=\"https:\/\/x.com\/hashtag\/VisitBelize?src=hash&amp;ref_src=twsrc%5Etfw\">#VisitBelize<\/a> <a href=\"https:\/\/x.com\/hashtag\/BelizeHub?src=hash&amp;ref_src=twsrc%5Etfw\">#BelizeHub<\/a> <a href=\"https:\/\/t.co\/8Nai1kMUqQ\">pic.twitter.com\/8Nai1kMUqQ<\/a><\/p>&mdash; Belize Hub (@belizehub) <a href=\"https:\/\/x.com\/belizehub\/status\/2094455382462906445?ref_src=twsrc%5Etfw\">August 31, 2026<\/a><\/blockquote><script async src=\"https:\/\/platform.x.com\/widgets.js\" charset=\"utf-8\"><\/script>\n<\/div><\/figure>\n\n\n\n<p class=\"wp-block-paragraph\">Pr\u00e8s de Belize City, Altun Ha conserve plusieurs temples, tandis que Lamanai se distingue par son emplacement au milieu de <a href=\"https:\/\/discover.ulysse.com\/plus-belles-plages-cuba\" data-type=\"post\" data-id=\"12114\">la v\u00e9g\u00e9tation tropicale<\/a>. Une partie du trajet vers ce site peut s\u2019effectuer en bateau. Luis Recinos souligne qu\u2019\u00ab il n\u2019est pas rare de se retrouver seul au milieu de ces ruines \u00bb. Cette fr\u00e9quentation plus limit\u00e9e distingue ces sites de destinations arch\u00e9ologiques tr\u00e8s visit\u00e9es, comme Chich\u00e9n Itz\u00e1, Tulum, au Mexique, ou Tikal, au Guatemala.<\/p>\n\n\n\n<h2 class=\"wp-block-heading\">Une nouvelle liaison facilite le voyage depuis la France<\/h2>\n\n\n\n<p class=\"wp-block-paragraph\">Le Belize ne dispose toujours pas de vol direct au d\u00e9part de la France ou de l\u2019Europe. Les voyageurs doivent effectuer une correspondance, notamment en Am\u00e9rique du Nord ou au Mexique, avant d\u2019atterrir \u00e0 l\u2019a\u00e9roport international Philip S. W. Goldson, situ\u00e9 pr\u00e8s de Belize City.<\/p>\n\n\n\n<p class=\"wp-block-paragraph\">Depuis d\u00e9cembre 2025, Air Canada exploite une liaison saisonni\u00e8re entre Montr\u00e9al et Belize City. Les correspondances propos\u00e9es depuis Paris, Nice et Toulouse offrent un itin\u00e9raire suppl\u00e9mentaire aux voyageurs fran\u00e7ais. Selon les horaires, un d\u00e9part de France le matin permet de rejoindre le petit pays des Cara\u00efbes dans la soir\u00e9e. Voyageurs du Monde commercialise d\u00e9sormais des s\u00e9jours enti\u00e8rement consacr\u00e9s au pays, g\u00e9n\u00e9ralement organis\u00e9s sur une dur\u00e9e comprise entre 10 et 15 jours.<\/p>\n\n\n\n<h2 class=\"wp-block-heading\">La barri\u00e8re de corail du Belize attire plongeurs et amateurs de snorkeling<\/h2>\n\n\n\n<p class=\"wp-block-paragraph\">La c\u00f4te constitue un autre p\u00f4le du tourisme b\u00e9lizien. La barri\u00e8re de corail du Belize est pr\u00e9sent\u00e9e comme la deuxi\u00e8me plus longue au monde apr\u00e8s la Grande Barri\u00e8re de corail australienne. Le Great Blue Hole, vaste cavit\u00e9 marine circulaire, figure parmi <a href=\"https:\/\/discover.ulysse.com\/5-meilleurs-spots-plongee-cuba\" data-type=\"post\" data-id=\"14497\">les sites de plong\u00e9e<\/a> les plus connus du pays.<\/p>\n\n\n\n<p class=\"wp-block-paragraph\">Les atolls de Glover&#8217;s Reef et de Turneffe sont \u00e9galement fr\u00e9quent\u00e9s pour la plong\u00e9e et le snorkeling. Les eaux locales abritent notamment des tortues, requins nourrices et lamantins. G\u00e9rard Carnot, directeur d\u2019Ultramarina, met en avant la diversit\u00e9 des fonds marins propos\u00e9s aux plongeurs.<\/p>\n\n\n\n<p class=\"wp-block-paragraph\">L\u2019offre d\u2019h\u00e9bergement accompagne cette diversification touristique. Sylvie Bernon, directrice de Club Faune, cite notamment le Copal Tree Lodge, le Gaia River Lodge, le Blancaneaux Lodge, le Hamanasi Adventure &amp; Dive Resort, The Lodge at Jaguar Reef et le Naia Resort &amp; Spa. Ces \u00e9tablissements sont r\u00e9partis entre l\u2019int\u00e9rieur du pays et le littoral, ce qui permet de combiner jungle, sites mayas et s\u00e9jours au bord de la mer des Cara\u00efbes au cours d\u2019un m\u00eame voyage.<\/p>\n","protected":false},"excerpt":{"rendered":"<p>Entre for\u00eat tropicale, vestiges mayas et eaux des Cara\u00efbes, une petite destination d\u2019Am\u00e9rique centrale gagne en visibilit\u00e9 aupr\u00e8s des voyageurs [&hellip;]<\/p>\n","protected":false},"author":4,"featured_media":36157,"comment_status":"open","ping_status":"closed","sticky":false,"template":"","format":"standard","meta":{"_acf_changed":false,"_sitemap_exclude":false,"_sitemap_priority":"","_sitemap_frequency":"","footnotes":"","rank_math_title":"","rank_math_description":"","rank_math_canonical_url":"","rank_math_focus_keyword":"cara\u00efbes"},"categories":[3],"tags":[],"class_list":["post-51761","post","type-post","status-publish","format-standard","has-post-thumbnail","hentry","category-voyage"],"acf":[],"_links":{"self":[{"href":"https:\/\/ulysse.com\/news\/wp-json\/wp\/v2\/posts\/51761","targetHints":{"allow":["GET"]}}],"collection":[{"href":"https:\/\/ulysse.com\/news\/wp-json\/wp\/v2\/posts"}],"about":[{"href":"https:\/\/ulysse.com\/news\/wp-json\/wp\/v2\/types\/post"}],"author":[{"embeddable":true,"href":"https:\/\/ulysse.com\/news\/wp-json\/wp\/v2\/users\/4"}],"replies":[{"embeddable":true,"href":"https:\/\/ulysse.com\/news\/wp-json\/wp\/v2\/comments?post=51761"}],"version-history":[{"count":4,"href":"https:\/\/ulysse.com\/news\/wp-json\/wp\/v2\/posts\/51761\/revisions"}],"predecessor-version":[{"id":51777,"href":"https:\/\/ulysse.com\/news\/wp-json\/wp\/v2\/posts\/51761\/revisions\/51777"}],"wp:featuredmedia":[{"embeddable":true,"href":"https:\/\/ulysse.com\/news\/wp-json\/wp\/v2\/media\/36157"}],"wp:attachment":[{"href":"https:\/\/ulysse.com\/news\/wp-json\/wp\/v2\/media?parent=51761"}],"wp:term":[{"taxonomy":"category","embeddable":true,"href":"https:\/\/ulysse.com\/news\/wp-json\/wp\/v2\/categories?post=51761"},{"taxonomy":"post_tag","embeddable":true,"href":"https:\/\/ulysse.com\/news\/wp-json\/wp\/v2\/tags?post=51761"}],"curies":[{"name":"wp","href":"https:\/\/api.w.org\/{rel}","templated":true}]}}