{"id":51766,"date":"2026-09-01T11:10:09","date_gmt":"2026-09-01T10:10:09","guid":{"rendered":"https:\/\/discover.ulysse.com\/?p=51766"},"modified":"2026-09-01T11:10:12","modified_gmt":"2026-09-01T10:10:12","slug":"thailande-jours-visa-septembre","status":"publish","type":"post","link":"https:\/\/ulysse.com\/news\/thailande-jours-visa-septembre","title":{"rendered":"Tha\u00eflande : Cette nouvelle r\u00e8gle va r\u00e9duire votre s\u00e9jour sans visa de moiti\u00e9 d\u00e8s ce mois de septembre"},"content":{"rendered":"\n<p class=\"wp-block-paragraph\">La Tha\u00eflande vient de changer les r\u00e8gles du jeu pour les voyageurs \u00e9trangers. Apr\u00e8s plusieurs mois de discussions, la r\u00e9forme de son r\u00e9gime d\u2019exemption de visa est d\u00e9sormais officielle. A partir du 15 septembre 2026, le s\u00e9jour autoris\u00e9 sans visa passera de 60 \u00e0 30 jours pour les ressortissants de 60 pays et territoires, dont la France.<\/p>\n\n\n\n<p class=\"wp-block-paragraph\">Pour les voyageurs qui avaient pris l\u2019habitude de passer deux mois dans le pays sans demander de visa, la diff\u00e9rence est loin d\u2019\u00eatre anodine. Un s\u00e9jour de quelques semaines reste parfaitement possible, mais ceux qui comptaient profiter de l\u2019exemption pour rester plus longtemps devront d\u00e9sormais anticiper davantage leur voyage.<\/p>\n\n\n\n<h2 class=\"wp-block-heading\"><strong>Les Fran\u00e7ais n\u2019auront plus 60 jours sans visa<\/strong><\/h2>\n\n\n\n<p class=\"wp-block-paragraph\">C\u2019est la principale nouveaut\u00e9 de la r\u00e9forme. Depuis juillet 2024, les ressortissants de 93 pays et territoires pouvaient entrer en Tha\u00eflande sans visa et obtenir jusqu\u2019\u00e0 60 jours de s\u00e9jour, notamment pour le tourisme. La France figurait dans cette liste.<\/p>\n\n\n\n<p class=\"wp-block-paragraph\">Ce dispositif prendra officiellement fin le 15 septembre. Les nouvelles r\u00e8gles ont \u00e9t\u00e9 publi\u00e9es dans la <a href=\"https:\/\/ratchakitcha.soc.go.th\/?__cf_chl_rt_tk=s4Zg2c_wuQZpo.lLNsdH.v9Ch0ck6Vm4RdBObg.uRLk-1788203441-1.0.1.1-OW5zDqkDO6sw0jyr8lCchJ5tmab7CcMXDANQNVbVJeY\" target=\"_blank\" rel=\"noopener\"><em>Royal Gazette<\/em> <\/a>tha\u00eflandaise le 31 ao\u00fbt, confirmant ainsi la date d\u2019entr\u00e9e en vigueur de la r\u00e9forme.<\/p>\n\n\n\n<p class=\"wp-block-paragraph\">D\u00e8s cette date, les ressortissants de 60 pays et territoires b\u00e9n\u00e9ficieront d&#8217;une exemption de visa touristique pour une dur\u00e9e maximale de 30 jours.<\/p>\n\n\n\n<p class=\"wp-block-paragraph\">La France fait partie de cette nouvelle liste, tout comme la Belgique, la Suisse, le Canada, les \u00c9tats-Unis, le Royaume-Uni, l\u2019Australie, l\u2019Allemagne, l\u2019Italie, l\u2019Espagne ou encore le Japon. La liste a donc \u00e9t\u00e9 consid\u00e9rablement r\u00e9duite par rapport au pr\u00e9c\u00e9dent dispositif.<\/p>\n\n\n\n<h2 class=\"wp-block-heading\"><strong>Ceux qui arrivent avant le 15 septembre ne perdent pas leurs jours<\/strong><\/h2>\n\n\n\n<p class=\"wp-block-paragraph\">Bonne nouvelle pour les voyageurs qui ont d\u00e9j\u00e0 pr\u00e9vu leur d\u00e9part. La nouvelle r\u00e8gle ne s\u2019applique pas r\u00e9troactivement. Une personne entrant en Tha\u00eflande avant le 15 septembre sous l\u2019ancien r\u00e9gime conservera la dur\u00e9e de s\u00e9jour qui lui aura \u00e9t\u00e9 accord\u00e9e \u00e0 son arriv\u00e9e.<\/p>\n\n\n\n<p class=\"wp-block-paragraph\">Autrement dit, quelqu\u2019un qui entre dans le pays avec une exemption de 60 jours avant la date fatidique ne verra pas son s\u00e9jour automatiquement r\u00e9duit \u00e0 30 jours le 15 septembre.<\/p>\n\n\n\n<p class=\"wp-block-paragraph\">Le minist\u00e8re tha\u00eflandais des Affaires \u00e9trang\u00e8res avait d\u00e9j\u00e0 pr\u00e9cis\u00e9 ce principe lors de l\u2019annonce de la r\u00e9forme. Pour les futurs voyageurs, en revanche, c\u2019est bien la date d\u2019entr\u00e9e en Tha\u00eflande qui devient d\u00e9terminante.<\/p>\n\n\n\n<h2 class=\"wp-block-heading\"><strong>Deux mois restent possibles, mais il faudra demander une prolongation<\/strong><\/h2>\n\n\n\n<p class=\"wp-block-paragraph\">Passer de 60 \u00e0 30 jours ne signifie pas n\u00e9cessairement qu\u2019un s\u00e9jour de deux mois devient impossible. Le nouveau syst\u00e8me doit permettre aux voyageurs concern\u00e9s de demander jusqu\u2019\u00e0 30 jours suppl\u00e9mentaires aupr\u00e8s des services de l\u2019immigration tha\u00eflandais.<\/p>\n\n\n\n<p class=\"wp-block-paragraph\">La prolongation n\u2019est toutefois pas automatique. Elle d\u00e9pend de l\u2019autorisation des autorit\u00e9s comp\u00e9tentes.<\/p>\n\n\n\n<p class=\"wp-block-paragraph\">En pratique, un voyageur fran\u00e7ais pourrait donc toujours rester potentiellement jusqu\u2019\u00e0 60 jours, mais son s\u00e9jour serait d\u00e9sormais d\u00e9coup\u00e9 en deux \u00e9tapes : 30 jours accord\u00e9s \u00e0 l\u2019entr\u00e9e, puis une \u00e9ventuelle prolongation de 30 jours.<\/p>\n\n\n\n<p class=\"wp-block-paragraph\">C\u2019est une diff\u00e9rence importante pour ceux qui avaient l\u2019habitude de partir en Tha\u00eflande sans avoir \u00e0 effectuer de d\u00e9marche suppl\u00e9mentaire.<\/p>\n\n\n\n<figure class=\"wp-block-embed is-type-rich is-provider-x wp-block-embed-x\"><div class=\"wp-block-embed__wrapper\">\n<blockquote class=\"twitter-tweet\" data-width=\"500\" data-dnt=\"true\"><p lang=\"fr\" dir=\"ltr\">\ud83c\uddf9\ud83c\udded \u2708\ufe0f Tha\u00eflande : l\u2019exemption de visa passera officiellement \u00e0 30 jours le 15 septembre 2026 \ud83d\udc47<a href=\"https:\/\/t.co\/WnK1w1gb9q\">https:\/\/t.co\/WnK1w1gb9q<\/a><\/p>&mdash; Action-Visas (@ActionVisas) <a href=\"https:\/\/x.com\/ActionVisas\/status\/2094425887479411043?ref_src=twsrc%5Etfw\">August 31, 2026<\/a><\/blockquote><script async src=\"https:\/\/platform.x.com\/widgets.js\" charset=\"utf-8\"><\/script>\n<\/div><\/figure>\n\n\n\n<h2 class=\"wp-block-heading\"><strong>Le nouveau syst\u00e8me concerne 60 pays<\/strong><\/h2>\n\n\n\n<p class=\"wp-block-paragraph\">Le groupe des pays b\u00e9n\u00e9ficiant de l\u2019exemption de 30 jours comprend notamment les principales nationalit\u00e9s touristiques europ\u00e9ennes et plusieurs pays d\u2019Asie, d\u2019Am\u00e9rique du Nord et d\u2019Oc\u00e9anie.<\/p>\n\n\n\n<p class=\"wp-block-paragraph\">On retrouve notamment : France, Belgique, Suisse, Allemagne, Espagne, Italie, Portugal, Pays-Bas, Royaume-Uni, Irlande, Autriche, Danemark, Su\u00e8de, Norv\u00e8ge, Finlande, Pologne, R\u00e9publique tch\u00e8que, Gr\u00e8ce, Hongrie, Canada, \u00c9tats-Unis, Australie, Nouvelle-Z\u00e9lande, Japon, Cor\u00e9e du Sud, Singapour, Malaisie, Indon\u00e9sie, Inde et Turquie.<\/p>\n\n\n\n<p class=\"wp-block-paragraph\">Le dispositif concerne \u00e9galement plusieurs pays du Moyen-Orient, dont les \u00c9mirats arabes unis, le Qatar, Bahre\u00efn et l\u2019Arabie saoudite. La liste d\u00e9finitive figure dans les nouveaux textes publi\u00e9s par les autorit\u00e9s tha\u00eflandaises.<\/p>\n\n\n\n<h2 class=\"wp-block-heading\"><strong>D\u2019autres nationalit\u00e9s auront des r\u00e8gles diff\u00e9rentes<\/strong><\/h2>\n\n\n\n<p class=\"wp-block-paragraph\">La r\u00e9forme ne se limite pas au passage de 60 \u00e0 30 jours. Deux pays, Maurice et les Seychelles, b\u00e9n\u00e9ficieront d\u2019une exemption touristique de 15 jours.<\/p>\n\n\n\n<p class=\"wp-block-paragraph\">Le r\u00e9gime du visa \u00e0 l\u2019arriv\u00e9e sera quant \u00e0 lui beaucoup plus restreint et concernera seulement l\u2019Azerba\u00efdjan, la Bi\u00e9lorussie et la Serbie dans le nouveau dispositif. L\u2019Inde, qui devait initialement conserver une place dans le syst\u00e8me du visa \u00e0 l\u2019arriv\u00e9e, rejoint finalement le groupe des pays b\u00e9n\u00e9ficiant de l\u2019exemption de 30 jours.<\/p>\n\n\n\n<p class=\"wp-block-paragraph\">La Tha\u00eflande cherche ainsi \u00e0 simplifier son syst\u00e8me en r\u00e9duisant le chevauchement entre les diff\u00e9rents dispositifs d\u2019entr\u00e9e. Le gouvernement avait approuv\u00e9 le principe de cette r\u00e9organisation d\u00e8s le mois de mai.<\/p>\n\n\n\n<h2 class=\"wp-block-heading\"><strong>Pourquoi Bangkok change-t-elle les r\u00e8gles ?<\/strong><\/h2>\n\n\n\n<p class=\"wp-block-paragraph\">Cette r\u00e9forme vise notamment \u00e0 mettre fin au syst\u00e8me particulier qui permettait depuis 2024 \u00e0 93 nationalit\u00e9s de rester jusqu\u2019\u00e0 deux mois sans visa.<\/p>\n\n\n\n<p class=\"wp-block-paragraph\">Le minist\u00e8re tha\u00eflandais des Affaires \u00e9trang\u00e8res avait expliqu\u00e9 vouloir revenir \u00e0 une organisation plus claire, avec un seul r\u00e9gime d\u2019exemption par pays ou territoire, afin d\u2019\u00e9viter les chevauchements entre exemptions et visas \u00e0 l\u2019arriv\u00e9e.<\/p>\n\n\n\n<p class=\"wp-block-paragraph\">Pour les voyageurs, le r\u00e9sultat est surtout tr\u00e8s concret. Le s\u00e9jour touristique sans visa devient plus court.<\/p>\n\n\n\n<p class=\"wp-block-paragraph\">La Tha\u00eflande ne ferme \u00e9videmment pas ses portes aux visiteurs. Elle conserve au contraire un r\u00e9gime d\u2019exemption particuli\u00e8rement large. Mais les voyageurs qui souhaitent rester plusieurs semaines devront d\u00e9sormais regarder de plus pr\u00e8s la dur\u00e9e autoris\u00e9e et les \u00e9ventuelles d\u00e9marches n\u00e9cessaires.<\/p>\n\n\n\n<h2 class=\"wp-block-heading\"><strong>Ce qu\u2019il faut retenir avant de partir<\/strong><\/h2>\n\n\n\n<p class=\"wp-block-paragraph\">Pour un Fran\u00e7ais qui pr\u00e9voit un voyage prochainement, le changement est assez simple \u00e0 retenir. Avant le 15 septembre 2026 : l\u2019exemption actuelle de 60 jours reste applicable.<\/p>\n\n\n\n<p class=\"wp-block-paragraph\">\u00c0 partir du 15 septembre : 30 jours sans visa \u00e0 l\u2019entr\u00e9e, avec la possibilit\u00e9 de demander une prolongation pouvant aller jusqu\u2019\u00e0 30 jours suppl\u00e9mentaires, sous r\u00e9serve d\u2019acceptation par l\u2019immigration. La r\u00e9forme est d\u00e9sormais officielle apr\u00e8s sa publication dans la <em>Royal Gazette<\/em> le 31 ao\u00fbt.<\/p>\n\n\n\n<p class=\"wp-block-paragraph\">L&#8217;information avait d&#8217;abord \u00e9t\u00e9 r\u00e9v\u00e9l\u00e9e par <a href=\"https:\/\/visasnews.com\/en\/thailand-cut-in-visa-free-stay-from-60-to-30-days-is-now-imminent\/?utm_source=chatgpt.com\" target=\"_blank\" rel=\"noopener\">VisasNews,<\/a> qui avait obtenu les textes sign\u00e9s avant leur publication officielle. La publication intervenue quelques heures plus tard a finalement confirm\u00e9 le nouveau calendrier.<\/p>\n\n\n\n<p class=\"wp-block-paragraph\">Pour ceux qui r\u00eavaient de passer tout l\u2019automne entre <a href=\"https:\/\/discover.ulysse.com\/street-food-bangkok-saveurs-thaies\" data-type=\"post\" data-id=\"5870\">Bangkok<\/a>, Chiang Mai, les \u00eeles du Sud et quelques plages bien cach\u00e9es, il faudra donc d\u00e9sormais surveiller le calendrier. La <a href=\"https:\/\/discover.ulysse.com\/thailande-autorisation-voyage-electronique\" data-type=\"post\" data-id=\"27947\">Tha\u00eflande <\/a>reste accessible sans visa pour les Fran\u00e7ais, mais le compteur ne commencera bient\u00f4t plus \u00e0 60 jours.<\/p>\n\n\n\n<figure class=\"wp-block-embed is-type-rich is-provider-x wp-block-embed-x\"><div class=\"wp-block-embed__wrapper\">\n<blockquote class=\"twitter-tweet\" data-width=\"500\" data-dnt=\"true\"><p lang=\"en\" dir=\"ltr\">Thailand&#39;s new entry requirements will take effect on September 15, 2026 (pending Royal Gazette publication).<br><br>&#8211; Visa-free entry length cut in half to 30 days &amp; applicable to 60 nationals<br>&#8211; Land border visa-runs limited to 2<br>&#8211; VOA only to 3 nationals<a href=\"https:\/\/t.co\/54W1MpvEIe\">https:\/\/t.co\/54W1MpvEIe<\/a> <a href=\"https:\/\/t.co\/Pspue1ictU\">pic.twitter.com\/Pspue1ictU<\/a><\/p>&mdash; LoyaltyLobby (@LoyaltyLobby) <a href=\"https:\/\/x.com\/LoyaltyLobby\/status\/2094259319122673892?ref_src=twsrc%5Etfw\">August 31, 2026<\/a><\/blockquote><script async src=\"https:\/\/platform.x.com\/widgets.js\" charset=\"utf-8\"><\/script>\n<\/div><\/figure>\n","protected":false},"excerpt":{"rendered":"<p>Les voyageurs fran\u00e7ais et plusieurs autres nationalit\u00e9s devront bient\u00f4t revoir leurs plans pour les longs s\u00e9jours en Tha\u00eflande.<br \/>\nVous partez en Tha\u00eflande ? Le compteur des jours sans visa sera deux fois plus court d\u00e8s septembre<\/p>\n","protected":false},"author":3,"featured_media":51772,"comment_status":"open","ping_status":"closed","sticky":false,"template":"","format":"standard","meta":{"_acf_changed":false,"_sitemap_exclude":false,"_sitemap_priority":"","_sitemap_frequency":"","footnotes":"","rank_math_title":"","rank_math_description":"D\u00e8s le 15 septembre 2026, les Fran\u00e7ais pourront rester 30 jours sans visa en Tha\u00eflande, contre 60 jours actuellement. \n","rank_math_canonical_url":"","rank_math_focus_keyword":"thailande,visa"},"categories":[889],"tags":[],"class_list":["post-51766","post","type-post","status-publish","format-standard","has-post-thumbnail","hentry","category-new-2"],"acf":[],"_links":{"self":[{"href":"https:\/\/ulysse.com\/news\/wp-json\/wp\/v2\/posts\/51766","targetHints":{"allow":["GET"]}}],"collection":[{"href":"https:\/\/ulysse.com\/news\/wp-json\/wp\/v2\/posts"}],"about":[{"href":"https:\/\/ulysse.com\/news\/wp-json\/wp\/v2\/types\/post"}],"author":[{"embeddable":true,"href":"https:\/\/ulysse.com\/news\/wp-json\/wp\/v2\/users\/3"}],"replies":[{"embeddable":true,"href":"https:\/\/ulysse.com\/news\/wp-json\/wp\/v2\/comments?post=51766"}],"version-history":[{"count":2,"href":"https:\/\/ulysse.com\/news\/wp-json\/wp\/v2\/posts\/51766\/revisions"}],"predecessor-version":[{"id":51779,"href":"https:\/\/ulysse.com\/news\/wp-json\/wp\/v2\/posts\/51766\/revisions\/51779"}],"wp:featuredmedia":[{"embeddable":true,"href":"https:\/\/ulysse.com\/news\/wp-json\/wp\/v2\/media\/51772"}],"wp:attachment":[{"href":"https:\/\/ulysse.com\/news\/wp-json\/wp\/v2\/media?parent=51766"}],"wp:term":[{"taxonomy":"category","embeddable":true,"href":"https:\/\/ulysse.com\/news\/wp-json\/wp\/v2\/categories?post=51766"},{"taxonomy":"post_tag","embeddable":true,"href":"https:\/\/ulysse.com\/news\/wp-json\/wp\/v2\/tags?post=51766"}],"curies":[{"name":"wp","href":"https:\/\/api.w.org\/{rel}","templated":true}]}}