{"id":51799,"date":"2026-09-02T07:33:00","date_gmt":"2026-09-02T06:33:00","guid":{"rendered":"https:\/\/discover.ulysse.com\/?p=51799"},"modified":"2026-09-01T23:54:05","modified_gmt":"2026-09-01T22:54:05","slug":"experts-train-europeen-beau-automne","status":"publish","type":"post","link":"https:\/\/ulysse.com\/news\/experts-train-europeen-beau-automne","title":{"rendered":"L\u2019un des plus beaux voyages en train d\u2019Europe se trouve en Suisse, entre montagnes et paysages f\u00e9eriques"},"content":{"rendered":"\n<p class=\"wp-block-paragraph\">\u00c0 l\u2019automne, certains paysages europ\u00e9ens changent compl\u00e8tement de visage. Les for\u00eats prennent des teintes orang\u00e9es, les sommets commencent parfois \u00e0 accrocher leurs premi\u00e8res neiges et les vall\u00e9es deviennent encore plus spectaculaires sous une lumi\u00e8re plus douce.<\/p>\n\n\n\n<p class=\"wp-block-paragraph\">Pour admirer ce spectacle, inutile de pr\u00e9voir un long trek avec un sac rempli de mat\u00e9riel. Il suffit parfois de s\u2019installer confortablement derri\u00e8re une grande fen\u00eatre panoramique et de laisser le paysage d\u00e9filer. Entre lacs turquoise, glaciers, villages alpins et for\u00eats de m\u00e9l\u00e8zes dor\u00e9s, un train suisse offre justement l\u2019un des plus beaux voyages d\u2019automne d\u2019Europe.<\/p>\n\n\n\n<h2 class=\"wp-block-heading\">Un train qui<strong> traverse les Alpes suisses dans un d\u00e9cor de carte postale<\/strong><\/h2>\n\n\n\n<p class=\"wp-block-paragraph\">Son nom revient r\u00e9guli\u00e8rement parmi les plus belles exp\u00e9riences ferroviaires d\u2019Europe : le Bernina Express.<\/p>\n\n\n\n<p class=\"wp-block-paragraph\">Et ce n\u2019est pas seulement une impression de voyageurs \u00e9merveill\u00e9s. Trois experts interrog\u00e9s par le magazine<a href=\"https:\/\/www.travelandleisure.com\/travel-experts-best-fall-foliage-train-worldwide-12066404?utm_source=chatgpt.com\" target=\"_blank\" rel=\"noopener\"> Travel + Leisure <\/a>l\u2019ont tous cit\u00e9 parmi les trajets ferroviaires incontournables pour admirer les couleurs de l\u2019automne. Un choix qui s\u2019explique facilement lorsqu\u2019on d\u00e9couvre le d\u00e9cor travers\u00e9 par cette ligne mythique.<\/p>\n\n\n\n<p class=\"wp-block-paragraph\">Le train relie Coire (Chur), dans les Grisons suisses, \u00e0 Tirano, en Italie, en passant par certains des paysages alpins les plus spectaculaires. Son itin\u00e9raire traverse notamment l\u2019Engadine, le col de la Bernina et plusieurs ouvrages ferroviaires devenus c\u00e9l\u00e8bres, comme le viaduc h\u00e9lico\u00efdal de Brusio.<\/p>\n\n\n\n<p class=\"wp-block-paragraph\">La ligne de l\u2019Albula et de la Bernina est d\u2019ailleurs class\u00e9e au patrimoine mondial de l\u2019UNESCO pour son int\u00e9gration exceptionnelle dans le paysage alpin. \u00c0 bord des voitures panoramiques, le spectacle commence presque imm\u00e9diatement.<\/p>\n\n\n\n<p class=\"wp-block-paragraph\">Derri\u00e8re les grandes baies vitr\u00e9es, les vall\u00e9es suisses d\u00e9filent avant de laisser place aux reliefs plus sauvages de haute montagne. En automne, les for\u00eats de m\u00e9l\u00e8zes prennent des teintes dor\u00e9es, les lacs apparaissent entre deux sommets et les premi\u00e8res neiges viennent parfois souligner encore davantage les contrastes du paysage.<\/p>\n\n\n\n<p class=\"wp-block-paragraph\">Le moment le plus spectaculaire arrive autour du col de la Bernina, o\u00f9 le train grimpe \u00e0 plus de 2 000 m\u00e8tres d\u2019altitude avant d\u2019entamer sa descente vers l\u2019Italie. En quelques heures seulement, les voyageurs passent des paysages alpins suisses aux ambiances plus douces de Tirano.<\/p>\n\n\n\n<p class=\"wp-block-paragraph\">Un trajet qui ne ressemble pas seulement \u00e0 un d\u00e9placement entre deux villes, mais davantage \u00e0 un spectacle qui avance lentement derri\u00e8re une fen\u00eatre panoramique.<\/p>\n\n\n\n<figure class=\"wp-block-embed is-type-rich is-provider-pinterest wp-block-embed-pinterest\"><div class=\"wp-block-embed__wrapper\">\n<iframe loading=\"lazy\" title=\"Aujourd&#039;hui est certainement LE meilleur jour de l&#039;automne \ud83c\udf83Et pour accompagner votre journ\u00e9e, nous vous proposons de reprendre le &quot;Fairy Train&quot; de David Guerillot \ud83d\ude82Un sublime paysage aux couleurs chaudes que l&#039;on aime red\u00e9couvrir \ud83c\udf42R\u00e9f\u00e9rence image : 26503\u00a9 @david.gllt -#daviddavidstudio #autumnvibes  #alpes  #voyages#de\u0301corationinte\u0301rieure #HomeDecor #nature_lovers\" src=\"https:\/\/assets.pinterest.com\/ext\/embed.html?id=475129829461021794&#038;src=oembed\" height=\"661\" width=\"450\" frameborder=\"0\" scrolling=\"no\" ><\/iframe>\n<\/div><\/figure>\n\n\n\n<h2 class=\"wp-block-heading\"><strong>Un voyage o\u00f9 chaque virage r\u00e9serve une nouvelle surprise<\/strong><\/h2>\n\n\n\n<p class=\"wp-block-paragraph\">Le charme du Bernina Express vient surtout de son incroyable diversit\u00e9. Au d\u00e9part de Coire, le voyage traverse d\u2019abord les paysages des Grisons avant de rejoindre les reliefs plus sauvages de l\u2019Engadine. Le train longe ensuite des lacs de montagne comme le Lago Bianco, franchit des viaducs impressionnants et traverse des zones o\u00f9 la nature semble encore totalement dominante.<\/p>\n\n\n\n<p class=\"wp-block-paragraph\">Puis le d\u00e9cor change progressivement. Les glaciers et les sommets laissent place aux vall\u00e9es plus douces du sud des Alpes. En descendant vers Tirano, les voyageurs d\u00e9couvrent une atmosph\u00e8re presque italienne, avec des paysages plus ouverts et une lumi\u00e8re diff\u00e9rente.<\/p>\n\n\n\n<p class=\"wp-block-paragraph\">C\u2019est ce contraste qui rend l\u2019exp\u00e9rience si particuli\u00e8re. Peu de voyages permettent de commencer la journ\u00e9e entour\u00e9 de montagnes enneig\u00e9es et de terminer quelques heures plus tard avec une ambiance beaucoup plus m\u00e9ridionale. Le train ne traverse pas simplement un territoire : il raconte une transition entre deux mondes.<\/p>\n\n\n\n<figure class=\"wp-block-embed is-type-rich is-provider-pinterest wp-block-embed-pinterest\"><div class=\"wp-block-embed__wrapper\">\n<iframe loading=\"lazy\" title=\"trail blazer \u219f \u2728 evening vibes onboard the bernina express through rural switzerland! what are you folks up to this weekend? any adventures in store? keep exploring! Cr. @jamesrelfdyer\" src=\"https:\/\/assets.pinterest.com\/ext\/embed.html?id=6614730690817381&#038;src=oembed\" height=\"550\" width=\"450\" frameborder=\"0\" scrolling=\"no\" ><\/iframe>\n<\/div><\/figure>\n\n\n\n<h2 class=\"wp-block-heading\"><strong>Pourquoi l\u2019automne est probablement la meilleure saison pour monter \u00e0 bord<\/strong><\/h2>\n\n\n\n<p class=\"wp-block-paragraph\">Le Bernina Express est magnifique toute l\u2019ann\u00e9e, mais l\u2019automne lui donne une dimension suppl\u00e9mentaire. \u00c0 cette p\u00e9riode, les c\u00e9l\u00e8bres m\u00e9l\u00e8zes alpins prennent une couleur jaune dor\u00e9 qui contraste avec le vert des for\u00eats persistantes et le blanc des sommets. Le r\u00e9sultat est particuli\u00e8rement spectaculaire.<\/p>\n\n\n\n<p class=\"wp-block-paragraph\">C\u2019est aussi une saison plus agr\u00e9able pour voyager. L\u2019\u00e9t\u00e9 attire davantage de visiteurs dans les Alpes, tandis que l\u2019automne offre une atmosph\u00e8re plus calme. Les temp\u00e9ratures restent g\u00e9n\u00e9ralement favorables pour profiter des paysages, sans la forte affluence des mois de juillet et ao\u00fbt.<\/p>\n\n\n\n<p class=\"wp-block-paragraph\">Pour les amateurs de photographie, c\u2019est m\u00eame une p\u00e9riode id\u00e9ale. La lumi\u00e8re est souvent plus douce, les contrastes plus marqu\u00e9s et les paysages semblent presque avoir \u00e9t\u00e9 pr\u00e9par\u00e9s pour une carte postale.<\/p>\n\n\n\n<p class=\"wp-block-paragraph\">\u00c0 travers les fen\u00eatres du train, chaque kilom\u00e8tre devient une nouvelle sc\u00e8ne. Une for\u00eat dor\u00e9e apr\u00e8s un tunnel. Un lac immobile entre deux montagnes. Un village accroch\u00e9 \u00e0 la pente. Puis, quelques minutes plus tard, un glacier qui appara\u00eet au d\u00e9tour d\u2019un virage.<\/p>\n\n\n\n<figure class=\"wp-block-embed is-type-rich is-provider-pinterest wp-block-embed-pinterest\"><div class=\"wp-block-embed__wrapper\">\n<iframe loading=\"lazy\" title=\" \" src=\"https:\/\/assets.pinterest.com\/ext\/embed.html?id=574279389986220799&#038;src=oembed\" height=\"400\" width=\"450\" frameborder=\"0\" scrolling=\"no\" ><\/iframe>\n<\/div><\/figure>\n\n\n\n<h2 class=\"wp-block-heading\"><strong>Combien co\u00fbte le Bernina Express et o\u00f9 prendre le train depuis la France ?<\/strong><\/h2>\n\n\n\n<p class=\"wp-block-paragraph\">Contrairement \u00e0 ce que son image de voyage exceptionnel pourrait laisser penser, le Bernina Express n\u2019est pas uniquement r\u00e9serv\u00e9 aux budgets \u00e9lev\u00e9s. Le prix d\u00e9pend du trajet choisi. <\/p>\n\n\n\n<p class=\"wp-block-paragraph\">Pour l\u2019itin\u00e9raire complet entre Coire et Tirano, il faut compter environ 66 francs suisses, soit environ 70 euros, en deuxi\u00e8me classe par personne, hors \u00e9ventuels suppl\u00e9ments li\u00e9s \u00e0 la r\u00e9servation panoramique. Pour un trajet plus court entre Saint-Moritz et Tirano, le billet revient \u00e0 environ 33 francs suisses, soit autour de 35 euros.<\/p>\n\n\n\n<p class=\"wp-block-paragraph\">La r\u00e9servation d\u2019une place est obligatoire dans les voitures panoramiques du Bernina Express, particuli\u00e8rement appr\u00e9ci\u00e9es en automne lorsque les paysages attirent davantage de voyageurs.<\/p>\n\n\n\n<p class=\"wp-block-paragraph\">Pour les Fran\u00e7ais, plusieurs options existent pour rejoindre le train. Le parcours classique commence \u00e0 Coire, accessible en train depuis Zurich. Une autre possibilit\u00e9 consiste \u00e0 partir de Saint-Moritz, une station embl\u00e9matique de l\u2019Engadine, afin de combiner le voyage ferroviaire avec un s\u00e9jour dans les Alpes suisses.<\/p>\n\n\n\n<p class=\"wp-block-paragraph\">Le train termine son parcours \u00e0 Tirano, juste apr\u00e8s la fronti\u00e8re italienne. Le trajet complet dure environ quatre heures \u00e0 quatre heures trente selon l\u2019itin\u00e9raire choisi.<\/p>\n\n\n\n<p class=\"wp-block-paragraph\">Pour profiter pleinement de l\u2019exp\u00e9rience, mieux vaut \u00e9viter de transformer ce voyage en simple aller-retour. Quelques nuits dans les Grisons, une promenade autour des lacs de montagne ou une d\u00e9couverte de<a href=\"https:\/\/discover.ulysse.com\/saint-moritz-meilleures-hotels\" data-type=\"post\" data-id=\"2776\"> Saint-Moritz <\/a>permettent de prolonger cette parenth\u00e8se alpine.<\/p>\n\n\n\n<figure class=\"wp-block-embed is-type-rich is-provider-pinterest wp-block-embed-pinterest\"><div class=\"wp-block-embed__wrapper\">\n<iframe loading=\"lazy\" title=\" \" src=\"https:\/\/assets.pinterest.com\/ext\/embed.html?id=140878294590472497&#038;src=oembed\" height=\"400\" width=\"450\" frameborder=\"0\" scrolling=\"no\" ><\/iframe>\n<\/div><\/figure>\n\n\n\n<h2 class=\"wp-block-heading\"><strong>Le train comme nouvelle fa\u00e7on de voyager en automne<\/strong><\/h2>\n\n\n\n<p class=\"wp-block-paragraph\">\u00c0 une \u00e9poque o\u00f9 beaucoup cherchent \u00e0 voyager autrement, le <a href=\"https:\/\/discover.ulysse.com\/montagnes-glacees-palmiers-ce-train-vous-emmene-dans-un-voyage-completement-fou\" data-type=\"post\" data-id=\"46354\">Bernina Express <\/a>r\u00e9pond \u00e0 une envie assez simple : prendre le temps.<\/p>\n\n\n\n<p class=\"wp-block-paragraph\">Pas besoin de courir d\u2019un lieu touristique \u00e0 l\u2019autre ou de remplir chaque minute du s\u00e9jour. Ici, le voyage consiste surtout \u00e0 regarder, ralentir et profiter du paysage.<\/p>\n\n\n\n<p class=\"wp-block-paragraph\">Certains trains servent uniquement \u00e0 rejoindre une destination. Celui-ci est diff\u00e9rent. On monte \u00e0 bord pour arriver quelque part, mais on comprend rapidement que le plus beau souvenir pourrait bien \u00eatre le trajet lui-m\u00eame.<\/p>\n\n\n\n<figure class=\"wp-block-embed is-type-rich is-provider-pinterest wp-block-embed-pinterest\"><div class=\"wp-block-embed__wrapper\">\n<iframe loading=\"lazy\" title=\"Autumn has arrived, and these hotels showcase the season at its best\" src=\"https:\/\/assets.pinterest.com\/ext\/embed.html?id=4595853168110523520&#038;src=oembed\" height=\"400\" width=\"450\" frameborder=\"0\" scrolling=\"no\" ><\/iframe>\n<\/div><\/figure>\n","protected":false},"excerpt":{"rendered":"<p>Quand les montagnes se parent de couleurs dor\u00e9es, ce train panoramique transforme une simple travers\u00e9e des Alpes en v\u00e9ritable spectacle grandeur nature.<\/p>\n","protected":false},"author":3,"featured_media":51806,"comment_status":"open","ping_status":"closed","sticky":false,"template":"","format":"standard","meta":{"_acf_changed":false,"_sitemap_exclude":false,"_sitemap_priority":"","_sitemap_frequency":"","footnotes":"","rank_math_title":"","rank_math_description":"Il existe des voyages o\u00f9 l\u2019on se souvient surtout de la destination. Et puis il y a ceux o\u00f9 le trajet devient finalement le plus beau souvenir.\n","rank_math_canonical_url":"","rank_math_focus_keyword":"train"},"categories":[3],"tags":[],"class_list":["post-51799","post","type-post","status-publish","format-standard","has-post-thumbnail","hentry","category-voyage"],"acf":[],"_links":{"self":[{"href":"https:\/\/ulysse.com\/news\/wp-json\/wp\/v2\/posts\/51799","targetHints":{"allow":["GET"]}}],"collection":[{"href":"https:\/\/ulysse.com\/news\/wp-json\/wp\/v2\/posts"}],"about":[{"href":"https:\/\/ulysse.com\/news\/wp-json\/wp\/v2\/types\/post"}],"author":[{"embeddable":true,"href":"https:\/\/ulysse.com\/news\/wp-json\/wp\/v2\/users\/3"}],"replies":[{"embeddable":true,"href":"https:\/\/ulysse.com\/news\/wp-json\/wp\/v2\/comments?post=51799"}],"version-history":[{"count":2,"href":"https:\/\/ulysse.com\/news\/wp-json\/wp\/v2\/posts\/51799\/revisions"}],"predecessor-version":[{"id":51829,"href":"https:\/\/ulysse.com\/news\/wp-json\/wp\/v2\/posts\/51799\/revisions\/51829"}],"wp:featuredmedia":[{"embeddable":true,"href":"https:\/\/ulysse.com\/news\/wp-json\/wp\/v2\/media\/51806"}],"wp:attachment":[{"href":"https:\/\/ulysse.com\/news\/wp-json\/wp\/v2\/media?parent=51799"}],"wp:term":[{"taxonomy":"category","embeddable":true,"href":"https:\/\/ulysse.com\/news\/wp-json\/wp\/v2\/categories?post=51799"},{"taxonomy":"post_tag","embeddable":true,"href":"https:\/\/ulysse.com\/news\/wp-json\/wp\/v2\/tags?post=51799"}],"curies":[{"name":"wp","href":"https:\/\/api.w.org\/{rel}","templated":true}]}}