{"id":51817,"date":"2026-09-02T11:31:59","date_gmt":"2026-09-02T10:31:59","guid":{"rendered":"https:\/\/discover.ulysse.com\/?p=51817"},"modified":"2026-09-02T11:32:03","modified_gmt":"2026-09-02T10:32:03","slug":"lisbonne-funiculaire-gloria-moderne","status":"publish","type":"post","link":"https:\/\/ulysse.com\/news\/lisbonne-funiculaire-gloria-moderne","title":{"rendered":"Le mythique funiculaire jaune de Lisbonne va dispara\u00eetre pour laisser place \u00e0 une nouvelle installation"},"content":{"rendered":"\n<p class=\"wp-block-paragraph\">Dans les rues escarp\u00e9es de Lisbonne, certains lieux d\u00e9passent largement leur simple fonction. Ils deviennent des morceaux d\u2019histoire, des images associ\u00e9es \u00e0 la ville et des passages oblig\u00e9s pour des millions de visiteurs.<\/p>\n\n\n\n<p class=\"wp-block-paragraph\">Le funiculaire de la Gloria faisait partie de ces symboles. Avec ses cabines jaunes gravissant la c\u00e9l\u00e8bre Cal\u00e7ada da Gl\u00f3ria, il incarnait depuis plus d\u2019un si\u00e8cle le charme d\u2019un Lisbonne ancien, celui des ruelles en pente, des fa\u00e7ades color\u00e9es et des quartiers historiques.<\/p>\n\n\n\n<p class=\"wp-block-paragraph\">Mais depuis le drame de septembre 2025, le silence a remplac\u00e9 le bruit habituel du funiculaire. Apr\u00e8s l\u2019accident qui a fait 16 morts, la capitale portugaise a d\u00e9sormais d\u00e9cid\u00e9 de tourner une page. L\u2019ancien \u00e9quipement ne sera pas simplement r\u00e9par\u00e9, mais remplac\u00e9 par une nouvelle infrastructure.<\/p>\n\n\n\n<h2 class=\"wp-block-heading\"><strong>Le funiculaire de la Gloria sera remplac\u00e9 par une installation moderne<\/strong><\/h2>\n\n\n\n<p class=\"wp-block-paragraph\">La d\u00e9cision a \u00e9t\u00e9 annonc\u00e9e par la ville de Lisbonne et Carris, la soci\u00e9t\u00e9 publique charg\u00e9e des transports de la capitale portugaise.<\/p>\n\n\n\n<p class=\"wp-block-paragraph\">L\u2019objectif n\u2019est pas de reconstruire exactement l\u2019ancien funiculaire, mais de cr\u00e9er une nouvelle installation r\u00e9pondant \u00e0 des exigences de s\u00e9curit\u00e9 renforc\u00e9es. \u00ab Nous envisageons une nouvelle installation, pas une reconstruction. Le futur ascenseur sera nouveau mais le lieu restera historique \u00bb, a expliqu\u00e9 la direction de Carris, selon <a href=\"https:\/\/www.lechotouristique.com\/article\/portugal-un-an-apres-laccident-meurtrier-du-funiculaire-historique-lisbonne-veut-le-remplacer-par-un-projet-moderne\" target=\"_blank\" rel=\"noopener\">L&#8217;Echo Touristique<\/a> .<\/p>\n\n\n\n<p class=\"wp-block-paragraph\">Le futur \u00e9quipement devra conserver l\u2019identit\u00e9 du site tout en int\u00e9grant des solutions techniques plus modernes. Les autorit\u00e9s souhaitent ainsi pr\u00e9server l\u2019esprit du funiculaire de la Gloria, tout en \u00e9vitant de reproduire les limites de l\u2019ancien syst\u00e8me.<\/p>\n\n\n\n<p class=\"wp-block-paragraph\">Un appel d\u2019offres international pour concevoir et construire ce nouveau funiculaire doit \u00eatre lanc\u00e9 au premier trimestre 2027. La mise en service est envisag\u00e9e pour 2029.<\/p>\n\n\n\n<h2 class=\"wp-block-heading\"><strong>Un an apr\u00e8s l\u2019accident qui a boulevers\u00e9 Lisbonne<\/strong><\/h2>\n\n\n\n<p class=\"wp-block-paragraph\">Le 3 septembre 2025, l\u2019une des deux cabines du funiculaire de la Gloria a d\u00e9val\u00e9 la pente de la Cal\u00e7ada da Gl\u00f3ria avant de sortir des rails et de percuter un b\u00e2timent. Le bilan avait \u00e9t\u00e9 lourd, 16 personnes ont perdu la vie et une vingtaine d\u2019autres ont \u00e9t\u00e9 bless\u00e9es.<\/p>\n\n\n\n<p class=\"wp-block-paragraph\">L\u2019enqu\u00eate men\u00e9e par le Bureau d\u2019enqu\u00eate sur les accidents a\u00e9riens et ferroviaires portugais a ensuite \u00e9tabli que l\u2019accident avait \u00e9t\u00e9 provoqu\u00e9 par la rupture du syst\u00e8me reliant les deux cabines du funiculaire.<\/p>\n\n\n\n<p class=\"wp-block-paragraph\">Selon les premi\u00e8res conclusions publi\u00e9es apr\u00e8s le drame, le c\u00e2ble utilis\u00e9 n\u2019\u00e9tait pas conforme aux sp\u00e9cifications demand\u00e9es par Carris. La soci\u00e9t\u00e9 publique avait confi\u00e9 l\u2019entretien du funiculaire \u00e0 un prestataire ext\u00e9rieur.<\/p>\n\n\n\n<p class=\"wp-block-paragraph\">Depuis l\u2019accident, les trois funiculaires historiques de Lisbonne restent \u00e0 l\u2019arr\u00eat, privant la capitale d\u2019une partie de son patrimoine roulant.<\/p>\n\n\n\n<figure class=\"wp-block-embed is-type-rich is-provider-x wp-block-embed-x\"><div class=\"wp-block-embed__wrapper\">\n<blockquote class=\"twitter-tweet\" data-width=\"500\" data-dnt=\"true\"><p lang=\"pt\" dir=\"ltr\">Carris to unveil plans for future of Lisbon\u2019s Gl\u00f3ria funicular. <a href=\"https:\/\/x.com\/theportugalnews?ref_src=twsrc%5Etfw\">@theportugalnews<\/a> <a href=\"https:\/\/x.com\/hashtag\/Portugal?src=hash&amp;ref_src=twsrc%5Etfw\">#Portugal<\/a> <a href=\"https:\/\/x.com\/hashtag\/Lisbon?src=hash&amp;ref_src=twsrc%5Etfw\">#Lisbon<\/a> <a href=\"https:\/\/t.co\/peCmNk9Q36\">https:\/\/t.co\/peCmNk9Q36<\/a><\/p>&mdash; The Portugal News (@theportugalnews) <a href=\"https:\/\/x.com\/theportugalnews\/status\/2094471024544801274?ref_src=twsrc%5Etfw\">August 31, 2026<\/a><\/blockquote><script async src=\"https:\/\/platform.x.com\/widgets.js\" charset=\"utf-8\"><\/script>\n<\/div><\/figure>\n\n\n\n<h2 class=\"wp-block-heading\"><strong>Un symbole touristique que Lisbonne veut absolument pr\u00e9server<\/strong><\/h2>\n\n\n\n<p class=\"wp-block-paragraph\">Le funiculaire de la Gloria n\u2019\u00e9tait pas seulement un moyen de transport. Inaugur\u00e9 \u00e0 la fin du XIXe si\u00e8cle, il permettait de relier la place des Restauradores au quartier du Bairro Alto en facilitant l\u2019ascension de l\u2019une des rues les plus pentues de la ville.<\/p>\n\n\n\n<p class=\"wp-block-paragraph\">Avec le temps, il est devenu une v\u00e9ritable attraction touristique. Sa silhouette jaune apparaissait dans d\u2019innombrables photos de voyageurs venus d\u00e9couvrir Lisbonne.<\/p>\n\n\n\n<p class=\"wp-block-paragraph\">Pour les autorit\u00e9s locales, le d\u00e9fi est donc double. Assurer une s\u00e9curit\u00e9 maximale tout en conservant l\u2019\u00e2me d\u2019un lieu profond\u00e9ment attach\u00e9 \u00e0 l\u2019identit\u00e9 de la capitale.<\/p>\n\n\n\n<p class=\"wp-block-paragraph\">Le futur funiculaire devra ainsi trouver un \u00e9quilibre entre modernit\u00e9 et m\u00e9moire. Car remplacer l\u2019installation ne signifie pas effacer son histoire. La ville veut conserver ce qui faisait le charme de la Gloria tout en offrant aux habitants et aux visiteurs un \u00e9quipement plus fiable.<\/p>\n\n\n\n<h2 class=\"wp-block-heading\"><strong>Lisbonne devra encore patienter avant de retrouver son embl\u00e8me<\/strong><\/h2>\n\n\n\n<p class=\"wp-block-paragraph\">Les <a href=\"https:\/\/discover.ulysse.com\/louvre-versailles-tarifs-touristes-extra-europeens\" data-type=\"post\" data-id=\"47130\">visiteurs <\/a>devront donc attendre plusieurs ann\u00e9es avant de revoir les cabines circuler sur la Cal\u00e7ada da Gl\u00f3ria. D\u2019ici l\u00e0, le projet devra franchir plusieurs \u00e9tapes : conception, appel d\u2019offres, construction et tests avant une \u00e9ventuelle r\u00e9ouverture en 2029.<\/p>\n\n\n\n<p class=\"wp-block-paragraph\">Cette longue attente t\u00e9moigne aussi de l\u2019importance accord\u00e9e \u00e0 la s\u00e9curit\u00e9 apr\u00e8s un accident qui a profond\u00e9ment marqu\u00e9 <a href=\"https:\/\/discover.ulysse.com\/ville-bretonne-plus-lisboete-lisbonne\" data-type=\"post\" data-id=\"23972\">Lisbonne<\/a>. Le retour du funiculaire sera donc bien plus qu\u2019une simple remise en service. Ce sera le retour d\u2019un symbole, mais sous une nouvelle forme.<\/p>\n\n\n\n<figure class=\"wp-block-embed is-type-rich is-provider-x wp-block-embed-x\"><div class=\"wp-block-embed__wrapper\">\n<blockquote class=\"twitter-tweet\" data-width=\"500\" data-dnt=\"true\"><p lang=\"fr\" dir=\"ltr\">\ud83c\uddf5\ud83c\uddf9\ud83d\ude8b Le 3 septembre 2025, une cabine du funiculaire de la Gloria s\u2019est \u00e9cras\u00e9e contre un immeuble, faisant 16 morts. Un an apr\u00e8s, Lisbonne \u00e9voque l&#39;avenir.<a href=\"https:\/\/t.co\/DHDY5xsxZQ\">https:\/\/t.co\/DHDY5xsxZQ<\/a><\/p>&mdash; L&#39;essentiel (@lessentiel) <a href=\"https:\/\/x.com\/lessentiel\/status\/2094465221330923632?ref_src=twsrc%5Etfw\">August 31, 2026<\/a><\/blockquote><script async src=\"https:\/\/platform.x.com\/widgets.js\" charset=\"utf-8\"><\/script>\n<\/div><\/figure>\n","protected":false},"excerpt":{"rendered":"<p>Un an apr\u00e8s l\u2019accident qui a co\u00fbt\u00e9 la vie \u00e0 16 personnes, Lisbonne veut redonner vie \u00e0 l\u2019un de ses symboles les plus connus avec une nouvelle installation pens\u00e9e pour durer.<\/p>\n","protected":false},"author":3,"featured_media":51819,"comment_status":"open","ping_status":"closed","sticky":false,"template":"","format":"standard","meta":{"_acf_changed":false,"_sitemap_exclude":false,"_sitemap_priority":"","_sitemap_frequency":"","footnotes":"","rank_math_title":"","rank_math_description":"Un an apr\u00e8s l\u2019accident meurtrier du funiculaire de la Gloria, Lisbonne pr\u00e9pare son remplacement avec une nouvelle installation pr\u00e9vue pour 2029. \n","rank_math_canonical_url":"","rank_math_focus_keyword":"funiculaire"},"categories":[889],"tags":[],"class_list":["post-51817","post","type-post","status-publish","format-standard","has-post-thumbnail","hentry","category-new-2"],"acf":[],"_links":{"self":[{"href":"https:\/\/ulysse.com\/news\/wp-json\/wp\/v2\/posts\/51817","targetHints":{"allow":["GET"]}}],"collection":[{"href":"https:\/\/ulysse.com\/news\/wp-json\/wp\/v2\/posts"}],"about":[{"href":"https:\/\/ulysse.com\/news\/wp-json\/wp\/v2\/types\/post"}],"author":[{"embeddable":true,"href":"https:\/\/ulysse.com\/news\/wp-json\/wp\/v2\/users\/3"}],"replies":[{"embeddable":true,"href":"https:\/\/ulysse.com\/news\/wp-json\/wp\/v2\/comments?post=51817"}],"version-history":[{"count":2,"href":"https:\/\/ulysse.com\/news\/wp-json\/wp\/v2\/posts\/51817\/revisions"}],"predecessor-version":[{"id":51831,"href":"https:\/\/ulysse.com\/news\/wp-json\/wp\/v2\/posts\/51817\/revisions\/51831"}],"wp:featuredmedia":[{"embeddable":true,"href":"https:\/\/ulysse.com\/news\/wp-json\/wp\/v2\/media\/51819"}],"wp:attachment":[{"href":"https:\/\/ulysse.com\/news\/wp-json\/wp\/v2\/media?parent=51817"}],"wp:term":[{"taxonomy":"category","embeddable":true,"href":"https:\/\/ulysse.com\/news\/wp-json\/wp\/v2\/categories?post=51817"},{"taxonomy":"post_tag","embeddable":true,"href":"https:\/\/ulysse.com\/news\/wp-json\/wp\/v2\/tags?post=51817"}],"curies":[{"name":"wp","href":"https:\/\/api.w.org\/{rel}","templated":true}]}}