{"id":51822,"date":"2026-09-03T06:07:00","date_gmt":"2026-09-03T05:07:00","guid":{"rendered":"https:\/\/discover.ulysse.com\/?p=51822"},"modified":"2026-09-03T00:34:51","modified_gmt":"2026-09-02T23:34:51","slug":"village-ardeche-cites-caractere","status":"publish","type":"post","link":"https:\/\/ulysse.com\/news\/village-ardeche-cites-caractere","title":{"rendered":"Ce petit village d\u2019Ard\u00e8che class\u00e9 parmi les Cit\u00e9s de Caract\u00e8re m\u00e9rite largement le d\u00e9tour"},"content":{"rendered":"\n<p class=\"wp-block-paragraph\">Perch\u00e9 sur un promontoire rocheux, Saint-Vincent-de-Barr\u00e8s d\u00e9ploie ses ruelles pav\u00e9es et ses remparts au c\u0153ur de l&#8217;Ard\u00e8che. Class\u00e9 parmi les Petites Cit\u00e9s de Caract\u00e8re, ce village m\u00e9di\u00e9val invite \u00e0 une immersion dans un patrimoine b\u00e2ti sur plusieurs si\u00e8cles d&#8217;histoire. Entre \u00e9choppes d&#8217;artisans et belv\u00e9d\u00e8re sur la vall\u00e9e du Rh\u00f4ne, la commune d\u00e9voile des atouts qui en font une \u00e9tape pris\u00e9e des amateurs de tourisme patrimonial.<\/p>\n\n\n\n<h2 class=\"wp-block-heading\">Un territoire aux racines gallo-romaines et m\u00e9di\u00e9vales<\/h2>\n\n\n\n<p class=\"wp-block-paragraph\">Saint-Vincent-de-Barr\u00e8s se situe dans <a href=\"https:\/\/discover.ulysse.com\/plus-beaux-gites-sejour-de-charme-ardeche\" data-type=\"post\" data-id=\"18077\">le d\u00e9partement de l&#8217;Ard\u00e8che<\/a>, en r\u00e9gion Auvergne-Rh\u00f4ne-Alpes, \u00e0 quarante kilom\u00e8tres de Valence. La commune adh\u00e8re au r\u00e9seau des Petites Cit\u00e9s de Caract\u00e8re, un label attribu\u00e9 aux communes de moins de 6 000 habitants pr\u00e9sentant un patrimoine architectural remarquable. Selon les informations diffus\u00e9es par l&#8217;office de tourisme Sud Ard\u00e8che, le village aurait \u00e9t\u00e9 fond\u00e9 avant le Xe si\u00e8cle par l&#8217;\u00e9glise de Viviers. Cette implantation s&#8217;est faite sur un ancien domaine gallo-romain, dont les vestiges ont conditionn\u00e9 la topographie du site.<\/p>\n\n\n\n<p class=\"wp-block-paragraph\">Le bourg a ensuite \u00e9t\u00e9 \u00e9rig\u00e9 en baronnie. Cette entit\u00e9 administrative exer\u00e7ait sa juridiction sur plusieurs paroisses des alentours. L&#8217;organisation spatiale du village porte encore la trace de cette structuration seigneuriale, avec une cour castrale et des portes fortifi\u00e9es qui d\u00e9limitent l&#8217;espace urbain. L&#8217;\u00e9glise paroissiale actuelle date de 1687. Elle a \u00e9t\u00e9 construite en remplacement d&#8217;un \u00e9difice du XIe si\u00e8cle abandonn\u00e9 durant les guerres de Religion. Le choix de cette nouvelle implantation a red\u00e9fini le centre symbolique du village.<\/p>\n\n\n\n<h2 class=\"wp-block-heading\">Un patrimoine b\u00e2ti pr\u00e9serv\u00e9 et accessible<\/h2>\n\n\n\n<p class=\"wp-block-paragraph\">Les visiteurs qui arpentent les ruelles pav\u00e9es de Saint-Vincent-de-Barr\u00e8s observent des maisons aux murs compos\u00e9s d&#8217;un m\u00e9lange de pierres volcaniques et de calcaires. Cette diversit\u00e9 min\u00e9rale t\u00e9moigne des ressources g\u00e9ologiques locales et des diff\u00e9rentes campagnes de construction. Le parcours patrimonial propos\u00e9 par la commune inclut plusieurs sites identifi\u00e9s, rapporte <a href=\"https:\/\/www.ouest-france.fr\/tourisme\/ancienne-cite-medievale-perchee-au-sommet-dun-rocher-ce-village-offre-une-escapade-authentique-au-cur-de-lardeche-4523df46-a155-11f1-ad5a-0ef43bab169e\" target=\"_blank\" rel=\"noopener\">Ouest-France<\/a>. L&#8217;ancienne cour du ch\u00e2teau constitue un espace central. La porte des Notables, \u00e9l\u00e9ment de l&#8217;enceinte fortifi\u00e9e, marque l&#8217;entr\u00e9e dans le secteur le plus ancien. L&#8217;\u00e9glise romane du XVIIe si\u00e8cle compl\u00e8te cet ensemble architectural.<\/p>\n\n\n\n<figure class=\"wp-block-embed is-type-rich is-provider-x wp-block-embed-x\"><div class=\"wp-block-embed__wrapper\">\n<blockquote class=\"twitter-tweet\" data-width=\"500\" data-dnt=\"true\"><p lang=\"fr\" dir=\"ltr\">\u00c0 Saint-Vincent-de-Barr\u00e8s, tous les artisans travaillent ensemble et compl\u00e8tent leur-savoir faire, \u00e7a donne \u00e7a&#8230;<a href=\"https:\/\/x.com\/hashtag\/merveille?src=hash&amp;ref_src=twsrc%5Etfw\">#merveille<\/a> \ud83d\ude0d\ud83d\ude0d <a href=\"https:\/\/x.com\/hashtag\/MALC?src=hash&amp;ref_src=twsrc%5Etfw\">#MALC<\/a> <a href=\"https:\/\/x.com\/France3?ref_src=twsrc%5Etfw\">@France3<\/a> @ArdecheTourisme @Ardeche_07 <a href=\"https:\/\/x.com\/F3Rhone_Alpes?ref_src=twsrc%5Etfw\">@F3Rhone_Alpes<\/a> <a href=\"https:\/\/x.com\/hashtag\/ardeche?src=hash&amp;ref_src=twsrc%5Etfw\">#ardeche<\/a> <a href=\"https:\/\/x.com\/hashtag\/artisanat?src=hash&amp;ref_src=twsrc%5Etfw\">#artisanat<\/a> <a href=\"https:\/\/x.com\/hashtag\/artisans?src=hash&amp;ref_src=twsrc%5Etfw\">#artisans<\/a> <a href=\"https:\/\/x.com\/hashtag\/madeinfrance?src=hash&amp;ref_src=twsrc%5Etfw\">#madeinfrance<\/a> <a href=\"https:\/\/x.com\/hashtag\/poterie?src=hash&amp;ref_src=twsrc%5Etfw\">#poterie<\/a> <a href=\"https:\/\/t.co\/q4x1s6gwwa\">pic.twitter.com\/q4x1s6gwwa<\/a><\/p>&mdash; M\u00e9t\u00e9o \u00e0 la carte (@Meteoalacarte) <a href=\"https:\/\/x.com\/Meteoalacarte\/status\/1448246652477788165?ref_src=twsrc%5Etfw\">October 13, 2021<\/a><\/blockquote><script async src=\"https:\/\/platform.x.com\/widgets.js\" charset=\"utf-8\"><\/script>\n<\/div><\/figure>\n\n\n\n<p class=\"wp-block-paragraph\">Le village accueille \u00e9galement des \u00e9choppes d&#8217;artisans install\u00e9es dans des locaux permanents, ouverts aux visiteurs. Les savoir-faire repr\u00e9sent\u00e9s incluent la vannerie, l&#8217;enluminure et la reliure d&#8217;art. Ces activit\u00e9s s&#8217;inscrivent dans une politique de maintien de <a href=\"https:\/\/discover.ulysse.com\/perche-sur-les-collines-du-ventoux-ce-village-provencal-ou-lartisanat-bat-son-plein\" data-type=\"post\" data-id=\"28578\">l&#8217;artisanat local<\/a>. Les cr\u00e9ateurs exposent leurs productions et proposent des d\u00e9monstrations de leur travail, sans constituer un parcours mus\u00e9ographique formel.<\/p>\n\n\n\n<h2 class=\"wp-block-heading\">Un belv\u00e9d\u00e8re et des itin\u00e9raires de randonn\u00e9e balis\u00e9s<\/h2>\n\n\n\n<p class=\"wp-block-paragraph\">Un belv\u00e9d\u00e8re am\u00e9nag\u00e9 en contrebas de l&#8217;\u00e9glise offre un panorama sur la vall\u00e9e du Rh\u00f4ne et les reliefs de l&#8217;Ard\u00e8che. Cet \u00e9quipement permet une lecture du paysage \u00e0 l&#8217;\u00e9chelle r\u00e9gionale. Le site est int\u00e9gr\u00e9 \u00e0 plusieurs <a href=\"https:\/\/discover.ulysse.com\/ile-france-500-sentiers-randonnee\" data-type=\"post\" data-id=\"37774\">itin\u00e9raires de randonn\u00e9e<\/a>. Le GR42, sentier de grande randonn\u00e9e, traverse la commune. Il permet aux randonneurs de relier le village aux massifs environnants. Une voie douce am\u00e9nag\u00e9e le long de la rivi\u00e8re Payre est \u00e9galement accessible aux cyclistes.<\/p>\n\n\n\n<p class=\"wp-block-paragraph\">Ces \u00e9quipements s&#8217;inscrivent dans le maillage des itin\u00e9raires de d\u00e9couverte du Sud Ard\u00e8che. Les d\u00e9nivel\u00e9s et les distances sont adapt\u00e9s \u00e0 des pratiquants de niveau interm\u00e9diaire. La signal\u00e9tique est conforme aux normes de la F\u00e9d\u00e9ration fran\u00e7aise de randonn\u00e9e. Aucune restriction d&#8217;acc\u00e8s saisonni\u00e8re n&#8217;est mentionn\u00e9e par les services de la commune.<\/p>\n\n\n\n<h2 class=\"wp-block-heading\">Des rendez-vous annuels qui rythment la saison touristique<\/h2>\n\n\n\n<p class=\"wp-block-paragraph\">Saint-Vincent-de-Barr\u00e8s programme plusieurs \u00e9v\u00e9nements r\u00e9currents. La brocante du 1er mai ouvre traditionnellement la saison. Des march\u00e9s artisanaux nocturnes sont organis\u00e9s en juillet et en ao\u00fbt. Ces rendez-vous se tiennent dans le centre ancien et associent des exposants locaux et des producteurs venus d&#8217;autres communes ard\u00e9choises. Les Journ\u00e9es europ\u00e9ennes du <a href=\"https:\/\/discover.ulysse.com\/airbnb-relance-son-grand-prix-du-patrimoine-et-tourisme-local-pour-2025\" data-type=\"post\" data-id=\"30495\">patrimoine<\/a> figurent \u00e9galement au calendrier des animations, en septembre. Pour l&#8217;\u00e9dition de 2026, un atelier de d\u00e9couverte du m\u00e9tier de relieur doreur est programm\u00e9 le vendredi 18 septembre.<\/p>\n\n\n\n<p class=\"wp-block-paragraph\">Ces manifestations font l&#8217;objet d&#8217;une communication diffus\u00e9e par la mairie et par l&#8217;office de tourisme intercommunal. Les dates et les horaires sont confirm\u00e9s environ deux mois avant chaque \u00e9v\u00e9nement. La participation aux ateliers est soumise \u00e0 inscription pr\u00e9alable aupr\u00e8s des organisateurs. Ces activit\u00e9s ne font pas l&#8217;objet de droits d&#8217;entr\u00e9e pour les visites libres du village, \u00e0 l&#8217;exception de certaines animations encadr\u00e9es.<\/p>\n","protected":false},"excerpt":{"rendered":"<p>Perch\u00e9 sur un promontoire rocheux, Saint-Vincent-de-Barr\u00e8s d\u00e9ploie ses ruelles pav\u00e9es et ses remparts au c\u0153ur de l&#8217;Ard\u00e8che. Class\u00e9 parmi les [&hellip;]<\/p>\n","protected":false},"author":4,"featured_media":13962,"comment_status":"open","ping_status":"closed","sticky":false,"template":"","format":"standard","meta":{"_acf_changed":false,"_sitemap_exclude":false,"_sitemap_priority":"","_sitemap_frequency":"","footnotes":"","rank_math_title":"","rank_math_description":"","rank_math_canonical_url":"","rank_math_focus_keyword":"Ard\u00e8che"},"categories":[3],"tags":[],"class_list":["post-51822","post","type-post","status-publish","format-standard","has-post-thumbnail","hentry","category-voyage"],"acf":[],"_links":{"self":[{"href":"https:\/\/ulysse.com\/news\/wp-json\/wp\/v2\/posts\/51822","targetHints":{"allow":["GET"]}}],"collection":[{"href":"https:\/\/ulysse.com\/news\/wp-json\/wp\/v2\/posts"}],"about":[{"href":"https:\/\/ulysse.com\/news\/wp-json\/wp\/v2\/types\/post"}],"author":[{"embeddable":true,"href":"https:\/\/ulysse.com\/news\/wp-json\/wp\/v2\/users\/4"}],"replies":[{"embeddable":true,"href":"https:\/\/ulysse.com\/news\/wp-json\/wp\/v2\/comments?post=51822"}],"version-history":[{"count":4,"href":"https:\/\/ulysse.com\/news\/wp-json\/wp\/v2\/posts\/51822\/revisions"}],"predecessor-version":[{"id":51889,"href":"https:\/\/ulysse.com\/news\/wp-json\/wp\/v2\/posts\/51822\/revisions\/51889"}],"wp:featuredmedia":[{"embeddable":true,"href":"https:\/\/ulysse.com\/news\/wp-json\/wp\/v2\/media\/13962"}],"wp:attachment":[{"href":"https:\/\/ulysse.com\/news\/wp-json\/wp\/v2\/media?parent=51822"}],"wp:term":[{"taxonomy":"category","embeddable":true,"href":"https:\/\/ulysse.com\/news\/wp-json\/wp\/v2\/categories?post=51822"},{"taxonomy":"post_tag","embeddable":true,"href":"https:\/\/ulysse.com\/news\/wp-json\/wp\/v2\/tags?post=51822"}],"curies":[{"name":"wp","href":"https:\/\/api.w.org\/{rel}","templated":true}]}}