{"id":51847,"date":"2026-09-03T16:32:00","date_gmt":"2026-09-03T15:32:00","guid":{"rendered":"https:\/\/discover.ulysse.com\/?p=51847"},"modified":"2026-09-03T14:35:12","modified_gmt":"2026-09-03T13:35:12","slug":"plus-belle-plage-monde-bretagne","status":"publish","type":"post","link":"https:\/\/ulysse.com\/news\/plus-belle-plage-monde-bretagne","title":{"rendered":"La plus belle plage du monde n\u2019est pas aux Maldives : elle se trouve en Bretagne"},"content":{"rendered":"\n<p class=\"wp-block-paragraph\">Un classement international publi\u00e9 en 2025 a d\u00e9sign\u00e9 une plage fran\u00e7aise comme la plus belle du monde. Ce titre, habituellement attribu\u00e9 \u00e0 des destinations exotiques lointaines, a \u00e9t\u00e9 d\u00e9cern\u00e9 \u00e0 un site situ\u00e9 en Bretagne, sur la commune de Carantec, dans le Finist\u00e8re.<\/p>\n\n\n\n<h2 class=\"wp-block-heading\">Une plage du Finist\u00e8re distingu\u00e9e par un classement international<\/h2>\n\n\n\n<p class=\"wp-block-paragraph\">Situ\u00e9e \u00e0 Carantec dans la baie de Morlaix, elle a \u00e9t\u00e9 sacr\u00e9e plus belle plage du monde en 2025. Ce classement a plac\u00e9 cette <a href=\"https:\/\/discover.ulysse.com\/cette-plage-bretonne-est-le-secret-bien-garde-des-locaux\" data-type=\"post\" data-id=\"25144\">crique bretonne<\/a> devant des destinations habituellement r\u00e9compens\u00e9es comme les Seychelles, les Bahamas ou l&#8217;\u00eele Maurice.<\/p>\n\n\n\n<p class=\"wp-block-paragraph\">Le site se trouve \u00e0 la pointe de Pen Al Lann, sur la presqu&#8217;\u00eele de Carantec. La plage est orient\u00e9e nord-est et offre une vue sur le ch\u00e2teau du Taureau ainsi que sur l&#8217;\u00eele Lou\u00ebt, un \u00eelot rocheux abritant un phare et une petite maison. La commune de Carantec compte un peu plus de 3 000 habitants.<\/p>\n\n\n\n<p class=\"wp-block-paragraph\">L&#8217;acc\u00e8s \u00e0 cette plage s&#8217;effectue par un sentier c\u00f4tier. Une marche est n\u00e9cessaire depuis les zones de stationnement les plus proches, ce qui limite l&#8217;afflux de visiteurs. Ce chemin, qui surplombe la plage, offre un panorama sur la crique et la baie de Morlaix.<\/p>\n\n\n\n<h2 class=\"wp-block-heading\">Elle est accessible uniquement \u00e0 pied<\/h2>\n\n\n\n<p class=\"wp-block-paragraph\">Le classement international a retenu plusieurs crit\u00e8res pour attribuer ce titre \u00e0 la plage de Carantec. La qualit\u00e9 de l&#8217;eau, la pr\u00e9servation du site et la beaut\u00e9 du paysage ont \u00e9t\u00e9 d\u00e9terminants dans la d\u00e9cision des juges, rapporte <a href=\"https:\/\/www.letribunaldunet.fr\/voyage\/plage-bretonne-carantec-plus-belle-plage-monde-2025.html\" target=\"_blank\" rel=\"noopener\">Le Tribunal Du Net<\/a>.<\/p>\n\n\n\n<p class=\"wp-block-paragraph\">La plage se distingue par son sable clair et <a href=\"https:\/\/discover.ulysse.com\/plages-idylliques-lagons-turquoise-ile-seduit\" data-type=\"post\" data-id=\"25935\">ses eaux turquoise<\/a>. Les locaux la surnomment d&#8217;ailleurs la \u00ab plage de Tahiti \u00bb en raison de ces caract\u00e9ristiques. Aucune infrastructure touristique n&#8217;est pr\u00e9sente sur le site : ni transats, ni food-trucks, ni commerces. La nature est rest\u00e9e brute, sans am\u00e9nagement.<\/p>\n\n\n\n<figure class=\"wp-block-embed is-type-rich is-provider-x wp-block-embed-x\"><div class=\"wp-block-embed__wrapper\">\n<blockquote class=\"twitter-tweet\" data-width=\"500\" data-dnt=\"true\"><p lang=\"fr\" dir=\"ltr\">En Bretagne, la plage de Tahiti situ\u00e9e sur la commune de Carantec vient d\u2019\u00eatre sacr\u00e9e plus belle plage du monde en 2025 \ud83d\ude09<a href=\"https:\/\/t.co\/htmgUVUjwO\">https:\/\/t.co\/htmgUVUjwO<\/a><a href=\"https:\/\/x.com\/hashtag\/breizh?src=hash&amp;ref_src=twsrc%5Etfw\">#breizh<\/a> <a href=\"https:\/\/x.com\/hashtag\/bzh?src=hash&amp;ref_src=twsrc%5Etfw\">#bzh<\/a> <a href=\"https:\/\/x.com\/hashtag\/emojibzh?src=hash&amp;ref_src=twsrc%5Etfw\">#emojibzh<\/a> <a href=\"https:\/\/x.com\/hashtag\/beach?src=hash&amp;ref_src=twsrc%5Etfw\">#beach<\/a> <a href=\"https:\/\/x.com\/hashtag\/brittany?src=hash&amp;ref_src=twsrc%5Etfw\">#brittany<\/a> <a href=\"https:\/\/x.com\/hashtag\/finistere?src=hash&amp;ref_src=twsrc%5Etfw\">#finistere<\/a> <a href=\"https:\/\/x.com\/hashtag\/baladesympa?src=hash&amp;ref_src=twsrc%5Etfw\">#baladesympa<\/a> <a href=\"https:\/\/t.co\/E776JYmkxv\">pic.twitter.com\/E776JYmkxv<\/a><\/p>&mdash; Breizh Korser (@GiachelloB) <a href=\"https:\/\/x.com\/GiachelloB\/status\/2014597763518935062?ref_src=twsrc%5Etfw\">January 23, 2026<\/a><\/blockquote><script async src=\"https:\/\/platform.x.com\/widgets.js\" charset=\"utf-8\"><\/script>\n<\/div><\/figure>\n\n\n\n<p class=\"wp-block-paragraph\">La transparence de l&#8217;eau permet d&#8217;<a href=\"https:\/\/discover.ulysse.com\/entre-creatures-mythiques-et-paysages-aquatiques-decouvrez-les-5-mondes-sous-marins-legendaires-a-explorer-en-2025\" data-type=\"post\" data-id=\"32269\">observer les fonds marins<\/a> sans \u00e9quipement particulier. L&#8217;absence de pollution sonore et visuelle contribue \u00e0 l&#8217;atmosph\u00e8re du lieu. La plage est accessible uniquement par un chemin p\u00e9destre, ce qui la pr\u00e9serve d&#8217;une fr\u00e9quentation massive.<\/p>\n\n\n\n<h2 class=\"wp-block-heading\">Une politique de pr\u00e9servation locale<\/h2>\n\n\n\n<p class=\"wp-block-paragraph\">La conservation de ce site r\u00e9sulte d&#8217;une politique locale volontairement orient\u00e9e vers <a href=\"https:\/\/discover.ulysse.com\/100-000-visiteurs-par-an-dans-ce-village-de-112-habitants-qui-cache-lun-des-plus-beaux-panoramas-de-normandie\" data-type=\"post\" data-id=\"50803\">la protection de l&#8217;environnement<\/a>. Les autorit\u00e9s ont choisi de limiter les am\u00e9nagements et de maintenir une vigilance sur la biodiversit\u00e9 marine.<\/p>\n\n\n\n<p class=\"wp-block-paragraph\">Cette approche a permis de conserver une eau d&#8217;une clart\u00e9 remarquable et de prot\u00e9ger la faune et la flore locales. La commune de Carantec, situ\u00e9e en baie de Morlaix, a fait le choix de privil\u00e9gier la pr\u00e9servation du site plut\u00f4t que le d\u00e9veloppement d&#8217;infrastructures touristiques. Cette reconnaissance internationale a accru sa notori\u00e9t\u00e9, suscitant des r\u00e9actions parmi les habitants, partag\u00e9s entre fiert\u00e9 et inqui\u00e9tude face \u00e0 un afflux potentiel de visiteurs.<\/p>\n","protected":false},"excerpt":{"rendered":"<p>Un classement international publi\u00e9 en 2025 a d\u00e9sign\u00e9 une plage fran\u00e7aise comme la plus belle du monde. Ce titre, habituellement [&hellip;]<\/p>\n","protected":false},"author":4,"featured_media":32562,"comment_status":"open","ping_status":"closed","sticky":false,"template":"","format":"standard","meta":{"_acf_changed":false,"_sitemap_exclude":false,"_sitemap_priority":"","_sitemap_frequency":"","footnotes":"","rank_math_title":"","rank_math_description":"","rank_math_canonical_url":"","rank_math_focus_keyword":"plage"},"categories":[3],"tags":[],"class_list":["post-51847","post","type-post","status-publish","format-standard","has-post-thumbnail","hentry","category-voyage"],"acf":[],"_links":{"self":[{"href":"https:\/\/ulysse.com\/news\/wp-json\/wp\/v2\/posts\/51847","targetHints":{"allow":["GET"]}}],"collection":[{"href":"https:\/\/ulysse.com\/news\/wp-json\/wp\/v2\/posts"}],"about":[{"href":"https:\/\/ulysse.com\/news\/wp-json\/wp\/v2\/types\/post"}],"author":[{"embeddable":true,"href":"https:\/\/ulysse.com\/news\/wp-json\/wp\/v2\/users\/4"}],"replies":[{"embeddable":true,"href":"https:\/\/ulysse.com\/news\/wp-json\/wp\/v2\/comments?post=51847"}],"version-history":[{"count":5,"href":"https:\/\/ulysse.com\/news\/wp-json\/wp\/v2\/posts\/51847\/revisions"}],"predecessor-version":[{"id":51897,"href":"https:\/\/ulysse.com\/news\/wp-json\/wp\/v2\/posts\/51847\/revisions\/51897"}],"wp:featuredmedia":[{"embeddable":true,"href":"https:\/\/ulysse.com\/news\/wp-json\/wp\/v2\/media\/32562"}],"wp:attachment":[{"href":"https:\/\/ulysse.com\/news\/wp-json\/wp\/v2\/media?parent=51847"}],"wp:term":[{"taxonomy":"category","embeddable":true,"href":"https:\/\/ulysse.com\/news\/wp-json\/wp\/v2\/categories?post=51847"},{"taxonomy":"post_tag","embeddable":true,"href":"https:\/\/ulysse.com\/news\/wp-json\/wp\/v2\/tags?post=51847"}],"curies":[{"name":"wp","href":"https:\/\/api.w.org\/{rel}","templated":true}]}}