{"id":51903,"date":"2026-09-04T07:05:00","date_gmt":"2026-09-04T06:05:00","guid":{"rendered":"https:\/\/discover.ulysse.com\/?p=51903"},"modified":"2026-09-03T23:39:14","modified_gmt":"2026-09-03T22:39:14","slug":"volotea-supprime-liaison-marseille-reduit-vols-barcelone","status":"publish","type":"post","link":"https:\/\/ulysse.com\/news\/volotea-supprime-liaison-marseille-reduit-vols-barcelone","title":{"rendered":"Volotea supprime une nouvelle liaison au d\u00e9part de Marseille avant m\u00eame son lancement et r\u00e9duit ses vols vers Barcelone"},"content":{"rendered":"\n<p class=\"wp-block-paragraph\">La compagnie a\u00e9rienne Volotea a d\u00e9cid\u00e9 d&#8217;annuler la liaison directe entre Marseille et l&#8217;\u00eele de La Grande Canarie, qui devait d\u00e9buter le 7 novembre 2026. Dans le cadre d&#8217;un plan plus vaste de suppressions de vols en Europe, la compagnie espagnole r\u00e9duit \u00e9galement sa fr\u00e9quence vers Barcelone \u00e0 partir d&#8217;avril 2027.<\/p>\n\n\n\n<p class=\"wp-block-paragraph\">Les passagers ayant d\u00e9j\u00e0 r\u00e9serv\u00e9 des billets pour La Grande Canarie seront rembours\u00e9s. Cette d\u00e9cision intervient alors que le secteur a\u00e9rien fait face \u00e0 une hausse des co\u00fbts du carburant, li\u00e9e au conflit au Moyen-Orient, qui pousse plusieurs compagnies \u00e0 revoir leurs programmes hivernaux.<\/p>\n\n\n\n<h2 class=\"wp-block-heading\">Volotea annule sa ligne Marseille-Grande Canarie avant son d\u00e9marrage<\/h2>\n\n\n\n<p class=\"wp-block-paragraph\">La liaison hebdomadaire entre<a href=\"https:\/\/discover.ulysse.com\/volotea-aeroport-marseille-reve-ligne-europe\" data-type=\"post\" data-id=\"29254\"> l&#8217;a\u00e9roport de Marseille-Provence<\/a>, situ\u00e9 \u00e0 Marignane, et l&#8217;a\u00e9roport de Las Palmas, sur l&#8217;\u00eele de La Grande Canarie (Espagne), devait \u00eatre assur\u00e9e par Volotea \u00e0 partir du 7 novembre 2026. La fr\u00e9quence pr\u00e9vue \u00e9tait d&#8217;un vol par semaine, chaque samedi, pendant plusieurs mois de la saison hivernale. La plateforme proven\u00e7ale a confirm\u00e9 \u00e0 <a href=\"https:\/\/actu.fr\/provence-alpes-cote-d-azur\/marseille_13055\/cette-destination-de-vacances-ne-sera-finalement-pas-desservie-depuis-marseille-les-vols-sont-suspendus_64737476.html\" target=\"_blank\" rel=\"noopener\">Actu.fr<\/a> que la ligne est bien \u00ab suspendue \u00bb.<\/p>\n\n\n\n<p class=\"wp-block-paragraph\">La d\u00e9cision a \u00e9t\u00e9 prise dans le cadre d&#8217;un plan de suppressions de vols d\u00e9cid\u00e9 par Volotea. Plusieurs lignes sont concern\u00e9es en Europe. Les voyageurs ayant d\u00e9j\u00e0 r\u00e9serv\u00e9 leurs billets pour cette destination seront rembours\u00e9s int\u00e9gralement. Volotea n&#8217;a pas communiqu\u00e9 de date de reprise pour cette liaison.<\/p>\n\n\n\n<h2 class=\"wp-block-heading\">Volotea r\u00e9duit sa fr\u00e9quence vers Barcelone et Ryanair ajuste ses plans<\/h2>\n\n\n\n<p class=\"wp-block-paragraph\">Volotea a \u00e9galement d\u00e9cid\u00e9 de r\u00e9duire sa fr\u00e9quence sur la ligne Marseille-Barcelone (Espagne). \u00c0 partir d&#8217;avril 2027, la compagnie ne proposera plus que quatre vols par semaine vers la capitale catalane. Cette ligne est \u00e9galement desservie par Vueling, qui maintient ses vols.<\/p>\n\n\n\n<figure class=\"wp-block-embed is-type-rich is-provider-x wp-block-embed-x\"><div class=\"wp-block-embed__wrapper\">\n<blockquote class=\"twitter-tweet\" data-width=\"500\" data-dnt=\"true\"><p lang=\"fr\" dir=\"ltr\">\ud83d\udd34 Volotea annonce la suppression de nombreux vols pour l\u2019hiver 2026\/27.<br><br>\u274c Brest vers Lanzarote, Barcelone, Rome, Tenerife<br><br>\u274c Bordeaux vers Lanzarote, Bari, Charleroi, Rome, Fuerteventura, Naples, Prague, Tenerife<br><br>\u274c Lille vers Grande Canarie, Madrid, S\u00e9ville<br><br>\u274c Lyon vers\u2026 <a href=\"https:\/\/t.co\/uIT9ZpCRoV\">pic.twitter.com\/uIT9ZpCRoV<\/a><\/p>&mdash; air plus news (@airplusnews) <a href=\"https:\/\/x.com\/airplusnews\/status\/2095091943042679034?ref_src=twsrc%5Etfw\">September 2, 2026<\/a><\/blockquote><script async src=\"https:\/\/platform.x.com\/widgets.js\" charset=\"utf-8\"><\/script>\n<\/div><\/figure>\n\n\n\n<p class=\"wp-block-paragraph\">Ryanair, autre compagnie pr\u00e9sente \u00e0 Marseille, a annonc\u00e9 le 2 septembre 2026 qu&#8217;<a href=\"https:\/\/discover.ulysse.com\/ryanair-supprimer-vols-hiver-prix-billets-augmenter-europe\" data-type=\"post\" data-id=\"51834\">elle pr\u00e9voyait de r\u00e9duire ses vols<\/a>. La compagnie irlandaise a \u00e9voqu\u00e9 les co\u00fbts \u00e9lev\u00e9s du carburant li\u00e9s \u00e0 la guerre au Moyen-Orient. Ryanair a \u00e9galement averti de possibles hausses des prix des billets si la flamb\u00e9e des prix du carburant perdurait. La direction de l&#8217;a\u00e9roport de Marseille-Provence assure toutefois qu&#8217;il n&#8217;y aura \u00ab pas de r\u00e9duction suppl\u00e9mentaire sur Ryanair par rapport au programme publi\u00e9 pour cet hiver \u00bb.<\/p>\n\n\n\n<h2 class=\"wp-block-heading\">114 destinations au programme hivernal et une nouvelle ligne vers New York<\/h2>\n\n\n\n<p class=\"wp-block-paragraph\">Malgr\u00e9 l&#8217;annulation des vols vers La Grande Canarie, l&#8217;a\u00e9roport de Marseille-Provence, situ\u00e9 dans les Bouches-du-Rh\u00f4ne, affiche une saison hivernale dense. 114 lignes sont au programme de l&#8217;hiver 2026-2027, contre 103 l&#8217;an dernier. L&#8217;a\u00e9roport maintient ainsi un niveau d&#8217;activit\u00e9 soutenu. <\/p>\n\n\n\n<p class=\"wp-block-paragraph\">D\u00e8s le 5 juin 2027, United Airlines proposera <a href=\"https:\/\/discover.ulysse.com\/united-airlines-mise-gros-sur-marseille-avec-un-vol-direct-quotidien-vers-new-york-des-2027\" data-type=\"post\" data-id=\"51484\">un vol direct entre Marseille et New York<\/a> (\u00c9tats-Unis). Cette annonce a \u00e9t\u00e9 salu\u00e9e par Arnaud Drouot, pr\u00e9sident de l&#8217;Office de tourisme de Marseille. Il a d\u00e9clar\u00e9 : \u00ab C&#8217;est la preuve que Marseille attire et s\u00e9duit toujours plus en s&#8217;imposant d\u00e9sormais comme une porte d&#8217;entr\u00e9e incontournable en France et en M\u00e9diterran\u00e9e. \u00bb<\/p>\n","protected":false},"excerpt":{"rendered":"<p>La compagnie a\u00e9rienne Volotea a d\u00e9cid\u00e9 d&#8217;annuler la liaison directe entre Marseille et l&#8217;\u00eele de La Grande Canarie, qui devait [&hellip;]<\/p>\n","protected":false},"author":4,"featured_media":30223,"comment_status":"open","ping_status":"closed","sticky":false,"template":"","format":"standard","meta":{"_acf_changed":false,"_sitemap_exclude":false,"_sitemap_priority":"","_sitemap_frequency":"","footnotes":"","rank_math_title":"","rank_math_description":"","rank_math_canonical_url":"","rank_math_focus_keyword":"Volotea"},"categories":[46],"tags":[],"class_list":["post-51903","post","type-post","status-publish","format-standard","has-post-thumbnail","hentry","category-avion"],"acf":[],"_links":{"self":[{"href":"https:\/\/ulysse.com\/news\/wp-json\/wp\/v2\/posts\/51903","targetHints":{"allow":["GET"]}}],"collection":[{"href":"https:\/\/ulysse.com\/news\/wp-json\/wp\/v2\/posts"}],"about":[{"href":"https:\/\/ulysse.com\/news\/wp-json\/wp\/v2\/types\/post"}],"author":[{"embeddable":true,"href":"https:\/\/ulysse.com\/news\/wp-json\/wp\/v2\/users\/4"}],"replies":[{"embeddable":true,"href":"https:\/\/ulysse.com\/news\/wp-json\/wp\/v2\/comments?post=51903"}],"version-history":[{"count":4,"href":"https:\/\/ulysse.com\/news\/wp-json\/wp\/v2\/posts\/51903\/revisions"}],"predecessor-version":[{"id":51943,"href":"https:\/\/ulysse.com\/news\/wp-json\/wp\/v2\/posts\/51903\/revisions\/51943"}],"wp:featuredmedia":[{"embeddable":true,"href":"https:\/\/ulysse.com\/news\/wp-json\/wp\/v2\/media\/30223"}],"wp:attachment":[{"href":"https:\/\/ulysse.com\/news\/wp-json\/wp\/v2\/media?parent=51903"}],"wp:term":[{"taxonomy":"category","embeddable":true,"href":"https:\/\/ulysse.com\/news\/wp-json\/wp\/v2\/categories?post=51903"},{"taxonomy":"post_tag","embeddable":true,"href":"https:\/\/ulysse.com\/news\/wp-json\/wp\/v2\/tags?post=51903"}],"curies":[{"name":"wp","href":"https:\/\/api.w.org\/{rel}","templated":true}]}}