{"id":51917,"date":"2026-09-05T12:58:41","date_gmt":"2026-09-05T11:58:41","guid":{"rendered":"https:\/\/discover.ulysse.com\/?p=51917"},"modified":"2026-09-05T12:58:45","modified_gmt":"2026-09-05T11:58:45","slug":"volotea-greve-pilotes-4-6-novembre","status":"publish","type":"post","link":"https:\/\/ulysse.com\/news\/volotea-greve-pilotes-4-6-novembre","title":{"rendered":"Volotea : une gr\u00e8ve des pilotes menace les vols en France du 4 au 6 novembre"},"content":{"rendered":"\n<p class=\"wp-block-paragraph\">Les voyageurs qui ont pr\u00e9vu de prendre l\u2019avion avec Volotea d\u00e9but novembre devront garder un \u0153il sur leur programme de vol. Une mobilisation des pilotes fran\u00e7ais de la compagnie espagnole pourrait perturber certaines op\u00e9rations entre le 4 et le 6 novembre, alors que plusieurs syndicats appellent \u00e0 un mouvement de gr\u00e8ve.<\/p>\n\n\n\n<p class=\"wp-block-paragraph\">\u00c0 ce stade, aucune liste pr\u00e9cise de vols annul\u00e9s ou de rotations supprim\u00e9es n\u2019a \u00e9t\u00e9 communiqu\u00e9e. Mais selon l\u2019ampleur de la mobilisation, des retards, des changements de programme ou des annulations ponctuelles restent possibles.<\/p>\n\n\n\n<h2 class=\"wp-block-heading\"><strong>Une gr\u00e8ve des pilotes Volotea pourrait toucher plusieurs vols en France<\/strong><\/h2>\n\n\n\n<p class=\"wp-block-paragraph\">Trois organisations syndicales repr\u00e9sentatives, le Syndicat national des pilotes de ligne (SNPL), l\u2019Union des navigants de l\u2019aviation civile (Unac) et le Syndicat des pilotes de ligne (SPL), ont appel\u00e9 les pilotes de Volotea bas\u00e9s en France \u00e0 cesser le travail du 4 au 6 novembre.<\/p>\n\n\n\n<p class=\"wp-block-paragraph\">Le mouvement concerne les n\u00e9gociations annuelles obligatoires, qui seraient bloqu\u00e9es depuis plusieurs mois entre les repr\u00e9sentants des salari\u00e9s et la direction.<\/p>\n\n\n\n<p class=\"wp-block-paragraph\">Pour les voyageurs, l\u2019incertitude vient surtout du fait que la compagnie n\u2019a pas encore communiqu\u00e9 d\u2019estimation sur le nombre de pilotes susceptibles de participer au mouvement ni sur les \u00e9ventuelles adaptations de son programme.<\/p>\n\n\n\n<p class=\"wp-block-paragraph\">Volotea dessert de nombreuses villes fran\u00e7aises et europ\u00e9ennes, notamment depuis Bordeaux, Nantes, Lyon, Marseille, Toulouse ou encore Lille. La France repr\u00e9sente d\u2019ailleurs le principal march\u00e9 de la compagnie \u00e0 bas co\u00fbt.<\/p>\n\n\n\n<h2 class=\"wp-block-heading\"><strong>Les pilotes d\u00e9noncent leurs conditions de travail et leurs r\u00e9mun\u00e9rations<\/strong><\/h2>\n\n\n\n<p class=\"wp-block-paragraph\">Derri\u00e8re cet appel \u00e0 la gr\u00e8ve, les syndicats mettent en avant plusieurs revendications li\u00e9es aux conditions d\u2019exercice du m\u00e9tier.<\/p>\n\n\n\n<p class=\"wp-block-paragraph\">Ils d\u00e9noncent notamment des plannings jug\u00e9s difficiles, une organisation du travail qui ne r\u00e9pondrait pas suffisamment aux attentes des pilotes et un niveau de r\u00e9mun\u00e9ration qu\u2019ils consid\u00e8rent comme inf\u00e9rieur \u00e0 celui observ\u00e9 dans le secteur.<\/p>\n\n\n\n<p class=\"wp-block-paragraph\">Selon l\u2019intersyndicale, les grilles salariales seraient rest\u00e9es inchang\u00e9es depuis plusieurs ann\u00e9es, alors m\u00eame que les contraintes li\u00e9es aux op\u00e9rations a\u00e9riennes continuent d\u2019\u00e9voluer, rel\u00e8ve<a href=\"https:\/\/www.lechotouristique.com\/article\/volotea-une-greve-pourrait-perturber-les-operations-francaises-du-4-au-6-novembre?utm_source=chatgpt.com\" target=\"_blank\" rel=\"noopener\"> L&#8217;Echo Touristique<\/a>.<\/p>\n\n\n\n<p class=\"wp-block-paragraph\">Les repr\u00e9sentants des pilotes r\u00e9clament \u00e9galement une am\u00e9lioration globale des conditions de travail et estiment que les exigences li\u00e9es \u00e0 la s\u00e9curit\u00e9 doivent rester une priorit\u00e9 dans les discussions avec la direction.<\/p>\n\n\n\n<p class=\"wp-block-paragraph\">De son c\u00f4t\u00e9, la compagnie devra d\u00e9sormais g\u00e9rer les cons\u00e9quences op\u00e9rationnelles possibles de ce mouvement tout en maintenant autant que possible son programme de vols.<\/p>\n\n\n\n<figure class=\"wp-block-embed is-type-rich is-provider-x wp-block-embed-x\"><div class=\"wp-block-embed__wrapper\">\n<blockquote class=\"twitter-tweet\" data-width=\"500\" data-dnt=\"true\"><p lang=\"fr\" dir=\"ltr\">Les pilotes Volotea appel\u00e9s \u00e0 la gr\u00e8ve : plusieurs vols annul\u00e9s \u00e0 l&#39;a\u00e9roport de <a href=\"https:\/\/x.com\/hashtag\/Lille?src=hash&amp;ref_src=twsrc%5Etfw\">#Lille<\/a>. Mauvaise nouvelle pour des centaines de voyageurs<a href=\"https:\/\/t.co\/VA8zQVCbl6\">https:\/\/t.co\/VA8zQVCbl6<\/a><\/p>&mdash; Lille actu (@Lille_actu) <a href=\"https:\/\/x.com\/Lille_actu\/status\/2095541624583471372?ref_src=twsrc%5Etfw\">September 3, 2026<\/a><\/blockquote><script async src=\"https:\/\/platform.x.com\/widgets.js\" charset=\"utf-8\"><\/script>\n<\/div><\/figure>\n\n\n\n<h2 class=\"wp-block-heading\"><strong>Quels vols Volotea pourraient \u00eatre concern\u00e9s ?<\/strong><\/h2>\n\n\n\n<p class=\"wp-block-paragraph\">Pour l\u2019instant, impossible de savoir pr\u00e9cis\u00e9ment quelles liaisons seront touch\u00e9es. L\u2019impact d\u00e9pendra principalement du taux de participation des pilotes et des solutions mises en place par Volotea pour assurer ses rotations.<\/p>\n\n\n\n<p class=\"wp-block-paragraph\">Les voyageurs ayant un vol pr\u00e9vu pendant cette p\u00e9riode doivent donc surveiller r\u00e9guli\u00e8rement les informations transmises par la compagnie, notamment par e-mail ou via leur espace de r\u00e9servation.<\/p>\n\n\n\n<p class=\"wp-block-paragraph\">En cas de perturbation, les passagers concern\u00e9s devraient \u00eatre inform\u00e9s directement par Volotea avec les \u00e9ventuelles solutions propos\u00e9es.<\/p>\n\n\n\n<h2 class=\"wp-block-heading\"><strong>Les voyageurs doivent-ils s\u2019inqui\u00e9ter ?<\/strong><\/h2>\n\n\n\n<p class=\"wp-block-paragraph\">Une gr\u00e8ve ne signifie pas automatiquement que tous les vols <a href=\"https:\/\/discover.ulysse.com\/volotea-en-pleine-ascension-en-espagne-profitant-du-retrait-progressif-de-ryanair\" data-type=\"post\" data-id=\"36589\">Volotea <\/a>seront annul\u00e9s. Les <a href=\"https:\/\/discover.ulysse.com\/compagnies-aeriennes-offres-pour-jeunes\" data-type=\"post\" data-id=\"21973\">compagnies a\u00e9riennes<\/a> disposent g\u00e9n\u00e9ralement de plusieurs moyens pour limiter les cons\u00e9quences d\u2019un mouvement social : r\u00e9organisation des \u00e9quipages, ajustement du programme ou modification de certaines rotations.<\/p>\n\n\n\n<p class=\"wp-block-paragraph\">Mais pour les voyageurs ayant un d\u00e9part pr\u00e9vu entre le 4 et le 6 novembre, mieux vaut \u00e9viter les mauvaises surprises. V\u00e9rifier le statut de son vol quelques jours avant le d\u00e9part, pr\u00e9voir une marge suppl\u00e9mentaire \u00e0 l\u2019a\u00e9roport et rester attentif aux communications de la compagnie sont les meilleurs r\u00e9flexes \u00e0 adopter.<\/p>\n\n\n\n<p class=\"wp-block-paragraph\">Apr\u00e8s plusieurs mouvements sociaux ayant touch\u00e9 le transport a\u00e9rien ces derni\u00e8res ann\u00e9es, les passagers savent d\u00e9sormais qu\u2019une mobilisation limit\u00e9e peut parfois entra\u00eener des ajustements importants dans les programmes de vols.<\/p>\n\n\n\n<figure class=\"wp-block-embed is-type-rich is-provider-x wp-block-embed-x\"><div class=\"wp-block-embed__wrapper\">\n<blockquote class=\"twitter-tweet\" data-width=\"500\" data-dnt=\"true\"><p lang=\"fr\" dir=\"ltr\">Les pilotes de Volotea appel\u00e9s \u00e0 la gr\u00e8ve du 4 au 6\u00a0septembre en France, la compagnie alerte sur des perturbations<br>\u27a1\ufe0f <a href=\"https:\/\/t.co\/JTwmCwkCYp\">https:\/\/t.co\/JTwmCwkCYp<\/a> <a href=\"https:\/\/t.co\/UpkwSdkQTV\">pic.twitter.com\/UpkwSdkQTV<\/a><\/p>&mdash; Le Parisien (@le_Parisien) <a href=\"https:\/\/x.com\/le_Parisien\/status\/2095396393141612577?ref_src=twsrc%5Etfw\">September 3, 2026<\/a><\/blockquote><script async src=\"https:\/\/platform.x.com\/widgets.js\" charset=\"utf-8\"><\/script>\n<\/div><\/figure>\n","protected":false},"excerpt":{"rendered":"<p>Les pilotes de Volotea bas\u00e9s en France ont d\u00e9pos\u00e9 un pr\u00e9avis de gr\u00e8ve pour le d\u00e9but du mois de novembre, un mouvement qui pourrait entra\u00eener des perturbations sur certaines liaisons de la compagnie.<\/p>\n","protected":false},"author":3,"featured_media":51920,"comment_status":"open","ping_status":"closed","sticky":false,"template":"","format":"standard","meta":{"_acf_changed":false,"_sitemap_exclude":false,"_sitemap_priority":"","_sitemap_frequency":"","footnotes":"","rank_math_title":"","rank_math_description":"Une gr\u00e8ve des pilotes Volotea pourrait perturber certains vols en France du 4 au 6 novembre. Voici ce que les voyageurs doivent savoir. \n","rank_math_canonical_url":"","rank_math_focus_keyword":"volotea"},"categories":[46],"tags":[],"class_list":["post-51917","post","type-post","status-publish","format-standard","has-post-thumbnail","hentry","category-avion"],"acf":[],"_links":{"self":[{"href":"https:\/\/ulysse.com\/news\/wp-json\/wp\/v2\/posts\/51917","targetHints":{"allow":["GET"]}}],"collection":[{"href":"https:\/\/ulysse.com\/news\/wp-json\/wp\/v2\/posts"}],"about":[{"href":"https:\/\/ulysse.com\/news\/wp-json\/wp\/v2\/types\/post"}],"author":[{"embeddable":true,"href":"https:\/\/ulysse.com\/news\/wp-json\/wp\/v2\/users\/3"}],"replies":[{"embeddable":true,"href":"https:\/\/ulysse.com\/news\/wp-json\/wp\/v2\/comments?post=51917"}],"version-history":[{"count":2,"href":"https:\/\/ulysse.com\/news\/wp-json\/wp\/v2\/posts\/51917\/revisions"}],"predecessor-version":[{"id":52023,"href":"https:\/\/ulysse.com\/news\/wp-json\/wp\/v2\/posts\/51917\/revisions\/52023"}],"wp:featuredmedia":[{"embeddable":true,"href":"https:\/\/ulysse.com\/news\/wp-json\/wp\/v2\/media\/51920"}],"wp:attachment":[{"href":"https:\/\/ulysse.com\/news\/wp-json\/wp\/v2\/media?parent=51917"}],"wp:term":[{"taxonomy":"category","embeddable":true,"href":"https:\/\/ulysse.com\/news\/wp-json\/wp\/v2\/categories?post=51917"},{"taxonomy":"post_tag","embeddable":true,"href":"https:\/\/ulysse.com\/news\/wp-json\/wp\/v2\/tags?post=51917"}],"curies":[{"name":"wp","href":"https:\/\/api.w.org\/{rel}","templated":true}]}}