{"id":51927,"date":"2026-09-04T11:05:03","date_gmt":"2026-09-04T10:05:03","guid":{"rendered":"https:\/\/discover.ulysse.com\/?p=51927"},"modified":"2026-09-04T11:05:10","modified_gmt":"2026-09-04T10:05:10","slug":"american-airlines-new-york-ville-francaise","status":"publish","type":"post","link":"https:\/\/ulysse.com\/news\/american-airlines-new-york-ville-francaise","title":{"rendered":"American Airlines ouvre une nouvelle route transatlantique entre New York et cette ville fran\u00e7aise en 2027"},"content":{"rendered":"\n<p class=\"wp-block-paragraph\">Les voyageurs qui r\u00eavent d\u2019un s\u00e9jour \u00e0 New York auront bient\u00f4t une nouvelle option depuis la France. American Airlines pr\u00e9pare une extension importante de son r\u00e9seau europ\u00e9en pour l\u2019\u00e9t\u00e9 2027 et a choisi d\u2019ajouter une nouvelle liaison directe entre New York-JFK et Nice-C\u00f4te d\u2019Azur.&nbsp;<\/p>\n\n\n\n<p class=\"wp-block-paragraph\">Une annonce qui confirme l\u2019int\u00e9r\u00eat croissant des compagnies internationales pour la C\u00f4te d\u2019Azur, une destination particuli\u00e8rement populaire aupr\u00e8s des visiteurs am\u00e9ricains. \u00c0 partir du 6 mai 2027, la compagnie am\u00e9ricaine reliera les deux villes quotidiennement \u00e0 bord d\u2019un Airbus A321XLR, un appareil sp\u00e9cialement adapt\u00e9 aux vols long-courriers avec une consommation optimis\u00e9e.<\/p>\n\n\n\n<h2 class=\"wp-block-heading\"><strong>Nice sera directement reli\u00e9e \u00e0 New York d\u00e8s mai 2027<\/strong><\/h2>\n\n\n\n<p class=\"wp-block-paragraph\">Pour les voyageurs fran\u00e7ais, cette nouvelle ligne repr\u00e9sente surtout une nouvelle possibilit\u00e9 de rejoindre les \u00c9tats-Unis sans forc\u00e9ment passer par Paris.<\/p>\n\n\n\n<p class=\"wp-block-paragraph\">Jusqu\u2019ici, une grande partie des d\u00e9parts vers New York depuis la France se concentraient autour des grands hubs comme Paris-Charles-de-Gaulle. Avec cette nouvelle liaison, les habitants de la r\u00e9gion Provence-Alpes-C\u00f4te d\u2019Azur et les voyageurs \u00e9trangers pourront acc\u00e9der plus facilement \u00e0 la m\u00e9tropole am\u00e9ricaine depuis le sud de la France.<\/p>\n\n\n\n<p class=\"wp-block-paragraph\">La liaison entre New York-JFK et Nice sera op\u00e9r\u00e9e chaque jour pendant la saison estivale 2027. Ce choix n\u2019est pas vraiment surprenant. La C\u00f4te d\u2019Azur reste l\u2019une des r\u00e9gions fran\u00e7aises les plus connues \u00e0 l\u2019international, notamment aupr\u00e8s des visiteurs am\u00e9ricains attir\u00e9s par ses plages, ses villages, ses \u00e9v\u00e9nements culturels et son art de vivre.<\/p>\n\n\n\n<p class=\"wp-block-paragraph\">Pour American Airlines, cette nouvelle route permet aussi de renforcer sa pr\u00e9sence sur un march\u00e9 o\u00f9 la demande touristique reste importante.<\/p>\n\n\n\n<h2 class=\"wp-block-heading\"><strong>La C\u00f4te d\u2019Azur devient encore plus attractive pour les voyageurs am\u00e9ricains<\/strong><\/h2>\n\n\n\n<p class=\"wp-block-paragraph\">Cette nouvelle connexion ne concerne pas uniquement les Fran\u00e7ais souhaitant partir aux \u00c9tats-Unis. Elle r\u00e9pond aussi \u00e0 une demande des voyageurs am\u00e9ricains qui souhaitent rejoindre plus facilement le sud de la France.<\/p>\n\n\n\n<p class=\"wp-block-paragraph\">Nice est souvent utilis\u00e9e comme point de d\u00e9part pour explorer plusieurs destinations embl\u00e9matiques. Monaco, Cannes, Antibes, Saint-Tropez ou encore les villages perch\u00e9s de l\u2019arri\u00e8re-pays.<\/p>\n\n\n\n<p class=\"wp-block-paragraph\">Une liaison directe avec New York peut donc faciliter les s\u00e9jours combinant plusieurs exp\u00e9riences. Quelques jours dans la capitale am\u00e9ricaine suivis d\u2019une escapade m\u00e9diterran\u00e9enne, ou l\u2019inverse.<\/p>\n\n\n\n<p class=\"wp-block-paragraph\">L\u2019arriv\u00e9e d\u2019American Airlines pourrait \u00e9galement renforcer le tourisme d\u2019affaires, avec des d\u00e9placements simplifi\u00e9s entre deux r\u00e9gions tr\u00e8s actives \u00e9conomiquement.<\/p>\n\n\n\n<figure class=\"wp-block-embed is-type-rich is-provider-x wp-block-embed-x\"><div class=\"wp-block-embed__wrapper\">\n<blockquote class=\"twitter-tweet\" data-width=\"500\" data-dnt=\"true\"><p lang=\"fr\" dir=\"ltr\">\ud83d\udd34 American Airlines annonce une nouvelle ligne \u00e0 l\u2019a\u00e9roport de Nice !<br><br>\u25ab\ufe0fNice &#8211; New York JFK d\u00e8s le 6 mai 2027 en Airbus A321XLR.<br><br>American Airlines vole d\u00e9j\u00e0 vers Philadelphie depuis Nice, lors de la saison estivale.<br><br>Il s\u2019agit donc de la quatri\u00e8me compagnie a\u00e9rienne au d\u00e9part\u2026 <a href=\"https:\/\/t.co\/zqpBUzTQLU\">pic.twitter.com\/zqpBUzTQLU<\/a><\/p>&mdash; air plus news (@airplusnews) <a href=\"https:\/\/x.com\/airplusnews\/status\/2092950346968572332?ref_src=twsrc%5Etfw\">August 27, 2026<\/a><\/blockquote><script async src=\"https:\/\/platform.x.com\/widgets.js\" charset=\"utf-8\"><\/script>\n<\/div><\/figure>\n\n\n\n<h2 class=\"wp-block-heading\"><strong>American Airlines prolonge aussi sa pr\u00e9sence entre Charlotte et Paris<\/strong><\/h2>\n\n\n\n<p class=\"wp-block-paragraph\">La France ne sera pas seulement concern\u00e9e par cette nouvelle ligne. American Airlines annonce \u00e9galement un renforcement de sa desserte existante entre Charlotte et Paris-Charles-de-Gaulle, relate <a href=\"https:\/\/www.tourmag.com\/American-Airlines-renforce-sa-presence-en-France-avec-une-nouvelle-liaison-New-York-Nice_a133041.html?utm\" target=\"_blank\" rel=\"noopener\">TourMag<\/a>.<\/p>\n\n\n\n<p class=\"wp-block-paragraph\">Alors que cette liaison \u00e9tait traditionnellement davantage concentr\u00e9e sur la haute saison, la compagnie pr\u00e9voit de lancer ses vols d\u00e8s le 4 mars 2027, permettant ainsi une p\u00e9riode d\u2019exploitation plus longue.<\/p>\n\n\n\n<p class=\"wp-block-paragraph\">Charlotte, en Caroline du Nord, constitue un important centre \u00e9conomique am\u00e9ricain et un hub majeur pour American Airlines. Cette extension offre donc davantage de possibilit\u00e9s de correspondances vers d\u2019autres r\u00e9gions des \u00c9tats-Unis pour les voyageurs europ\u00e9ens.<\/p>\n\n\n\n<h2 class=\"wp-block-heading\"><strong>Porto, Reykjavik et Vienne rejoignent \u00e9galement le r\u00e9seau europ\u00e9en<\/strong><\/h2>\n\n\n\n<p class=\"wp-block-paragraph\">Le programme 2027 d\u2019American Airlines ne se limite pas \u00e0 la France. La compagnie ajoutera \u00e9galement trois nouvelles destinations internationales au d\u00e9part de Philadelphie. Les voyageurs pourront rejoindre :<\/p>\n\n\n\n<ul class=\"wp-block-list\">\n<li>Porto au Portugal \u00e0 partir du 28 mars 2027 ;<\/li>\n\n\n\n<li>Reykjavik en Islande d\u00e8s le 6 mai 2027 ;<\/li>\n\n\n\n<li>Vienne en Autriche \u00e0 partir du 27 mai 2027.<\/li>\n<\/ul>\n\n\n\n<p class=\"wp-block-paragraph\">Cette derni\u00e8re liaison repr\u00e9sente une nouveaut\u00e9 importante pour la compagnie, qui indique \u00eatre la seule compagnie a\u00e9rienne am\u00e9ricaine \u00e0 proposer une liaison directe vers la capitale autrichienne depuis les \u00c9tats-Unis.<\/p>\n\n\n\n<p class=\"wp-block-paragraph\">Les vols Philadelphie-Vienne seront op\u00e9r\u00e9s quotidiennement en Airbus A321XLR et seront m\u00eame prolong\u00e9s jusqu\u2019au d\u00e9but de l\u2019ann\u00e9e 2028. De son c\u00f4t\u00e9, Reykjavik fera son retour dans le r\u00e9seau d\u2019American Airlines apr\u00e8s plusieurs ann\u00e9es d\u2019absence.<\/p>\n\n\n\n<h2 class=\"wp-block-heading\"><strong>Un r\u00e9seau transatlantique qui continue de s\u2019\u00e9largir<\/strong><\/h2>\n\n\n\n<p class=\"wp-block-paragraph\">Avec ces nouvelles lignes, American Airlines confirme une tendance observ\u00e9e depuis plusieurs ann\u00e9es. Les compagnies cherchent \u00e0 multiplier les liaisons directes entre les <a href=\"https:\/\/discover.ulysse.com\/etats-unis-facturent-18e-aeroport\" data-type=\"post\" data-id=\"38450\">\u00c9tats-Unis<\/a> et des destinations europ\u00e9ennes secondaires.<\/p>\n\n\n\n<p class=\"wp-block-paragraph\">L\u2019objectif est simple, \u00e9viter aux voyageurs de passer syst\u00e9matiquement par les grands a\u00e9roports internationaux et proposer des trajets plus pratiques. Pour la France, la nouvelle liaison New York-Nice constitue une \u00e9volution particuli\u00e8rement int\u00e9ressante.<\/p>\n\n\n\n<p class=\"wp-block-paragraph\">La <a href=\"https:\/\/discover.ulysse.com\/nouveau-vol-low-cost-easyjet-connecte-la-cote-dazur-a-cette-ile-paradisiaque-de-madere\" data-type=\"post\" data-id=\"46832\">C\u00f4te d\u2019Azur <\/a>disposera bient\u00f4t d\u2019une connexion directe suppl\u00e9mentaire avec l\u2019une des villes les plus visit\u00e9es au monde, offrant de nouvelles possibilit\u00e9s aussi bien aux touristes qu\u2019aux voyageurs professionnels.<\/p>\n\n\n\n<figure class=\"wp-block-embed is-type-rich is-provider-x wp-block-embed-x\"><div class=\"wp-block-embed__wrapper\">\n<blockquote class=\"twitter-tweet\" data-width=\"500\" data-dnt=\"true\"><p lang=\"fr\" dir=\"ltr\">American Airlines reliera New York JFK \u00e0 Nice d\u00e8s l\u2019\u00e9t\u00e9 2027 <a href=\"https:\/\/t.co\/1enk3fyNPK\">https:\/\/t.co\/1enk3fyNPK<\/a> <a href=\"https:\/\/t.co\/JcBdBZjI0N\">pic.twitter.com\/JcBdBZjI0N<\/a><\/p>&mdash; Air Journal (@airjournal) <a href=\"https:\/\/x.com\/airjournal\/status\/2093213961105846629?ref_src=twsrc%5Etfw\">August 28, 2026<\/a><\/blockquote><script async src=\"https:\/\/platform.x.com\/widgets.js\" charset=\"utf-8\"><\/script>\n<\/div><\/figure>\n","protected":false},"excerpt":{"rendered":"<p>La compagnie am\u00e9ricaine pr\u00e9pare d\u00e9j\u00e0 son programme \u00e9t\u00e9 2027 avec plusieurs nouveaut\u00e9s internationales, dont une nouvelle liaison directe qui va rapprocher la C\u00f4te d\u2019Azur des \u00c9tats-Unis.<\/p>\n","protected":false},"author":3,"featured_media":51929,"comment_status":"open","ping_status":"closed","sticky":false,"template":"","format":"standard","meta":{"_acf_changed":false,"_sitemap_exclude":false,"_sitemap_priority":"","_sitemap_frequency":"","footnotes":"","rank_math_title":"","rank_math_description":"American Airlines lancera en 2027 une nouvelle ligne directe entre New York et Nice, renfor\u00e7ant les connexions entre la France et les \u00c9tats-Unis. \n","rank_math_canonical_url":"","rank_math_focus_keyword":"american"},"categories":[46],"tags":[],"class_list":["post-51927","post","type-post","status-publish","format-standard","has-post-thumbnail","hentry","category-avion"],"acf":[],"_links":{"self":[{"href":"https:\/\/ulysse.com\/news\/wp-json\/wp\/v2\/posts\/51927","targetHints":{"allow":["GET"]}}],"collection":[{"href":"https:\/\/ulysse.com\/news\/wp-json\/wp\/v2\/posts"}],"about":[{"href":"https:\/\/ulysse.com\/news\/wp-json\/wp\/v2\/types\/post"}],"author":[{"embeddable":true,"href":"https:\/\/ulysse.com\/news\/wp-json\/wp\/v2\/users\/3"}],"replies":[{"embeddable":true,"href":"https:\/\/ulysse.com\/news\/wp-json\/wp\/v2\/comments?post=51927"}],"version-history":[{"count":2,"href":"https:\/\/ulysse.com\/news\/wp-json\/wp\/v2\/posts\/51927\/revisions"}],"predecessor-version":[{"id":51945,"href":"https:\/\/ulysse.com\/news\/wp-json\/wp\/v2\/posts\/51927\/revisions\/51945"}],"wp:featuredmedia":[{"embeddable":true,"href":"https:\/\/ulysse.com\/news\/wp-json\/wp\/v2\/media\/51929"}],"wp:attachment":[{"href":"https:\/\/ulysse.com\/news\/wp-json\/wp\/v2\/media?parent=51927"}],"wp:term":[{"taxonomy":"category","embeddable":true,"href":"https:\/\/ulysse.com\/news\/wp-json\/wp\/v2\/categories?post=51927"},{"taxonomy":"post_tag","embeddable":true,"href":"https:\/\/ulysse.com\/news\/wp-json\/wp\/v2\/tags?post=51927"}],"curies":[{"name":"wp","href":"https:\/\/api.w.org\/{rel}","templated":true}]}}