{"id":51936,"date":"2026-09-04T16:32:00","date_gmt":"2026-09-04T15:32:00","guid":{"rendered":"https:\/\/discover.ulysse.com\/?p=51936"},"modified":"2026-09-04T13:21:06","modified_gmt":"2026-09-04T12:21:06","slug":"air-canada-7-nouvelles-liaisons-2027","status":"publish","type":"post","link":"https:\/\/ulysse.com\/news\/air-canada-7-nouvelles-liaisons-2027","title":{"rendered":"Air Canada renforce son r\u00e9seau international avec 7 nouvelles liaisons en 2027"},"content":{"rendered":"\n<p class=\"wp-block-paragraph\">Air Canada pr\u00e9pare une extension de son r\u00e9seau international pour l\u2019\u00e9t\u00e9 2027, avec de nouvelles dessertes au d\u00e9part de Vancouver, Toronto et Montr\u00e9al. Ce programme renforcera les liaisons du transporteur canadien avec plusieurs villes europ\u00e9ennes et asiatiques.<\/p>\n\n\n\n<h2 class=\"wp-block-heading\">Air Canada d\u00e9veloppe son r\u00e9seau depuis trois a\u00e9roports canadiens<\/h2>\n\n\n\n<p class=\"wp-block-paragraph\">Dans <a href=\"https:\/\/www.aircanada.com\/medias\/pr%C3%AAts-pour-le-d%C3%A9collage-air-canada-%C3%A9largit-sa-port%C3%A9e-mondiale-avec-de-nouvelles-liaisons-et-de-nouveaux-vols-vers-lasie-leurope-et-lam%C3%A9rique-latine\/\" target=\"_blank\" rel=\"noopener\">un communiqu\u00e9<\/a> publi\u00e9 le 3 septembre 2026, Air Canada a annonc\u00e9 cinq nouvelles destinations internationales et sept nouvelles liaisons pour l\u2019\u00e9t\u00e9 2027. Le programme comprend des vols entre Vancouver et Guangzhou, en Chine, ainsi que des dessertes reliant Toronto \u00e0 Oslo, en Norv\u00e8ge, \u00e0 Shannon, en Irlande, et \u00e0 Nice, en France. Au d\u00e9part de Montr\u00e9al, la compagnie desservira B\u00e2le-Mulhouse, en Suisse, et Dubrovnik, en Croatie.<\/p>\n\n\n\n<p class=\"wp-block-paragraph\">Air Canada r\u00e9tablira \u00e9galement son vol de jour entre Toronto et Londres-Heathrow. La liaison Toronto-Shanghai deviendra quotidienne. Les vols reliant Montr\u00e9al \u00e0 Tenerife, Lima et Guatemala seront assur\u00e9s toute l\u2019ann\u00e9e, tout comme la desserte Toronto-Guatemala, dont le lancement est pr\u00e9vu en d\u00e9cembre 2026.<\/p>\n\n\n\n<p class=\"wp-block-paragraph\">La liaison Vancouver-Guangzhou sera inaugur\u00e9e le 4 mai 2027, sous r\u00e9serve de l\u2019autorisation des autorit\u00e9s comp\u00e9tentes. Trois vols hebdomadaires seront assur\u00e9s toute l\u2019ann\u00e9e avec des Boeing 787 Dreamliner. Guangzhou deviendra la troisi\u00e8me destination d\u2019Air Canada en Chine continentale, apr\u00e8s P\u00e9kin et Shanghai. Le transporteur proposera jusqu\u2019\u00e0 24 vols par semaine vers ces trois villes.<\/p>\n\n\n\n<h2 class=\"wp-block-heading\">Oslo, Shannon et Nice directement reli\u00e9es \u00e0 Toronto<\/h2>\n\n\n\n<p class=\"wp-block-paragraph\">La liaison Toronto-Oslo sera propos\u00e9e quatre fois par semaine \u00e0 bord d\u2019<a href=\"https:\/\/discover.ulysse.com\/a321xlr-american-airlines-transatlantique-nouvelles-routes-france\" data-type=\"post\" data-id=\"48848\">un Airbus A321XLR<\/a>. Les vols seront assur\u00e9s du 2 juin au 10 octobre 2027 au d\u00e9part du Canada. Oslo rejoindra ainsi Stockholm et Copenhague parmi les destinations scandinaves desservies par Air Canada. Le transporteur indique qu\u2019il sera la seule compagnie nord-am\u00e9ricaine \u00e0 proposer des vols directs vers la Norv\u00e8ge.<\/p>\n\n\n\n<p class=\"wp-block-paragraph\">Air Canada ouvrira \u00e9galement une liaison entre Toronto et Shannon le 10 juin 2027. Trois rotations hebdomadaires seront programm\u00e9es jusqu\u2019au 2 octobre au d\u00e9part du Canada. Cette desserte, exploit\u00e9e avec un Airbus A321XLR, fera de Shannon la deuxi\u00e8me destination irlandaise de la compagnie apr\u00e8s Dublin.<\/p>\n\n\n\n<figure class=\"wp-block-embed is-type-rich is-provider-x wp-block-embed-x\"><div class=\"wp-block-embed__wrapper\">\n<blockquote class=\"twitter-tweet\" data-width=\"500\" data-dnt=\"true\"><p lang=\"fr\" dir=\"ltr\">Grande nouvelle! Vols pour Dubrovnik, Oslo, Shannon, B\u00e2le et Guangzhou d\u00e8s l\u2019\u00e9t\u00e9 prochain. \u2708\ufe0f O\u00f9 irez-vous en premier?<br><br>En savoir plus: <a href=\"https:\/\/t.co\/J84WC4SOvj\">https:\/\/t.co\/J84WC4SOvj<\/a> <a href=\"https:\/\/t.co\/HIc2ARnim4\">pic.twitter.com\/HIc2ARnim4<\/a><\/p>&mdash; Air Canada (@AirCanada) <a href=\"https:\/\/x.com\/AirCanada\/status\/2095507955277853118?ref_src=twsrc%5Etfw\">September 3, 2026<\/a><\/blockquote><script async src=\"https:\/\/platform.x.com\/widgets.js\" charset=\"utf-8\"><\/script>\n<\/div><\/figure>\n\n\n\n<p class=\"wp-block-paragraph\">Les vols entre Toronto et Nice commenceront le 16 juin 2027. Deux rotations hebdomadaires seront assur\u00e9es les mercredis et samedis jusqu\u2019au 23 octobre, \u00e0 bord d\u2019Airbus A330-300. Cette desserte compl\u00e9tera les vols d\u00e9j\u00e0 propos\u00e9s entre Montr\u00e9al et Nice.<\/p>\n\n\n\n<h2 class=\"wp-block-heading\">Montr\u00e9al sera reli\u00e9e \u00e0 B\u00e2le et Dubrovnik en 2027<\/h2>\n\n\n\n<p class=\"wp-block-paragraph\">Air Canada reliera Montr\u00e9al-Trudeau \u00e0 <a href=\"https:\/\/discover.ulysse.com\/euroairport-bale-mulhouse-fermeture-piste-2026\" data-type=\"post\" data-id=\"48637\">B\u00e2le-Mulhouse<\/a> quatre fois par semaine, du 16 juin au 23 octobre 2027. La ligne sera exploit\u00e9e avec un Airbus A321XLR \u00e9quip\u00e9 de deux cabines, dont la cabine Signature Air Canada, dot\u00e9e de si\u00e8ges transformables en lits. Les vols partiront de Montr\u00e9al les lundis, mercredis, vendredis et samedis.<\/p>\n\n\n\n<p class=\"wp-block-paragraph\">La liaison saisonni\u00e8re entre Montr\u00e9al et Dubrovnik sera propos\u00e9e trois fois par semaine, du 11 mai au 23 octobre 2027 au d\u00e9part du Canada. Les vols seront effectu\u00e9s avec des Boeing 787 Dreamliner comprenant les cabines Signature Air Canada, \u00c9conomique Privil\u00e8ge et \u00c9conomique.<\/p>\n\n\n\n<p class=\"wp-block-paragraph\">Mark Galardo, vice-pr\u00e9sident g\u00e9n\u00e9ral et chef des affaires commerciales ainsi que pr\u00e9sident du fret chez Air Canada, a d\u00e9clar\u00e9 que l\u2019\u00e9t\u00e9 2027 marquera \u00ab la plus vaste expansion intercontinentale de l\u2019histoire d\u2019Air Canada \u00bb. Le programme reposera notamment sur l\u2019arriv\u00e9e des Airbus A321XLR et de nouveaux avions gros-porteurs. <\/p>\n\n\n\n<p class=\"wp-block-paragraph\">Pour l\u2019\u00e9t\u00e9 2027, Air Canada pr\u00e9voit d\u2019exploiter plus de 125 liaisons internationales et de proposer jusqu\u2019\u00e0 169 000 si\u00e8ges par semaine au d\u00e9part du Canada. Son r\u00e9seau couvrira plus de 85 destinations internationales. Cette programmation repr\u00e9sente une hausse de plus de 8 % du nombre de si\u00e8ges-milles disponibles par rapport \u00e0 l\u2019\u00e9t\u00e9 2026. Les billets sont d\u00e9j\u00e0 propos\u00e9s sur le site d\u2019Air Canada, aupr\u00e8s de ses centres de contact et dans les agences de voyages.<\/p>\n","protected":false},"excerpt":{"rendered":"<p>Air Canada pr\u00e9pare une extension de son r\u00e9seau international pour l\u2019\u00e9t\u00e9 2027, avec de nouvelles dessertes au d\u00e9part de Vancouver, [&hellip;]<\/p>\n","protected":false},"author":4,"featured_media":27624,"comment_status":"open","ping_status":"closed","sticky":false,"template":"","format":"standard","meta":{"_acf_changed":false,"_sitemap_exclude":false,"_sitemap_priority":"","_sitemap_frequency":"","footnotes":"","rank_math_title":"","rank_math_description":"","rank_math_canonical_url":"","rank_math_focus_keyword":"air canada"},"categories":[46],"tags":[],"class_list":["post-51936","post","type-post","status-publish","format-standard","has-post-thumbnail","hentry","category-avion"],"acf":[],"_links":{"self":[{"href":"https:\/\/ulysse.com\/news\/wp-json\/wp\/v2\/posts\/51936","targetHints":{"allow":["GET"]}}],"collection":[{"href":"https:\/\/ulysse.com\/news\/wp-json\/wp\/v2\/posts"}],"about":[{"href":"https:\/\/ulysse.com\/news\/wp-json\/wp\/v2\/types\/post"}],"author":[{"embeddable":true,"href":"https:\/\/ulysse.com\/news\/wp-json\/wp\/v2\/users\/4"}],"replies":[{"embeddable":true,"href":"https:\/\/ulysse.com\/news\/wp-json\/wp\/v2\/comments?post=51936"}],"version-history":[{"count":3,"href":"https:\/\/ulysse.com\/news\/wp-json\/wp\/v2\/posts\/51936\/revisions"}],"predecessor-version":[{"id":51962,"href":"https:\/\/ulysse.com\/news\/wp-json\/wp\/v2\/posts\/51936\/revisions\/51962"}],"wp:featuredmedia":[{"embeddable":true,"href":"https:\/\/ulysse.com\/news\/wp-json\/wp\/v2\/media\/27624"}],"wp:attachment":[{"href":"https:\/\/ulysse.com\/news\/wp-json\/wp\/v2\/media?parent=51936"}],"wp:term":[{"taxonomy":"category","embeddable":true,"href":"https:\/\/ulysse.com\/news\/wp-json\/wp\/v2\/categories?post=51936"},{"taxonomy":"post_tag","embeddable":true,"href":"https:\/\/ulysse.com\/news\/wp-json\/wp\/v2\/tags?post=51936"}],"curies":[{"name":"wp","href":"https:\/\/api.w.org\/{rel}","templated":true}]}}