{"id":51963,"date":"2026-09-06T13:13:20","date_gmt":"2026-09-06T12:13:20","guid":{"rendered":"https:\/\/discover.ulysse.com\/?p=51963"},"modified":"2026-09-06T13:13:22","modified_gmt":"2026-09-06T12:13:22","slug":"controles-frontieres-europe-ees-6-septembre","status":"publish","type":"post","link":"https:\/\/ulysse.com\/news\/controles-frontieres-europe-ees-6-septembre","title":{"rendered":"Contr\u00f4les aux fronti\u00e8res : l\u2019Europe durcit les r\u00e8gles EES d\u00e8s ce 6 septembre"},"content":{"rendered":"\n<p class=\"wp-block-paragraph\">Les contr\u00f4les aux fronti\u00e8res europ\u00e9ennes vont conna\u00eetre une nouvelle \u00e9tape \u00e0 compter de ce dimanche 6 septembre 2026. La fin d\u2019un dispositif temporaire r\u00e9duira la marge de man\u0153uvre des autorit\u00e9s lorsque les zones de contr\u00f4le sont satur\u00e9es, alors que plusieurs a\u00e9roports ont d\u00e9j\u00e0 enregistr\u00e9 une hausse des temps d\u2019attente.<\/p>\n\n\n\n<h2 class=\"wp-block-heading\">Les assouplissements du syst\u00e8me EES prennent fin ce 6 septembre<\/h2>\n\n\n\n<p class=\"wp-block-paragraph\">Le syst\u00e8me europ\u00e9en d\u2019entr\u00e9e-sortie, <a href=\"https:\/\/discover.ulysse.com\/ees-invites-non-ue-cdg-ete-2026\" data-type=\"post\" data-id=\"49804\">appel\u00e9 EES<\/a>, est devenu pleinement op\u00e9rationnel le 10 avril 2026, apr\u00e8s un d\u00e9ploiement progressif commenc\u00e9 en octobre 2025. Ce dispositif biom\u00e9trique enregistre les entr\u00e9es et les sorties des voyageurs non europ\u00e9ens concern\u00e9s \u00e0 l\u2019aide des donn\u00e9es de leur passeport, de leurs empreintes digitales et de la reconnaissance faciale.<\/p>\n\n\n\n<p class=\"wp-block-paragraph\">Durant la p\u00e9riode transitoire, les \u00c9tats participants pouvaient suspendre temporairement la collecte de certaines <a href=\"https:\/\/discover.ulysse.com\/ees-france-suspension-ete-2026\" data-type=\"post\" data-id=\"49487\">donn\u00e9es biom\u00e9triques<\/a> aux points de passage confront\u00e9s \u00e0 une forte affluence. Cette mesure permettait d\u2019adapter les contr\u00f4les lorsque les temps d\u2019attente devenaient excessifs. Ces assouplissements doivent prendre fin ce 6 septembre 2026.<\/p>\n\n\n\n<p class=\"wp-block-paragraph\">Apr\u00e8s cette date, les a\u00e9roports et les autorit\u00e9s frontali\u00e8res disposeront de moins de possibilit\u00e9s pour all\u00e9ger les formalit\u00e9s biom\u00e9triques en cas de saturation. Les contr\u00f4les EES devront donc \u00eatre appliqu\u00e9s sans les mesures de flexibilit\u00e9 utilis\u00e9es pendant la saison estivale, rapporte <a href=\"https:\/\/fr.euronews.com\/voyages\/2026\/09\/04\/voyager-en-europe-les-controles-ees-changent-des-le-6-septembre\" target=\"_blank\" rel=\"noopener\">Euronews<\/a>.<\/p>\n\n\n\n<p class=\"wp-block-paragraph\">Lors d\u2019un point presse organis\u00e9 le 1er septembre 2026, un porte-parole de la Commission europ\u00e9enne a d\u00e9clar\u00e9 que le syst\u00e8me avait \u00ab globalement bien fonctionn\u00e9 \u00bb durant l\u2019\u00e9t\u00e9. Il a \u00e9galement affirm\u00e9 que \u00ab les avantages du nouveau syst\u00e8me pour l\u2019UE sont \u00e9vidents \u00bb.<\/p>\n\n\n\n<h2 class=\"wp-block-heading\">Des temps d\u2019attente en hausse dans plusieurs a\u00e9roports europ\u00e9ens<\/h2>\n\n\n\n<p class=\"wp-block-paragraph\">Selon l\u2019Association internationale du transport a\u00e9rien (IATA), un contr\u00f4le de passeport classique durait auparavant entre 20 et 25 secondes. Avec le syst\u00e8me EES, cette op\u00e9ration n\u00e9cessite d\u00e9sormais pr\u00e8s de 90 secondes. Cette dur\u00e9e comprend notamment l\u2019enregistrement et la v\u00e9rification des donn\u00e9es biom\u00e9triques des voyageurs soumis au dispositif.<\/p>\n\n\n\n<p class=\"wp-block-paragraph\">Une \u00e9tude r\u00e9alis\u00e9e par le quotidien britannique Financial Times et le cabinet d\u2019analyse Qsensor fait \u00e9tat d\u2019<a href=\"https:\/\/discover.ulysse.com\/files-technologie-emirates-escales-dubai\" data-type=\"post\" data-id=\"37381\">un allongement des files d\u2019attente<\/a> dans plusieurs a\u00e9roports europ\u00e9ens. \u00c0 l\u2019a\u00e9roport de Francfort, en Allemagne, le temps d\u2019attente moyen a atteint 120 minutes en juillet 2026, contre 60 minutes durant le m\u00eame mois en 2025.<\/p>\n\n\n\n<figure class=\"wp-block-embed is-type-rich is-provider-x wp-block-embed-x\"><div class=\"wp-block-embed__wrapper\">\n<blockquote class=\"twitter-tweet\" data-width=\"500\" data-dnt=\"true\"><p lang=\"fr\" dir=\"ltr\">Des experts du secteur redoutent qu&#39;avec la fin des assouplissements temporaires du syst\u00e8me Entr\u00e9e\/Sortie, le chaos revienne aux fronti\u00e8res. <a href=\"https:\/\/t.co\/3BUXVWZCdk\">https:\/\/t.co\/3BUXVWZCdk<\/a><\/p>&mdash; euronews en fran\u00e7ais (@euronewsfr) <a href=\"https:\/\/x.com\/euronewsfr\/status\/2095875327335530880?ref_src=twsrc%5Etfw\">September 4, 2026<\/a><\/blockquote><script async src=\"https:\/\/platform.x.com\/widgets.js\" charset=\"utf-8\"><\/script>\n<\/div><\/figure>\n\n\n\n<p class=\"wp-block-paragraph\">\u00c0 Munich, \u00e9galement en Allemagne, l\u2019attente est pass\u00e9e de 31 minutes en juillet 2025 \u00e0 60 minutes en juillet 2026. \u00c0 l\u2019a\u00e9roport d\u2019Amsterdam-Schiphol, aux Pays-Bas, le temps d\u2019attente maximal a atteint 120 minutes, contre 80 minutes un an auparavant.<\/p>\n\n\n\n<p class=\"wp-block-paragraph\">Jurgen Himmelmann, cofondateur et directeur g\u00e9n\u00e9ral de Global Work &amp; Travel, a \u00e9voqu\u00e9 les cons\u00e9quences de ces d\u00e9lais sur les correspondances. \u00ab Les comptoirs d\u2019enregistrement des bagages ne sont pas forc\u00e9ment ouverts quatre heures avant le d\u00e9part et, une fois dans la file d\u2019attente du contr\u00f4le des passeports, vous ne pouvez pas simplement passer devant les autres parce que votre vol embarque \u00bb, a-t-il expliqu\u00e9.<\/p>\n\n\n\n<h2 class=\"wp-block-heading\">Les professionnels demandent le maintien des suspensions partielles<\/h2>\n\n\n\n<p class=\"wp-block-paragraph\">Plusieurs organisations du secteur du voyage et du transport a\u00e9rien demandent \u00e0 la Commission europ\u00e9enne de prolonger <a href=\"https:\/\/discover.ulysse.com\/systeme-ees-aeroports-europeens-retard\" data-type=\"post\" data-id=\"36327\">les mesures de flexibilit\u00e9<\/a> au-del\u00e0 de ce 6 septembre. Luke Petherbridge, directeur des affaires publiques de l\u2019ABTA, une f\u00e9d\u00e9ration britannique repr\u00e9sentant les voyagistes et les agences de voyages, estime que le syst\u00e8me n\u2019est pas encore appliqu\u00e9 de mani\u00e8re uniforme dans tous les pays participants.<\/p>\n\n\n\n<p class=\"wp-block-paragraph\">\u00ab Nous continuons de demander \u00e0 la Commission europ\u00e9enne de permettre l\u2019utilisation de ces mesures au-del\u00e0 du mois de septembre, tout en reconnaissant qu\u2019il reste encore du chemin \u00e0 parcourir avant que l\u2019EES soit pleinement et uniform\u00e9ment op\u00e9rationnel dans l\u2019ensemble des pays participants \u00bb, a d\u00e9clar\u00e9 Luke Petherbridge.<\/p>\n\n\n\n<p class=\"wp-block-paragraph\">L\u2019IATA r\u00e9clame \u00e9galement une prolongation des suspensions partielles jusqu\u2019\u00e0 la fin de la saison hivernale. Thomas Reynaert, vice-pr\u00e9sident principal charg\u00e9 des affaires ext\u00e9rieures de l\u2019organisation, a d\u00e9clar\u00e9 qu\u2019une extension au-del\u00e0 de ce 6 septembre \u00e9tait \u00ab absolument n\u00e9cessaire \u00bb. Il a pr\u00e9cis\u00e9 que l\u2019association soutenait le syst\u00e8me EES, tout en demandant que certaines conditions techniques et humaines soient r\u00e9unies.<\/p>\n\n\n\n<p class=\"wp-block-paragraph\">Dans une publication sur LinkedIn, Thomas Reynaert a cit\u00e9 la fiabilit\u00e9 des syst\u00e8mes, le d\u00e9ploiement complet des bornes en libre-service et des contr\u00f4les automatis\u00e9s, ainsi que la pr\u00e9sence d\u2019effectifs suffisants. De son c\u00f4t\u00e9, la Commission europ\u00e9enne a indiqu\u00e9 rester en contact avec les \u00c9tats membres dans lesquels des ajustements sont encore n\u00e9cessaires \u00e0 certains points de passage frontaliers.<\/p>\n","protected":false},"excerpt":{"rendered":"<p>Les contr\u00f4les aux fronti\u00e8res europ\u00e9ennes vont conna\u00eetre une nouvelle \u00e9tape \u00e0 compter de ce dimanche 6 septembre 2026. La fin [&hellip;]<\/p>\n","protected":false},"author":4,"featured_media":33041,"comment_status":"open","ping_status":"closed","sticky":false,"template":"","format":"standard","meta":{"_acf_changed":false,"_sitemap_exclude":false,"_sitemap_priority":"","_sitemap_frequency":"","footnotes":"","rank_math_title":"","rank_math_description":"","rank_math_canonical_url":"","rank_math_focus_keyword":"fronti\u00e8res,ees"},"categories":[889],"tags":[],"class_list":["post-51963","post","type-post","status-publish","format-standard","has-post-thumbnail","hentry","category-new-2"],"acf":[],"_links":{"self":[{"href":"https:\/\/ulysse.com\/news\/wp-json\/wp\/v2\/posts\/51963","targetHints":{"allow":["GET"]}}],"collection":[{"href":"https:\/\/ulysse.com\/news\/wp-json\/wp\/v2\/posts"}],"about":[{"href":"https:\/\/ulysse.com\/news\/wp-json\/wp\/v2\/types\/post"}],"author":[{"embeddable":true,"href":"https:\/\/ulysse.com\/news\/wp-json\/wp\/v2\/users\/4"}],"replies":[{"embeddable":true,"href":"https:\/\/ulysse.com\/news\/wp-json\/wp\/v2\/comments?post=51963"}],"version-history":[{"count":4,"href":"https:\/\/ulysse.com\/news\/wp-json\/wp\/v2\/posts\/51963\/revisions"}],"predecessor-version":[{"id":52072,"href":"https:\/\/ulysse.com\/news\/wp-json\/wp\/v2\/posts\/51963\/revisions\/52072"}],"wp:featuredmedia":[{"embeddable":true,"href":"https:\/\/ulysse.com\/news\/wp-json\/wp\/v2\/media\/33041"}],"wp:attachment":[{"href":"https:\/\/ulysse.com\/news\/wp-json\/wp\/v2\/media?parent=51963"}],"wp:term":[{"taxonomy":"category","embeddable":true,"href":"https:\/\/ulysse.com\/news\/wp-json\/wp\/v2\/categories?post=51963"},{"taxonomy":"post_tag","embeddable":true,"href":"https:\/\/ulysse.com\/news\/wp-json\/wp\/v2\/tags?post=51963"}],"curies":[{"name":"wp","href":"https:\/\/api.w.org\/{rel}","templated":true}]}}