{"id":51999,"date":"2026-09-06T06:19:00","date_gmt":"2026-09-06T05:19:00","guid":{"rendered":"https:\/\/discover.ulysse.com\/?p=51999"},"modified":"2026-09-05T23:58:14","modified_gmt":"2026-09-05T22:58:14","slug":"voyage-easyjet-septembre-greve-vols","status":"publish","type":"post","link":"https:\/\/ulysse.com\/news\/voyage-easyjet-septembre-greve-vols","title":{"rendered":"Gr\u00e8ve easyJet : les pilotes menacent de cesser le travail les 13 et 14 septembre 2026"},"content":{"rendered":"\n<p class=\"wp-block-paragraph\">Les voyageurs qui ont pr\u00e9vu de prendre easyJet \u00e0 la mi-septembre devront garder un \u0153il sur l\u2019\u00e9volution de la situation. Alors que la compagnie venait tout juste de sortir d\u2019un conflit avec ses personnels navigants commerciaux, les pilotes bas\u00e9s en France annoncent \u00e0 leur tour un mouvement social. Le SNPL (Syndicat national des pilotes de ligne) a d\u00e9pos\u00e9 un pr\u00e9avis de gr\u00e8ve couvrant les journ\u00e9es des 13 et 14 septembre 2026.<\/p>\n\n\n\n<p class=\"wp-block-paragraph\">\u00c0 ce stade, aucune liste de vols annul\u00e9s n\u2019a \u00e9t\u00e9 communiqu\u00e9e et il est encore impossible d\u2019\u00e9valuer pr\u00e9cis\u00e9ment l\u2019impact du mouvement sur les passagers. Mais les voyageurs ayant un d\u00e9part pr\u00e9vu durant cette p\u00e9riode sont invit\u00e9s \u00e0 suivre attentivement les informations transmises par la compagnie.<\/p>\n\n\n\n<h2 class=\"wp-block-heading\"><strong>Les pilotes d\u2019easyJet appellent \u00e0 la gr\u00e8ve les 13 et 14 septembre<\/strong><\/h2>\n\n\n\n<p class=\"wp-block-paragraph\">Le mouvement doit d\u00e9buter le 13 septembre \u00e0 4h59 et prendre fin le 14 septembre \u00e0 23h59, selon le pr\u00e9avis d\u00e9pos\u00e9 aupr\u00e8s de la compagnie.<\/p>\n\n\n\n<p class=\"wp-block-paragraph\">Cette mobilisation intervient apr\u00e8s plusieurs mois de n\u00e9gociations annuelles obligatoires entre la direction d\u2019easyJet France et les repr\u00e9sentants des pilotes. Le SNPL estime que les discussions n\u2019ont pas permis d\u2019obtenir des engagements suffisants concernant l\u2019organisation du travail et la stabilit\u00e9 des plannings, note <a href=\"https:\/\/www.tourmag.com\/easyJet-France-nouvelle-greve-en-vue_a133069.html\" target=\"_blank\" rel=\"noopener\">TourMag<\/a>.<\/p>\n\n\n\n<p class=\"wp-block-paragraph\">Pour les pilotes, le probl\u00e8me d\u00e9passe la question salariale. Ils d\u00e9noncent notamment des changements fr\u00e9quents dans leurs emplois du temps, qui compliqueraient l\u2019organisation de leur vie personnelle et pourraient accentuer la fatigue li\u00e9e aux contraintes op\u00e9rationnelles.<\/p>\n\n\n\n<p class=\"wp-block-paragraph\">Le syndicat r\u00e9clame notamment des mesures permettant d\u2019am\u00e9liorer la pr\u00e9visibilit\u00e9 des plannings, alors que les pilotes estiment devoir faire preuve d\u2019une grande flexibilit\u00e9 sans b\u00e9n\u00e9ficier de garanties suffisantes en retour.<\/p>\n\n\n\n<h2 class=\"wp-block-heading\"><strong>Apr\u00e8s la gr\u00e8ve des personnels de cabine, easyJet fait face \u00e0 une nouvelle tension<\/strong><\/h2>\n\n\n\n<p class=\"wp-block-paragraph\">Cette nouvelle mobilisation intervient dans un contexte social d\u00e9j\u00e0 tendu pour la compagnie britannique en France.<\/p>\n\n\n\n<p class=\"wp-block-paragraph\">Quelques semaines auparavant, les personnels navigants commerciaux (PNC), notamment les h\u00f4tesses et stewards, avaient organis\u00e9 un mouvement de gr\u00e8ve autour de revendications similaires li\u00e9es aux conditions de travail et \u00e0 la stabilit\u00e9 des plannings.<\/p>\n\n\n\n<p class=\"wp-block-paragraph\">Un accord avait finalement \u00e9t\u00e9 trouv\u00e9 entre la direction et les repr\u00e9sentants des PNC, mettant fin \u00e0 ce conflit. Mais selon le SNPL, certaines mesures obtenues par le personnel de cabine devraient \u00e9galement b\u00e9n\u00e9ficier aux pilotes, ce qui alimente aujourd\u2019hui les tensions.<\/p>\n\n\n\n<p class=\"wp-block-paragraph\">La compagnie se retrouve donc confront\u00e9e \u00e0 un nouveau d\u00e9fi quelques jours seulement apr\u00e8s avoir tent\u00e9 de r\u00e9tablir le dialogue social avec ses \u00e9quipes.<\/p>\n\n\n\n<figure class=\"wp-block-embed is-type-rich is-provider-x wp-block-embed-x\"><div class=\"wp-block-embed__wrapper\">\n<blockquote class=\"twitter-tweet\" data-width=\"500\" data-dnt=\"true\"><p lang=\"fr\" dir=\"ltr\">EasyJet France : l\u2019accord sur les plannings met fin \u00e0 la menace de gr\u00e8ve des PNC <a href=\"https:\/\/t.co\/UZGVa0XuRM\">https:\/\/t.co\/UZGVa0XuRM<\/a> <a href=\"https:\/\/t.co\/gWrsUZFg00\">pic.twitter.com\/gWrsUZFg00<\/a><\/p>&mdash; Air Journal (@airjournal) <a href=\"https:\/\/x.com\/airjournal\/status\/2094776547395928477?ref_src=twsrc%5Etfw\">September 1, 2026<\/a><\/blockquote><script async src=\"https:\/\/platform.x.com\/widgets.js\" charset=\"utf-8\"><\/script>\n<\/div><\/figure>\n\n\n\n<h2 class=\"wp-block-heading\"><strong>Les vols easyJet seront-ils annul\u00e9s en septembre ?<\/strong><\/h2>\n\n\n\n<p class=\"wp-block-paragraph\">Pour l\u2019instant, la r\u00e9ponse reste impossible \u00e0 d\u00e9terminer. Un pr\u00e9avis de gr\u00e8ve ne signifie pas automatiquement que tous les vols seront perturb\u00e9s. L\u2019ampleur des cons\u00e9quences d\u00e9pendra du nombre de pilotes participant au mouvement ainsi que des \u00e9ventuelles solutions mises en place par easyJet pour maintenir son programme.<\/p>\n\n\n\n<p class=\"wp-block-paragraph\">La compagnie n\u2019a pas encore communiqu\u00e9 de programme pr\u00e9cis d\u2019annulations ou de modifications de vols li\u00e9s \u00e0 cette mobilisation. Les voyageurs qui doivent prendre easyJet les 13 et 14 <a href=\"https:\/\/discover.ulysse.com\/ferry-vers-lirlande-carte-didentite-septembre\" data-type=\"post\" data-id=\"51734\">septembre <\/a>ont donc int\u00e9r\u00eat \u00e0 v\u00e9rifier r\u00e9guli\u00e8rement le statut de leur vol dans les jours pr\u00e9c\u00e9dant leur d\u00e9part et \u00e0 consulter les messages envoy\u00e9s par la compagnie.<\/p>\n\n\n\n<h2 class=\"wp-block-heading\"><strong>Une gr\u00e8ve qui pourrait encore \u00eatre \u00e9vit\u00e9e<\/strong><\/h2>\n\n\n\n<p class=\"wp-block-paragraph\">Malgr\u00e9 le d\u00e9p\u00f4t du pr\u00e9avis, le conflit n\u2019est pas forc\u00e9ment appel\u00e9 \u00e0 aller jusqu\u2019au bout. Le SNPL indique rester ouvert aux discussions et estime qu\u2019un accord reste possible si la direction apporte des r\u00e9ponses aux revendications des pilotes.<\/p>\n\n\n\n<p class=\"wp-block-paragraph\">Pour les passagers, la situation reste donc \u00e0 surveiller sans c\u00e9der \u00e0 l\u2019inqui\u00e9tude. \u00c0 quelques jours du mouvement annonc\u00e9, le sc\u00e9nario d\u00e9pendra essentiellement de l\u2019\u00e9volution des n\u00e9gociations entre <a href=\"https:\/\/discover.ulysse.com\/easyjet-enquete-agcm-italie-bagages-mai-2026\" data-type=\"post\" data-id=\"49863\">easyJet <\/a>France et les repr\u00e9sentants des pilotes. Une sortie de crise permettrait d\u2019\u00e9viter de nouvelles perturbations apr\u00e8s un \u00e9t\u00e9 d\u00e9j\u00e0 marqu\u00e9 par des tensions sociales dans le secteur a\u00e9rien.<\/p>\n\n\n\n<figure class=\"wp-block-embed is-type-rich is-provider-x wp-block-embed-x\"><div class=\"wp-block-embed__wrapper\">\n<blockquote class=\"twitter-tweet\" data-width=\"500\" data-dnt=\"true\"><p lang=\"fr\" dir=\"ltr\">Les h\u00f4tesses et stewards ont lev\u00e9 leur pr\u00e9avis mais les pilotes en d\u00e9posent un nouveau: un syndicat appelle \u00e0 la gr\u00e8ve chez Easyjet France les 13 et 14 septembre<a href=\"https:\/\/t.co\/lnvK9htjrw\">https:\/\/t.co\/lnvK9htjrw<\/a><\/p>&mdash; BFM (@BFMTV) <a href=\"https:\/\/x.com\/BFMTV\/status\/2095850352100684199?ref_src=twsrc%5Etfw\">September 4, 2026<\/a><\/blockquote><script async src=\"https:\/\/platform.x.com\/widgets.js\" charset=\"utf-8\"><\/script>\n<\/div><\/figure>\n","protected":false},"excerpt":{"rendered":"<p>Apr\u00e8s un premier conflit avec le personnel de cabine cet \u00e9t\u00e9, easyJet France fait face \u00e0 une nouvelle mobilisation sociale. Les pilotes ont d\u00e9pos\u00e9 un pr\u00e9avis de gr\u00e8ve qui pourrait perturber certaines op\u00e9rations au d\u00e9part de France.<\/p>\n","protected":false},"author":3,"featured_media":52002,"comment_status":"open","ping_status":"closed","sticky":false,"template":"","format":"standard","meta":{"_acf_changed":false,"_sitemap_exclude":false,"_sitemap_priority":"","_sitemap_frequency":"","footnotes":"","rank_math_title":"","rank_math_description":"Les pilotes d\u2019easyJet France appellent \u00e0 la gr\u00e8ve les 13 et 14 septembre. Quels vols pourraient \u00eatre perturb\u00e9s et que doivent faire les voyageurs ?","rank_math_canonical_url":"","rank_math_focus_keyword":"easyJet"},"categories":[46],"tags":[],"class_list":["post-51999","post","type-post","status-publish","format-standard","has-post-thumbnail","hentry","category-avion"],"acf":[],"_links":{"self":[{"href":"https:\/\/ulysse.com\/news\/wp-json\/wp\/v2\/posts\/51999","targetHints":{"allow":["GET"]}}],"collection":[{"href":"https:\/\/ulysse.com\/news\/wp-json\/wp\/v2\/posts"}],"about":[{"href":"https:\/\/ulysse.com\/news\/wp-json\/wp\/v2\/types\/post"}],"author":[{"embeddable":true,"href":"https:\/\/ulysse.com\/news\/wp-json\/wp\/v2\/users\/3"}],"replies":[{"embeddable":true,"href":"https:\/\/ulysse.com\/news\/wp-json\/wp\/v2\/comments?post=51999"}],"version-history":[{"count":2,"href":"https:\/\/ulysse.com\/news\/wp-json\/wp\/v2\/posts\/51999\/revisions"}],"predecessor-version":[{"id":52065,"href":"https:\/\/ulysse.com\/news\/wp-json\/wp\/v2\/posts\/51999\/revisions\/52065"}],"wp:featuredmedia":[{"embeddable":true,"href":"https:\/\/ulysse.com\/news\/wp-json\/wp\/v2\/media\/52002"}],"wp:attachment":[{"href":"https:\/\/ulysse.com\/news\/wp-json\/wp\/v2\/media?parent=51999"}],"wp:term":[{"taxonomy":"category","embeddable":true,"href":"https:\/\/ulysse.com\/news\/wp-json\/wp\/v2\/categories?post=51999"},{"taxonomy":"post_tag","embeddable":true,"href":"https:\/\/ulysse.com\/news\/wp-json\/wp\/v2\/tags?post=51999"}],"curies":[{"name":"wp","href":"https:\/\/api.w.org\/{rel}","templated":true}]}}