{"id":52029,"date":"2026-09-06T11:50:22","date_gmt":"2026-09-06T10:50:22","guid":{"rendered":"https:\/\/discover.ulysse.com\/?p=52029"},"modified":"2026-09-06T11:50:25","modified_gmt":"2026-09-06T10:50:25","slug":"airbnb-dans-les-grandes-villes-regles-europe","status":"publish","type":"post","link":"https:\/\/ulysse.com\/news\/airbnb-dans-les-grandes-villes-regles-europe","title":{"rendered":"Airbnb : l\u2019Union europ\u00e9enne veut imposer des limites dans certaines villes"},"content":{"rendered":"\n<p class=\"wp-block-paragraph\">Un appartement au c\u0153ur de la ville, quelques nuits r\u00e9serv\u00e9es en deux clics et l\u2019impression d\u2019avoir son petit chez-soi le temps d\u2019un week-end. Pour de nombreux voyageurs, Airbnb est devenu presque aussi naturel que l\u2019h\u00f4tel lorsqu\u2019il s\u2019agit d\u2019organiser un city-break.<\/p>\n\n\n\n<p class=\"wp-block-paragraph\">Mais ce mod\u00e8le est de plus en plus contest\u00e9 dans les destinations o\u00f9 les habitants peinent eux-m\u00eames \u00e0 se loger. Les locations touristiques de courte dur\u00e9e sont accus\u00e9es de retirer une partie des logements du march\u00e9 classique et de renforcer la pression immobili\u00e8re dans certains quartiers tr\u00e8s fr\u00e9quent\u00e9s.<\/p>\n\n\n\n<p class=\"wp-block-paragraph\">Bruxelles veut d\u00e9sormais apporter une r\u00e9ponse commune au probl\u00e8me. Et m\u00eame si votre prochain Airbnb ne va pas dispara\u00eetre du jour au lendemain, les r\u00e8gles pourraient devenir nettement plus strictes l\u00e0 o\u00f9 les logements sont d\u00e9j\u00e0 rares et chers.<\/p>\n\n\n\n<h2 class=\"wp-block-heading\"><strong>L\u2019Europe veut serrer la vis aux locations Airbnb dans les zones sous tension<\/strong><\/h2>\n\n\n\n<p class=\"wp-block-paragraph\">L\u2019Union europ\u00e9enne pr\u00e9pare un nouveau cadre destin\u00e9 aux locations touristiques de courte dur\u00e9e, parmi lesquelles figurent celles propos\u00e9es sur Airbnb et d\u2019autres plateformes similaires.<\/p>\n\n\n\n<p class=\"wp-block-paragraph\">L\u2019objectif n\u2019est pas d\u2019interdire ces h\u00e9bergements dans toute l\u2019Europe. Le projet cherche plut\u00f4t \u00e0 d\u00e9terminer dans quelles villes ou quels quartiers la situation immobili\u00e8re est suffisamment tendue pour justifier des restrictions suppl\u00e9mentaires.<\/p>\n\n\n\n<p class=\"wp-block-paragraph\">Pour identifier ces fameuses zones de \u00ab tension sur le logement \u00bb, plusieurs \u00e9l\u00e9ments pourraient \u00eatre \u00e9tudi\u00e9s. Le rapport entre le prix des logements et les revenus des habitants aurait notamment une place importante, tout comme l\u2019\u00e9volution de la population, l\u2019offre disponible et la demande immobili\u00e8re.<\/p>\n\n\n\n<p class=\"wp-block-paragraph\">Autrement dit, un quartier o\u00f9 les logements deviennent particuli\u00e8rement difficiles \u00e0 trouver pour les r\u00e9sidents pourrait b\u00e9n\u00e9ficier de r\u00e8gles diff\u00e9rentes d\u2019une destination o\u00f9 le march\u00e9 reste \u00e9quilibr\u00e9.<\/p>\n\n\n\n<p class=\"wp-block-paragraph\">Les mesures devraient par ailleurs rester proportionn\u00e9es et non discriminatoires. Bruxelles souhaite donc donner davantage de marge de man\u0153uvre aux autorit\u00e9s locales, sans pour autant transformer l\u2019Europe en zone interdite aux locations touristiques.<\/p>\n\n\n\n<h2 class=\"wp-block-heading\"><strong>Paris, Barcelone, Venise\u2026 les grandes destinations sont en premi\u00e8re ligne<\/strong><\/h2>\n\n\n\n<p class=\"wp-block-paragraph\">Le d\u00e9bat est loin d\u2019\u00eatre th\u00e9orique. Plusieurs villes europ\u00e9ennes cherchent d\u00e9j\u00e0 depuis des ann\u00e9es \u00e0 reprendre le contr\u00f4le sur l\u2019explosion des locations de courte dur\u00e9e.<\/p>\n\n\n\n<p class=\"wp-block-paragraph\">Paris, Barcelone ou Venise font partie des destinations r\u00e9guli\u00e8rement cit\u00e9es lorsque le sujet revient sur la table. Dans certains quartiers tr\u00e8s touristiques, la coexistence entre visiteurs et habitants est devenue un v\u00e9ritable casse-t\u00eate.<\/p>\n\n\n\n<p class=\"wp-block-paragraph\">Le probl\u00e8me est assez simple. Lorsqu\u2019un propri\u00e9taire peut louer son appartement quelques nuits \u00e0 des touristes \u00e0 un tarif int\u00e9ressant, la location classique \u00e0 l\u2019ann\u00e9e peut perdre de son attrait. \u00c0 grande \u00e9chelle, cette m\u00e9canique peut contribuer \u00e0 r\u00e9duire l\u2019offre disponible pour les r\u00e9sidents.<\/p>\n\n\n\n<p class=\"wp-block-paragraph\">Pour les voyageurs, le d\u00e9cor pourrait donc progressivement changer. Dans les zones les plus tendues, le nombre de logements propos\u00e9s \u00e0 la nuit\u00e9e pourrait \u00eatre plafonn\u00e9, ou de nouvelles conditions pourraient \u00eatre impos\u00e9es aux propri\u00e9taires.<\/p>\n\n\n\n<p class=\"wp-block-paragraph\">Le projet \u00e9voque justement la possibilit\u00e9 de mettre en place des limites quantitatives, plut\u00f4t qu\u2019une interdiction pure et simple. Certaines locations d\u00e9j\u00e0 existantes pourraient aussi continuer \u00e0 fonctionner sous les r\u00e8gles pr\u00e9c\u00e9dentes selon les m\u00e9canismes retenus.<\/p>\n\n\n\n<p class=\"wp-block-paragraph\">De quoi cr\u00e9er une carte europ\u00e9enne assez disparate. Un Airbnb pourrait rester tr\u00e8s facile \u00e0 trouver dans une ville, tout en devenant beaucoup plus rare quelques centaines de kilom\u00e8tres plus loin.<\/p>\n\n\n\n<figure class=\"wp-block-embed is-type-rich is-provider-x wp-block-embed-x\"><div class=\"wp-block-embed__wrapper\">\n<blockquote class=\"twitter-tweet\" data-width=\"500\" data-dnt=\"true\"><p lang=\"fr\" dir=\"ltr\">Vers davantage d\u2019interdictions pour les Airbnb? Face \u00e0 la crise du logement en Europe, Bruxelles veut faciliter les mesures contre les locations de courte dur\u00e9e dans les zones touristiques<a href=\"https:\/\/t.co\/TCfygI1spQ\">https:\/\/t.co\/TCfygI1spQ<\/a><\/p>&mdash; BFM Business (@bfmbusiness) <a href=\"https:\/\/x.com\/bfmbusiness\/status\/2096172570764566977?ref_src=twsrc%5Etfw\">September 5, 2026<\/a><\/blockquote><script async src=\"https:\/\/platform.x.com\/widgets.js\" charset=\"utf-8\"><\/script>\n<\/div><\/figure>\n\n\n\n<h2 class=\"wp-block-heading\"><strong>Moins d\u2019Airbnb signifie-t-il des city-breaks plus chers ?<\/strong><\/h2>\n\n\n\n<p class=\"wp-block-paragraph\">C\u2019est forc\u00e9ment la question qui vient ensuite. Si le nombre de logements touristiques diminue dans les centres-villes, les voyageurs pourraient se retrouver avec moins de choix au moment de r\u00e9server. Mais il serait encore trop t\u00f4t pour affirmer que les prix vont automatiquement grimper.<\/p>\n\n\n\n<p class=\"wp-block-paragraph\">Tout d\u00e9pendra des restrictions effectivement adopt\u00e9es par les diff\u00e9rentes autorit\u00e9s, du nombre d\u2019h\u00e9bergements concern\u00e9s et de la r\u00e9action des h\u00f4tels ou autres formes de logement touristique.<\/p>\n\n\n\n<p class=\"wp-block-paragraph\">D\u2019apr\u00e8s un projet de texte consult\u00e9 par <a href=\"https:\/\/www.reuters.com\/business\/proposed-eu-rules-would-curb-airbnb-short-term-rental-homes-draft-shows-2026-09-04\/\" target=\"_blank\" rel=\"noopener\">Reuters<\/a>, la Commission europ\u00e9enne envisage justement des plafonds dans les zones touch\u00e9es par une p\u00e9nurie de logements, tout en consid\u00e9rant que ces mesures doivent rester proportionn\u00e9es et adapt\u00e9es \u00e0 la situation locale.<\/p>\n\n\n\n<p class=\"wp-block-paragraph\">Le secteur des locations de courte dur\u00e9e pousse toutefois Bruxelles \u00e0 la prudence. Des repr\u00e9sentants de l\u2019industrie craignent que des restrictions trop fortes ne p\u00e9nalisent \u00e0 la fois les particuliers qui louent occasionnellement un logement et certaines r\u00e9gions fortement d\u00e9pendantes du tourisme.<\/p>\n\n\n\n<p class=\"wp-block-paragraph\">Pour un voyageur, cela signifie surtout qu\u2019il pourrait devenir encore plus int\u00e9ressant de comparer les h\u00e9bergements. H\u00f4tel, appartement, auberge, r\u00e9sidence touristique ou logement situ\u00e9 l\u00e9g\u00e8rement \u00e0 l\u2019\u00e9cart du centre pourraient parfois afficher des \u00e9carts de prix importants.<\/p>\n\n\n\n<h2 class=\"wp-block-heading\"><strong>Airbnb est d\u00e9j\u00e0 davantage surveill\u00e9 en Europe depuis mai<\/strong><\/h2>\n\n\n\n<p class=\"wp-block-paragraph\">Ce futur encadrement ne tombe pas de nulle part. Depuis mai 2026, de nouvelles r\u00e8gles europ\u00e9ennes obligent d\u00e9j\u00e0 les plateformes de location de courte dur\u00e9e \u00e0 transmettre davantage d\u2019informations aux autorit\u00e9s publiques.<\/p>\n\n\n\n<p class=\"wp-block-paragraph\">Le but est notamment de permettre aux villes et aux \u00c9tats de mieux conna\u00eetre le nombre r\u00e9el de logements propos\u00e9s \u00e0 la location touristique et d\u2019identifier plus facilement les annonces qui ne respectent pas les r\u00e9glementations locales.<\/p>\n\n\n\n<p class=\"wp-block-paragraph\">Cette transparence suppl\u00e9mentaire constitue en quelque sorte la premi\u00e8re \u00e9tape. Les nouvelles mesures en pr\u00e9paration iraient plus loin en donnant davantage d\u2019outils aux territoires confront\u00e9s \u00e0 une v\u00e9ritable p\u00e9nurie de logements.<\/p>\n\n\n\n<p class=\"wp-block-paragraph\">Pour les voyageurs habitu\u00e9s aux city-breaks europ\u00e9ens, rien ne change donc brutalement aujourd\u2019hui. Une r\u00e9servation Airbnb reste possible et aucune interdiction g\u00e9n\u00e9rale n\u2019a \u00e9t\u00e9 d\u00e9cid\u00e9e \u00e0 l\u2019\u00e9chelle de l\u2019Union europ\u00e9enne.<\/p>\n\n\n\n<p class=\"wp-block-paragraph\">Mais dans certaines destinations tr\u00e8s populaires, le march\u00e9 pourrait progressivement se resserrer. Et au moment de pr\u00e9parer un week-end \u00e0 Paris, <a href=\"https:\/\/discover.ulysse.com\/voyage-barcelone-quartiers-gacher-sejour\" data-type=\"post\" data-id=\"36593\">Barcelone <\/a>ou <a href=\"https:\/\/discover.ulysse.com\/pour-2026-ce-train-ultra-luxe-vous-fait-traverser-litalie-de-rome-a-venise\" data-type=\"post\" data-id=\"46458\">Venise<\/a>, le r\u00e9flexe pourrait bient\u00f4t \u00eatre de r\u00e9server son logement encore un peu plus t\u00f4t qu\u2019avant.<\/p>\n\n\n\n<figure class=\"wp-block-embed is-type-rich is-provider-x wp-block-embed-x\"><div class=\"wp-block-embed__wrapper\">\n<blockquote class=\"twitter-tweet\" data-width=\"500\" data-dnt=\"true\"><p lang=\"en\" dir=\"ltr\">Brussels to open door to curbing Airbnb and second homes <a href=\"https:\/\/t.co\/ycfB42hMFa\">https:\/\/t.co\/ycfB42hMFa<\/a><\/p>&mdash; euronews (@euronews) <a href=\"https:\/\/x.com\/euronews\/status\/2095503609903345805?ref_src=twsrc%5Etfw\">September 3, 2026<\/a><\/blockquote><script async src=\"https:\/\/platform.x.com\/widgets.js\" charset=\"utf-8\"><\/script>\n<\/div><\/figure>\n","protected":false},"excerpt":{"rendered":"<p>Trouver un appartement pour un week-end \u00e0 Barcelone, Paris ou Venise pourrait devenir plus compliqu\u00e9 dans certaines zones touristiques, alors que l\u2019Union europ\u00e9enne pr\u00e9pare un nouvel encadrement des locations de courte dur\u00e9e.<\/p>\n","protected":false},"author":3,"featured_media":52032,"comment_status":"open","ping_status":"closed","sticky":false,"template":"","format":"standard","meta":{"_acf_changed":false,"_sitemap_exclude":false,"_sitemap_priority":"","_sitemap_frequency":"","footnotes":"","rank_math_title":"","rank_math_description":"L\u2019Union europ\u00e9enne pr\u00e9pare de nouvelles r\u00e8gles pour encadrer Airbnb dans les zones touristiques o\u00f9 la pression sur le logement est forte. \n","rank_math_canonical_url":"","rank_math_focus_keyword":"airbnb,regle"},"categories":[889],"tags":[],"class_list":["post-52029","post","type-post","status-publish","format-standard","has-post-thumbnail","hentry","category-new-2"],"acf":[],"_links":{"self":[{"href":"https:\/\/ulysse.com\/news\/wp-json\/wp\/v2\/posts\/52029","targetHints":{"allow":["GET"]}}],"collection":[{"href":"https:\/\/ulysse.com\/news\/wp-json\/wp\/v2\/posts"}],"about":[{"href":"https:\/\/ulysse.com\/news\/wp-json\/wp\/v2\/types\/post"}],"author":[{"embeddable":true,"href":"https:\/\/ulysse.com\/news\/wp-json\/wp\/v2\/users\/3"}],"replies":[{"embeddable":true,"href":"https:\/\/ulysse.com\/news\/wp-json\/wp\/v2\/comments?post=52029"}],"version-history":[{"count":2,"href":"https:\/\/ulysse.com\/news\/wp-json\/wp\/v2\/posts\/52029\/revisions"}],"predecessor-version":[{"id":52070,"href":"https:\/\/ulysse.com\/news\/wp-json\/wp\/v2\/posts\/52029\/revisions\/52070"}],"wp:featuredmedia":[{"embeddable":true,"href":"https:\/\/ulysse.com\/news\/wp-json\/wp\/v2\/media\/52032"}],"wp:attachment":[{"href":"https:\/\/ulysse.com\/news\/wp-json\/wp\/v2\/media?parent=52029"}],"wp:term":[{"taxonomy":"category","embeddable":true,"href":"https:\/\/ulysse.com\/news\/wp-json\/wp\/v2\/categories?post=52029"},{"taxonomy":"post_tag","embeddable":true,"href":"https:\/\/ulysse.com\/news\/wp-json\/wp\/v2\/tags?post=52029"}],"curies":[{"name":"wp","href":"https:\/\/api.w.org\/{rel}","templated":true}]}}