{"id":52056,"date":"2026-09-06T07:10:00","date_gmt":"2026-09-06T06:10:00","guid":{"rendered":"https:\/\/discover.ulysse.com\/?p=52056"},"modified":"2026-09-06T00:24:33","modified_gmt":"2026-09-05T23:24:33","slug":"vol-american-airlines-deroute-passager-violent","status":"publish","type":"post","link":"https:\/\/ulysse.com\/news\/vol-american-airlines-deroute-passager-violent","title":{"rendered":"Vol American Airlines d\u00e9rout\u00e9 : un passager violent immobilis\u00e9 avec du ruban adh\u00e9sif"},"content":{"rendered":"\n<p class=\"wp-block-paragraph\">Un vol int\u00e9rieur d\u2019American Airlines a \u00e9t\u00e9 d\u00e9rout\u00e9 apr\u00e8s qu\u2019un passager a adopt\u00e9 un comportement agressif \u00e0 bord. L\u2019incident, survenu aux \u00c9tats-Unis, a conduit plusieurs voyageurs et membres de l\u2019\u00e9quipage \u00e0 intervenir avant un atterrissage impr\u00e9vu.<\/p>\n\n\n\n<h2 class=\"wp-block-heading\">Le comportement du passager change apr\u00e8s deux heures de vol<\/h2>\n\n\n\n<p class=\"wp-block-paragraph\">L\u2019incident s\u2019est produit le jeudi 3 septembre 2026 \u00e0 bord du vol 618 d\u2019<a href=\"https:\/\/discover.ulysse.com\/voyage-aux-etats-unis-american-airlines-ouvre-une-nouvelle-ligne-au-depart-de-nice\" data-type=\"post\" data-id=\"51604\">American Airlines<\/a>. L\u2019appareil avait d\u00e9coll\u00e9 de l\u2019a\u00e9roport international de Dallas-Fort Worth, au Texas, \u00e0 destination de l\u2019a\u00e9roport international Newark-Liberty, dans le New Jersey.<\/p>\n\n\n\n<p class=\"wp-block-paragraph\">Le vol se d\u00e9roulait normalement lorsqu\u2019un homme install\u00e9 en premi\u00e8re classe a commenc\u00e9 \u00e0 s\u2019agiter, environ deux heures apr\u00e8s le d\u00e9collage. D\u2019apr\u00e8s les t\u00e9moignages recueillis par <a href=\"https:\/\/www.cbsnews.com\/texas\/news\/american-airlines-passenger-duct-taped-to-seat\/\" target=\"_blank\" rel=\"noopener\">CBS News<\/a>, il aurait cri\u00e9, tenu des propos racistes et homophobes et agress\u00e9 plusieurs personnes pr\u00e9sentes dans la cabine.<\/p>\n\n\n\n<p class=\"wp-block-paragraph\">Juan Mejia, un ancien membre des forces de l\u2019ordre assis deux rang\u00e9es plus loin, a d\u00e9crit un changement soudain de situation. \u00ab C\u2019est arriv\u00e9 d\u2019un coup, comme si l\u2019on actionnait un interrupteur : on est pass\u00e9 du calme aux cris et au chaos \u00bb, a-t-il d\u00e9clar\u00e9.<\/p>\n\n\n\n<p class=\"wp-block-paragraph\">Le t\u00e9moin affirme s\u2019\u00eatre retourn\u00e9 et avoir vu le passager serrer le cou de l\u2019homme assis \u00e0 c\u00f4t\u00e9 de lui. Richard Olenick, qui se trouvait dans la m\u00eame rang\u00e9e, a \u00e9galement rapport\u00e9 que l\u2019individu avait prof\u00e9r\u00e9 une insulte raciste \u00e0 l\u2019encontre d\u2019une membre de l\u2019\u00e9quipage.<\/p>\n\n\n\n<h2 class=\"wp-block-heading\">Des voyageurs l\u2019attachent \u00e0 son si\u00e8ge avec du ruban adh\u00e9sif<\/h2>\n\n\n\n<p class=\"wp-block-paragraph\">Des membres du personnel de bord et plusieurs voyageurs ont tent\u00e9 de ma\u00eetriser l\u2019homme. Juan Mejia a d\u00e9clar\u00e9 que celui-ci lui avait mordu la main sans lui percer la peau. Le passager pr\u00e9sentait \u00e9galement des coupures qu\u2019il se serait lui-m\u00eame inflig\u00e9es et saignait, d\u2019apr\u00e8s ce t\u00e9moignage.<\/p>\n\n\n\n<figure class=\"wp-block-embed is-type-rich is-provider-x wp-block-embed-x\"><div class=\"wp-block-embed__wrapper\">\n<blockquote class=\"twitter-tweet\" data-width=\"500\" data-dnt=\"true\"><p lang=\"en\" dir=\"ltr\">American Airlines passenger duct tape to his seat following unruly behavior onboard flight AA618 Thursday night.<br><br>Arthur Lundeen, 67, of Arizona, was restrained to his seat with duct tape and his hands were restrained with zip ties, according to the Maryland Transportation\u2026 <a href=\"https:\/\/t.co\/s79nORwCvh\">pic.twitter.com\/s79nORwCvh<\/a><\/p>&mdash; Breaking Aviation News &amp; Videos (@aviationbrk) <a href=\"https:\/\/x.com\/aviationbrk\/status\/2096136161236320670?ref_src=twsrc%5Etfw\">September 5, 2026<\/a><\/blockquote><script async src=\"https:\/\/platform.x.com\/widgets.js\" charset=\"utf-8\"><\/script>\n<\/div><\/figure>\n\n\n\n<p class=\"wp-block-paragraph\">Face \u00e0 son comportement, les personnes intervenues ont utilis\u00e9 des liens de serrage pour immobiliser ses poignets. Elles l\u2019ont ensuite <a href=\"https:\/\/discover.ulysse.com\/siege-davion-gachera-vol\" data-type=\"post\" data-id=\"37588\">attach\u00e9 \u00e0 son si\u00e8ge<\/a> avec du ruban adh\u00e9sif. Les images diffus\u00e9es apr\u00e8s les faits montrent le passager maintenu sur son si\u00e8ge, les mains et la t\u00eate entour\u00e9es de ruban adh\u00e9sif. L\u2019homme est rest\u00e9 immobilis\u00e9 pendant environ quinze minutes, le temps que l\u2019appareil effectue sa descente.<\/p>\n\n\n\n<h2 class=\"wp-block-heading\">Le vol American Airlines est d\u00e9rout\u00e9 vers Baltimore<\/h2>\n\n\n\n<p class=\"wp-block-paragraph\">Le commandant de bord a <a href=\"https:\/\/discover.ulysse.com\/delta-airlines-vol-deroute-asticots-a-bord\" data-type=\"post\" data-id=\"7168\">d\u00e9rout\u00e9 l\u2019appareil<\/a> vers l\u2019a\u00e9roport international Thurgood-Marshall de Baltimore-Washington, dans le Maryland. Des agents des forces de l\u2019ordre attendaient le vol \u00e0 son arriv\u00e9e et ont fait descendre le passager avant de le placer en d\u00e9tention.<\/p>\n\n\n\n<p class=\"wp-block-paragraph\">L\u2019homme a \u00e9t\u00e9 incarc\u00e9r\u00e9 \u00e0 Baltimore dans le cadre de poursuites relevant de l\u2019\u00c9tat du Maryland. Le FBI a indiqu\u00e9 mener des entretiens afin d\u2019\u00e9tablir les faits. L\u2019agence f\u00e9d\u00e9rale doit consulter le bureau du procureur des \u00c9tats-Unis pour le district du Maryland afin de d\u00e9terminer si des poursuites f\u00e9d\u00e9rales doivent \u00e9galement \u00eatre engag\u00e9es.<\/p>\n\n\n\n<p class=\"wp-block-paragraph\">Apr\u00e8s l\u2019intervention des autorit\u00e9s, le vol 618 a <a href=\"https:\/\/discover.ulysse.com\/air-france-deux-vols-quotidiens-cdg-newark-juin-2026\" data-type=\"post\" data-id=\"49731\">repris son trajet vers Newark<\/a>. American Airlines a confirm\u00e9 que l\u2019appareil avait \u00e9t\u00e9 d\u00e9rout\u00e9 en raison d\u2019un \u00ab passager perturbateur \u00bb et que les forces de l\u2019ordre avaient contribu\u00e9 \u00e0 le faire descendre. \u00ab La s\u00fbret\u00e9 et la s\u00e9curit\u00e9 de nos clients et des membres de notre \u00e9quipe constituent notre priorit\u00e9 absolue, et nous ne tol\u00e9rons pas la violence \u00bb, a d\u00e9clar\u00e9 la compagnie. American Airlines a \u00e9galement remerci\u00e9 son personnel pour son intervention et les passagers pour leur compr\u00e9hension.<\/p>\n","protected":false},"excerpt":{"rendered":"<p>Un vol int\u00e9rieur d\u2019American Airlines a \u00e9t\u00e9 d\u00e9rout\u00e9 apr\u00e8s qu\u2019un passager a adopt\u00e9 un comportement agressif \u00e0 bord. L\u2019incident, survenu [&hellip;]<\/p>\n","protected":false},"author":4,"featured_media":52063,"comment_status":"open","ping_status":"closed","sticky":false,"template":"","format":"standard","meta":{"_acf_changed":false,"_sitemap_exclude":false,"_sitemap_priority":"","_sitemap_frequency":"","footnotes":"","rank_math_title":"","rank_math_description":"Un vol American Airlines a \u00e9t\u00e9 d\u00e9rout\u00e9 vers Baltimore apr\u00e8s qu\u2019un passager violent a \u00e9t\u00e9 ma\u00eetris\u00e9 et attach\u00e9 \u00e0 son si\u00e8ge par plusieurs voyageurs.","rank_math_canonical_url":"","rank_math_focus_keyword":"American Airlines,passager"},"categories":[46],"tags":[],"class_list":["post-52056","post","type-post","status-publish","format-standard","has-post-thumbnail","hentry","category-avion"],"acf":[],"_links":{"self":[{"href":"https:\/\/ulysse.com\/news\/wp-json\/wp\/v2\/posts\/52056","targetHints":{"allow":["GET"]}}],"collection":[{"href":"https:\/\/ulysse.com\/news\/wp-json\/wp\/v2\/posts"}],"about":[{"href":"https:\/\/ulysse.com\/news\/wp-json\/wp\/v2\/types\/post"}],"author":[{"embeddable":true,"href":"https:\/\/ulysse.com\/news\/wp-json\/wp\/v2\/users\/4"}],"replies":[{"embeddable":true,"href":"https:\/\/ulysse.com\/news\/wp-json\/wp\/v2\/comments?post=52056"}],"version-history":[{"count":6,"href":"https:\/\/ulysse.com\/news\/wp-json\/wp\/v2\/posts\/52056\/revisions"}],"predecessor-version":[{"id":52067,"href":"https:\/\/ulysse.com\/news\/wp-json\/wp\/v2\/posts\/52056\/revisions\/52067"}],"wp:featuredmedia":[{"embeddable":true,"href":"https:\/\/ulysse.com\/news\/wp-json\/wp\/v2\/media\/52063"}],"wp:attachment":[{"href":"https:\/\/ulysse.com\/news\/wp-json\/wp\/v2\/media?parent=52056"}],"wp:term":[{"taxonomy":"category","embeddable":true,"href":"https:\/\/ulysse.com\/news\/wp-json\/wp\/v2\/categories?post=52056"},{"taxonomy":"post_tag","embeddable":true,"href":"https:\/\/ulysse.com\/news\/wp-json\/wp\/v2\/tags?post=52056"}],"curies":[{"name":"wp","href":"https:\/\/api.w.org\/{rel}","templated":true}]}}