{"id":5510,"date":"2024-02-26T22:05:34","date_gmt":"2024-02-26T21:05:34","guid":{"rendered":"https:\/\/discover.ulysse.com\/?p=5510"},"modified":"2024-02-26T22:05:34","modified_gmt":"2024-02-26T21:05:34","slug":"espagne-festivals-musique","status":"publish","type":"post","link":"https:\/\/ulysse.com\/news\/espagne-festivals-musique","title":{"rendered":"Espagne : Explorez les festivals de la musique qui font vibrer le pays !"},"content":{"rendered":"<p>L\u2019Espagne, avec son panorama culturel riche et diversifi\u00e9, est un v\u00e9ritable \u00e9picentre pour les aficionados de musique. R\u00e9put\u00e9 mondialement pour sa sc\u00e8ne musicale \u00e9lectrisante, ce pays offre une multitude de festivals o\u00f9 vibrent l\u2019\u00e9nergie de la musique \u00e9lectronique, la passion du rock, l\u2019\u00e2me du flamenco et bien d\u2019autres genres encore. Chaque \u00e9v\u00e9nement est une c\u00e9l\u00e9bration de la diversit\u00e9 sonore, promettant des exp\u00e9riences magiques et immersives.\u00a0 D\u00e9couvrez les festivals incontournables du pays, o\u00f9 chaque note jou\u00e9e est une invitation \u00e0 vivre des moments uniques et inoubliables.<\/p>\n<h2>Le Reggaeton Beach Festival<\/h2>\n<p>Ce festival espagnol est un incontournable pour les amateurs de reggaeton, offrant une v\u00e9ritable c\u00e9l\u00e9bration de la culture latine et urbaine. Immergez-vous dans une ambiance festive, les pieds ancr\u00e9s dans le sable, au rythme entra\u00eenant de la musique. Cet \u00e9v\u00e9nement unique rassemble une diversit\u00e9 d&#8217;artistes, cr\u00e9ant un m\u00e9lange parfait qui enflamme les sens.<\/p>\n<p>L&#8217;exp\u00e9rience combine la danse, la musique, et une sensation de libert\u00e9 in\u00e9gal\u00e9e, vous plongeant dans un monde de couleurs et de festivit\u00e9s. Vivez des moments inoubliables, o\u00f9 la passion pour la musique latine et urbaine est c\u00e9l\u00e9br\u00e9e dans un cadre idyllique et vibrant.<\/p>\n<div id=\"attachment_5630\" style=\"width: 1990px\" class=\"wp-caption aligncenter\"><img decoding=\"async\" aria-describedby=\"caption-attachment-5630\" class=\"wp-image-5630 size-full\" src=\"https:\/\/discover.ulysse.com\/wp-content\/uploads\/2024\/01\/Le-Reggaeton-Beach-Festival-Espagne-.jpg\" alt=\"Le Reggaeton Beach Festival, Espagne\" width=\"1980\" height=\"1200\" srcset=\"https:\/\/ulysse.com\/news\/wp-content\/uploads\/2024\/01\/Le-Reggaeton-Beach-Festival-Espagne-.jpg 1980w, https:\/\/ulysse.com\/news\/wp-content\/uploads\/2024\/01\/Le-Reggaeton-Beach-Festival-Espagne--300x182.jpg 300w, https:\/\/ulysse.com\/news\/wp-content\/uploads\/2024\/01\/Le-Reggaeton-Beach-Festival-Espagne--1024x621.jpg 1024w, https:\/\/ulysse.com\/news\/wp-content\/uploads\/2024\/01\/Le-Reggaeton-Beach-Festival-Espagne--200x121.jpg 200w, https:\/\/ulysse.com\/news\/wp-content\/uploads\/2024\/01\/Le-Reggaeton-Beach-Festival-Espagne--768x465.jpg 768w, https:\/\/ulysse.com\/news\/wp-content\/uploads\/2024\/01\/Le-Reggaeton-Beach-Festival-Espagne--1536x931.jpg 1536w\" sizes=\"(max-width: 1980px) 100vw, 1980px\" \/><p id=\"caption-attachment-5630\" class=\"wp-caption-text\">Le Reggaeton Beach Festival, Espagne<\/p><\/div>\n<h2>La Primavera Sound \u00e0 Barcelone<\/h2>\n<p>La Primavera Sound de Barcelone est un festival embl\u00e9matique qui offre une exp\u00e9rience musicale diversifi\u00e9e dans le cadre pittoresque du parc del F\u00f2rum. C&#8217;est une c\u00e9l\u00e9bration de genres musicaux vari\u00e9s, attirant des artistes internationaux pour cr\u00e9er une symphonie de sons harmonieuse.<\/p>\n<p>Ce festival est un incontournable pour les passionn\u00e9s de musique, offrant une occasion unique de se plonger dans diff\u00e9rentes cultures musicales tout en profitant d&#8217;une ambiance festive avec des amis. La Primavera Sound n&#8217;est pas juste un \u00e9v\u00e9nement, c&#8217;est une <a href=\"https:\/\/discover.ulysse.com\/meilleures-experiences-immersives-france\" target=\"_blank\" rel=\"noopener\">exp\u00e9rience immersive<\/a> de bien-\u00eatre et de lib\u00e9ration.<\/p>\n<div id=\"attachment_5632\" style=\"width: 1990px\" class=\"wp-caption aligncenter\"><img decoding=\"async\" aria-describedby=\"caption-attachment-5632\" class=\"wp-image-5632 size-full\" src=\"https:\/\/discover.ulysse.com\/wp-content\/uploads\/2024\/01\/La-Primavera-Sound-a-Barcelone-Espagne-.jpg\" alt=\"La Primavera Sound \u00e0 Barcelone, Espagne\" width=\"1980\" height=\"1200\" srcset=\"https:\/\/ulysse.com\/news\/wp-content\/uploads\/2024\/01\/La-Primavera-Sound-a-Barcelone-Espagne-.jpg 1980w, https:\/\/ulysse.com\/news\/wp-content\/uploads\/2024\/01\/La-Primavera-Sound-a-Barcelone-Espagne--300x182.jpg 300w, https:\/\/ulysse.com\/news\/wp-content\/uploads\/2024\/01\/La-Primavera-Sound-a-Barcelone-Espagne--1024x621.jpg 1024w, https:\/\/ulysse.com\/news\/wp-content\/uploads\/2024\/01\/La-Primavera-Sound-a-Barcelone-Espagne--200x121.jpg 200w, https:\/\/ulysse.com\/news\/wp-content\/uploads\/2024\/01\/La-Primavera-Sound-a-Barcelone-Espagne--768x465.jpg 768w, https:\/\/ulysse.com\/news\/wp-content\/uploads\/2024\/01\/La-Primavera-Sound-a-Barcelone-Espagne--1536x931.jpg 1536w\" sizes=\"(max-width: 1980px) 100vw, 1980px\" \/><p id=\"caption-attachment-5632\" class=\"wp-caption-text\">La Primavera Sound \u00e0 Barcelone, Espagne<\/p><\/div>\n<h2>Le festival Cru\u00eflla \u00e0 Barcelone, Espagne<\/h2>\n<p>Le Festival Cru\u00eflla c\u00e9l\u00e8bre la diversit\u00e9 musicale et culturelle dans l&#8217;atmosph\u00e8re vibrante de Barcelone. Avec une programmation \u00e9clectique qui comprend pop, rock, hip-hop, et plus, ce festival refl\u00e8te l&#8217;esprit inclusif de la ville. Il propose une ambiance chaleureuse o\u00f9 les performances musicales m\u00e9morables cr\u00e9ent une atmosph\u00e8re festive in\u00e9gal\u00e9e.<\/p>\n<p>Le Cru\u00eflla est plus qu&#8217;un simple festival\u202f; c&#8217;est une invitation \u00e0 explorer la richesse de diff\u00e9rentes cultures musicales dans un cadre convivial et joyeux, rendant chaque moment pass\u00e9 sur ses sc\u00e8nes inoubliable.<\/p>\n<div id=\"attachment_5635\" style=\"width: 1990px\" class=\"wp-caption aligncenter\"><img decoding=\"async\" aria-describedby=\"caption-attachment-5635\" class=\"wp-image-5635 size-full\" src=\"https:\/\/discover.ulysse.com\/wp-content\/uploads\/2024\/01\/Le-festival-Cruilla-a-Barcelone-Espagne-Espagne-.jpg\" alt=\"Le festival Cru\u00eflla \u00e0 Barcelone, Espagne, Espagne\" width=\"1980\" height=\"1200\" srcset=\"https:\/\/ulysse.com\/news\/wp-content\/uploads\/2024\/01\/Le-festival-Cruilla-a-Barcelone-Espagne-Espagne-.jpg 1980w, https:\/\/ulysse.com\/news\/wp-content\/uploads\/2024\/01\/Le-festival-Cruilla-a-Barcelone-Espagne-Espagne--300x182.jpg 300w, https:\/\/ulysse.com\/news\/wp-content\/uploads\/2024\/01\/Le-festival-Cruilla-a-Barcelone-Espagne-Espagne--1024x621.jpg 1024w, https:\/\/ulysse.com\/news\/wp-content\/uploads\/2024\/01\/Le-festival-Cruilla-a-Barcelone-Espagne-Espagne--200x121.jpg 200w, https:\/\/ulysse.com\/news\/wp-content\/uploads\/2024\/01\/Le-festival-Cruilla-a-Barcelone-Espagne-Espagne--768x465.jpg 768w, https:\/\/ulysse.com\/news\/wp-content\/uploads\/2024\/01\/Le-festival-Cruilla-a-Barcelone-Espagne-Espagne--1536x931.jpg 1536w\" sizes=\"(max-width: 1980px) 100vw, 1980px\" \/><p id=\"caption-attachment-5635\" class=\"wp-caption-text\">Le festival Cru\u00eflla \u00e0 Barcelone, Espagne<\/p><\/div>\n<h2>Le festival international de Benicassim<\/h2>\n<p>Le Festival international de Benicassim est une <a href=\"https:\/\/discover.ulysse.com\/destinations-de-reve-escapade-romantique\" target=\"_blank\" rel=\"noopener\">destination de r\u00eave pour les amoureux<\/a> de musique, situ\u00e9 \u00e0 proximit\u00e9 des plages idylliques pr\u00e8s de Valence. Ce festival embl\u00e9matique d&#8217;Espagne pr\u00e9sente une vari\u00e9t\u00e9 d&#8217;artistes talentueux dans un cadre magnifique. Chaque ann\u00e9e, il promet une aventure musicale vari\u00e9e, enrichie par des activit\u00e9s compl\u00e9mentaires comme des projections de films et des expositions d&#8217;art.<\/p>\n<p>Le Benicassim offre une exp\u00e9rience culturelle et artistique enrichissante, permettant aux participants de se baigner dans l&#8217;aura pittoresque du festival tout en d\u00e9couvrant des performances musicales exceptionnelles.<\/p>\n<div id=\"attachment_5636\" style=\"width: 1990px\" class=\"wp-caption aligncenter\"><img decoding=\"async\" aria-describedby=\"caption-attachment-5636\" class=\"wp-image-5636 size-full\" src=\"https:\/\/discover.ulysse.com\/wp-content\/uploads\/2024\/01\/Le-festival-international-de-Benicassim-Espagne-.jpg\" alt=\"Le festival international de Benicassim , Espagne\" width=\"1980\" height=\"1200\" srcset=\"https:\/\/ulysse.com\/news\/wp-content\/uploads\/2024\/01\/Le-festival-international-de-Benicassim-Espagne-.jpg 1980w, https:\/\/ulysse.com\/news\/wp-content\/uploads\/2024\/01\/Le-festival-international-de-Benicassim-Espagne--300x182.jpg 300w, https:\/\/ulysse.com\/news\/wp-content\/uploads\/2024\/01\/Le-festival-international-de-Benicassim-Espagne--1024x621.jpg 1024w, https:\/\/ulysse.com\/news\/wp-content\/uploads\/2024\/01\/Le-festival-international-de-Benicassim-Espagne--200x121.jpg 200w, https:\/\/ulysse.com\/news\/wp-content\/uploads\/2024\/01\/Le-festival-international-de-Benicassim-Espagne--768x465.jpg 768w, https:\/\/ulysse.com\/news\/wp-content\/uploads\/2024\/01\/Le-festival-international-de-Benicassim-Espagne--1536x931.jpg 1536w\" sizes=\"(max-width: 1980px) 100vw, 1980px\" \/><p id=\"caption-attachment-5636\" class=\"wp-caption-text\">Le festival international de Benicassim, Espagne<\/p><\/div>\n<h2>Le Resurrection Fest \u00e0 Viveiro<\/h2>\n<p>Le Resurrection Fest est un sanctuaire pour les fans de musique heavy, offrant un m\u00e9lange explosif de performances \u00e9nerg\u00e9tiques dans la ville de Viveiro. Connu pour son programme impressionnant, ce festival attire des amateurs de genres musicaux plus durs pour une exp\u00e9rience euphorique et unique.<\/p>\n<p>Le Resurrection Fest se distingue par son ambiance intense et passionn\u00e9e, promettant aux participants de vivre des moments inoubliables. C&#8217;est l&#8217;occasion parfaite pour s&#8217;immerger dans une culture musicale puissante, entour\u00e9 par la communaut\u00e9 du heavy metal et au-del\u00e0, dans un cadre qui vibre au rythme de chaque performance.<\/p>\n<div id=\"attachment_5637\" style=\"width: 1990px\" class=\"wp-caption aligncenter\"><img decoding=\"async\" aria-describedby=\"caption-attachment-5637\" class=\"wp-image-5637 size-full\" src=\"https:\/\/discover.ulysse.com\/wp-content\/uploads\/2024\/01\/Le-Resurrection-Fest-a-Viveiro-Espagne-.jpg\" alt=\"Le Resurrection Fest \u00e0 Viveiro , Espagne\" width=\"1980\" height=\"1200\" srcset=\"https:\/\/ulysse.com\/news\/wp-content\/uploads\/2024\/01\/Le-Resurrection-Fest-a-Viveiro-Espagne-.jpg 1980w, https:\/\/ulysse.com\/news\/wp-content\/uploads\/2024\/01\/Le-Resurrection-Fest-a-Viveiro-Espagne--300x182.jpg 300w, https:\/\/ulysse.com\/news\/wp-content\/uploads\/2024\/01\/Le-Resurrection-Fest-a-Viveiro-Espagne--1024x621.jpg 1024w, https:\/\/ulysse.com\/news\/wp-content\/uploads\/2024\/01\/Le-Resurrection-Fest-a-Viveiro-Espagne--200x121.jpg 200w, https:\/\/ulysse.com\/news\/wp-content\/uploads\/2024\/01\/Le-Resurrection-Fest-a-Viveiro-Espagne--768x465.jpg 768w, https:\/\/ulysse.com\/news\/wp-content\/uploads\/2024\/01\/Le-Resurrection-Fest-a-Viveiro-Espagne--1536x931.jpg 1536w\" sizes=\"(max-width: 1980px) 100vw, 1980px\" \/><p id=\"caption-attachment-5637\" class=\"wp-caption-text\">Le Resurrection Fest \u00e0 Viveiro , Espagne<\/p><\/div>\n<p>Embarquez pour l&#8217;<a href=\"https:\/\/discover.ulysse.com\/belles-cites-cotieres-despagne\" target=\"_blank\" rel=\"noopener\">Espagne<\/a>, terre de rythmes et de joies, et laissez ses festivals transformer vos nuits en souvenirs m\u00e9morables et vibrants.<\/p>\n","protected":false},"excerpt":{"rendered":"<p>L\u2019Espagne, avec son panorama culturel riche et diversifi\u00e9, est un v\u00e9ritable \u00e9picentre pour les aficionados de musique. R\u00e9put\u00e9 mondialement pour [&hellip;]<\/p>\n","protected":false},"author":3,"featured_media":7788,"comment_status":"open","ping_status":"open","sticky":false,"template":"","format":"standard","meta":{"_acf_changed":false,"_sitemap_exclude":false,"_sitemap_priority":"","_sitemap_frequency":"","footnotes":"","rank_math_title":"Espagne : Explorez les festivals de la musique qui font vibrer le pays !","rank_math_description":"Plongez au c\u0153ur de l'Espagne et vivez l'extase musicale \u00e0 travers ses festivals incontournables, un voyage sonore inoubliable.","rank_math_canonical_url":"","rank_math_focus_keyword":"Espagne,festival"},"categories":[3],"tags":[14,84,175,148],"class_list":["post-5510","post","type-post","status-publish","format-standard","has-post-thumbnail","hentry","category-voyage","tag-destination","tag-espagne","tag-festivals","tag-pays"],"acf":[],"_links":{"self":[{"href":"https:\/\/ulysse.com\/news\/wp-json\/wp\/v2\/posts\/5510","targetHints":{"allow":["GET"]}}],"collection":[{"href":"https:\/\/ulysse.com\/news\/wp-json\/wp\/v2\/posts"}],"about":[{"href":"https:\/\/ulysse.com\/news\/wp-json\/wp\/v2\/types\/post"}],"author":[{"embeddable":true,"href":"https:\/\/ulysse.com\/news\/wp-json\/wp\/v2\/users\/3"}],"replies":[{"embeddable":true,"href":"https:\/\/ulysse.com\/news\/wp-json\/wp\/v2\/comments?post=5510"}],"version-history":[{"count":6,"href":"https:\/\/ulysse.com\/news\/wp-json\/wp\/v2\/posts\/5510\/revisions"}],"predecessor-version":[{"id":7789,"href":"https:\/\/ulysse.com\/news\/wp-json\/wp\/v2\/posts\/5510\/revisions\/7789"}],"wp:featuredmedia":[{"embeddable":true,"href":"https:\/\/ulysse.com\/news\/wp-json\/wp\/v2\/media\/7788"}],"wp:attachment":[{"href":"https:\/\/ulysse.com\/news\/wp-json\/wp\/v2\/media?parent=5510"}],"wp:term":[{"taxonomy":"category","embeddable":true,"href":"https:\/\/ulysse.com\/news\/wp-json\/wp\/v2\/categories?post=5510"},{"taxonomy":"post_tag","embeddable":true,"href":"https:\/\/ulysse.com\/news\/wp-json\/wp\/v2\/tags?post=5510"}],"curies":[{"name":"wp","href":"https:\/\/api.w.org\/{rel}","templated":true}]}}