{"id":659,"date":"2023-12-12T12:00:03","date_gmt":"2023-12-12T11:00:03","guid":{"rendered":"https:\/\/discover.ulysse.com\/?p=659"},"modified":"2024-02-27T19:16:45","modified_gmt":"2024-02-27T18:16:45","slug":"meilleures-expositions-a-ne-pas-rater-paris-decembre","status":"publish","type":"post","link":"https:\/\/ulysse.com\/news\/meilleures-expositions-a-ne-pas-rater-paris-decembre","title":{"rendered":"Les meilleures expositions \u00e0 ne pas rater \u00e0 Paris en d\u00e9cembre !"},"content":{"rendered":"<p><strong>Ce mois de d\u00e9cembre 2023, ne ratez surtout pas ces superbes expositions parisiennes !<\/strong><\/p>\n<p>Paris, en d\u00e9cembre 2023, s&#8217;illumine d&#8217;art et de culture. Avec une multitude de mus\u00e9es et galeries, la ville offre une exp\u00e9rience artistique inoubliable. D\u00e9couvrez les expositions incontournables et les \u00e9v\u00e9nements majeurs qui fa\u00e7onnent le paysage culturel parisien. De l&#8217;art contemporain aux chefs-d&#8217;\u0153uvre classiques, nous vous guidons \u00e0 travers les tr\u00e9sors cach\u00e9s et les grandes expositions de cette saison festive. Suivez-nous pour ne rien manquer de l&#8217;effervescence artistique de Paris !<\/p>\n<h2>Chagall : Paris &#8211; New York<\/h2>\n<p><strong>Du 17 f\u00e9vrier 2023 au 3 janvier 2024<\/strong>, \u00e0 l&#8217;Atelier des Lumi\u00e8res, se tient <a href=\"https:\/\/discover.ulysse.com\/meilleures-experiences-immersives-france\" target=\"_blank\" rel=\"noopener\">une exposition immersive<\/a> offrant l&#8217;opportunit\u00e9 d&#8217;explorer en d\u00e9tail l&#8217;\u0153uvre de Marc Chagall, le c\u00e9l\u00e8bre peintre inspir\u00e9 par Paris et New York. Ces villes, capitales de l&#8217;art moderne, repr\u00e9sentent deux \u00e9tapes cruciales dans la vie et la carri\u00e8re de l&#8217;artiste.<\/p>\n<div id=\"attachment_942\" style=\"width: 1990px\" class=\"wp-caption aligncenter\"><img decoding=\"async\" aria-describedby=\"caption-attachment-942\" class=\"wp-image-942 size-full\" src=\"https:\/\/discover.ulysse.com\/wp-content\/uploads\/2023\/12\/Exposition-Chagall-_-Paris-New-York-Atelier-des-Lumi\u00bfres.jpg\" alt=\"Exposition Chagall : Paris - New York, Atelier des Lumi\u00e8res\" width=\"1980\" height=\"1200\" srcset=\"https:\/\/ulysse.com\/news\/wp-content\/uploads\/2023\/12\/Exposition-Chagall-_-Paris-New-York-Atelier-des-Lumi\u00bfres.jpg 1980w, https:\/\/ulysse.com\/news\/wp-content\/uploads\/2023\/12\/Exposition-Chagall-_-Paris-New-York-Atelier-des-Lumi\u00bfres-300x182.jpg 300w, https:\/\/ulysse.com\/news\/wp-content\/uploads\/2023\/12\/Exposition-Chagall-_-Paris-New-York-Atelier-des-Lumi\u00bfres-1024x621.jpg 1024w, https:\/\/ulysse.com\/news\/wp-content\/uploads\/2023\/12\/Exposition-Chagall-_-Paris-New-York-Atelier-des-Lumi\u00bfres-200x121.jpg 200w, https:\/\/ulysse.com\/news\/wp-content\/uploads\/2023\/12\/Exposition-Chagall-_-Paris-New-York-Atelier-des-Lumi\u00bfres-768x465.jpg 768w, https:\/\/ulysse.com\/news\/wp-content\/uploads\/2023\/12\/Exposition-Chagall-_-Paris-New-York-Atelier-des-Lumi\u00bfres-1536x931.jpg 1536w, https:\/\/ulysse.com\/news\/wp-content\/uploads\/2023\/12\/Exposition-Chagall-_-Paris-New-York-Atelier-des-Lumi\u00bfres-480x291.jpg 480w\" sizes=\"(max-width: 1980px) 100vw, 1980px\" \/><p id=\"caption-attachment-942\" class=\"wp-caption-text\">Exposition Chagall : Paris &#8211; New York, Atelier des Lumi\u00e8res<\/p><\/div>\n<p>La magie de son univers cr\u00e9atif sera projet\u00e9e en grand format sur les murs de l&#8217;Atelier des Lumi\u00e8res, vibrante au son de la musique classique, du klezmer et du jazz. Profitez-en avant que \u00e7a ne prenne fin !<\/p>\n<blockquote class=\"instagram-media\" style=\"background: #FFF; border: 0; border-radius: 3px; box-shadow: 0 0 1px 0 rgba(0,0,0,0.5),0 1px 10px 0 rgba(0,0,0,0.15); margin: 1px; max-width: 540px; min-width: 326px; padding: 0; width: calc(100% - 2px);\" data-instgrm-captioned=\"\" data-instgrm-permalink=\"https:\/\/www.instagram.com\/reel\/Co7D8nkgq2a\/?utm_source=ig_embed&amp;utm_campaign=loading\" data-instgrm-version=\"14\">\n<div style=\"padding: 16px;\">\n<p>&nbsp;<\/p>\n<div style=\"display: flex; flex-direction: row; align-items: center;\">\n<div style=\"background-color: #f4f4f4; border-radius: 50%; flex-grow: 0; height: 40px; margin-right: 14px; width: 40px;\"><\/div>\n<div style=\"display: flex; flex-direction: column; flex-grow: 1; justify-content: center;\">\n<div style=\"background-color: #f4f4f4; border-radius: 4px; flex-grow: 0; height: 14px; margin-bottom: 6px; width: 100px;\"><\/div>\n<div style=\"background-color: #f4f4f4; border-radius: 4px; flex-grow: 0; height: 14px; width: 60px;\"><\/div>\n<\/div>\n<\/div>\n<div style=\"padding: 19% 0;\"><\/div>\n<div style=\"display: block; height: 50px; margin: 0 auto 12px; width: 50px;\"><\/div>\n<div style=\"padding-top: 8px;\">\n<div style=\"color: #3897f0; font-family: Arial,sans-serif; font-size: 14px; font-style: normal; font-weight: 550; line-height: 18px;\">Voir cette publication sur Instagram<\/div>\n<\/div>\n<div style=\"padding: 12.5% 0;\"><\/div>\n<div style=\"display: flex; flex-direction: row; margin-bottom: 14px; align-items: center;\">\n<div>\n<div style=\"background-color: #f4f4f4; border-radius: 50%; height: 12.5px; width: 12.5px; transform: translateX(0px) translateY(7px);\"><\/div>\n<div style=\"background-color: #f4f4f4; height: 12.5px; transform: rotate(-45deg) translateX(3px) translateY(1px); width: 12.5px; flex-grow: 0; margin-right: 14px; margin-left: 2px;\"><\/div>\n<div style=\"background-color: #f4f4f4; border-radius: 50%; height: 12.5px; width: 12.5px; transform: translateX(9px) translateY(-18px);\"><\/div>\n<\/div>\n<div style=\"margin-left: 8px;\">\n<div style=\"background-color: #f4f4f4; border-radius: 50%; flex-grow: 0; height: 20px; width: 20px;\"><\/div>\n<div style=\"width: 0; height: 0; border-top: 2px solid transparent; border-left: 6px solid #f4f4f4; border-bottom: 2px solid transparent; transform: translateX(16px) translateY(-4px) rotate(30deg);\"><\/div>\n<\/div>\n<div style=\"margin-left: auto;\">\n<div style=\"width: 0px; border-top: 8px solid #F4F4F4; border-right: 8px solid transparent; transform: translateY(16px);\"><\/div>\n<div style=\"background-color: #f4f4f4; flex-grow: 0; height: 12px; width: 16px; transform: translateY(-4px);\"><\/div>\n<div style=\"width: 0; height: 0; border-top: 8px solid #F4F4F4; border-left: 8px solid transparent; transform: translateY(-4px) translateX(8px);\"><\/div>\n<\/div>\n<\/div>\n<div style=\"display: flex; flex-direction: column; flex-grow: 1; justify-content: center; margin-bottom: 24px;\">\n<div style=\"background-color: #f4f4f4; border-radius: 4px; flex-grow: 0; height: 14px; margin-bottom: 6px; width: 224px;\"><\/div>\n<div style=\"background-color: #f4f4f4; border-radius: 4px; flex-grow: 0; height: 14px; width: 144px;\"><\/div>\n<\/div>\n<p>&nbsp;<\/p>\n<p style=\"color: #c9c8cd; font-family: Arial,sans-serif; font-size: 14px; line-height: 17px; margin-bottom: 0; margin-top: 8px; overflow: hidden; padding: 8px 0 7px; text-align: center; text-overflow: ellipsis; white-space: nowrap;\"><a style=\"color: #c9c8cd; font-family: Arial,sans-serif; font-size: 14px; font-style: normal; font-weight: normal; line-height: 17px; text-decoration: none;\" href=\"https:\/\/www.instagram.com\/reel\/Co7D8nkgq2a\/?utm_source=ig_embed&amp;utm_campaign=loading\" target=\"_blank\" rel=\"noopener\">Une publication partag\u00e9e par Paris Je t&#8217;aime (@parisjetaime)<\/a><\/p>\n<\/div>\n<\/blockquote>\n<p><script async src=\"\/\/www.instagram.com\/embed.js\"><\/script><\/p>\n<h2>Gertrude Stein et Picasso : L&#8217;invention du langage<\/h2>\n<p><strong>Du 13 septembre 2023 au 21 janvier<\/strong>, l&#8217;exposition c\u00e9l\u00e8bre l&#8217;amiti\u00e9 entre l&#8217;\u00e9crivain am\u00e9ricain Gertrude Stein et Pablo Picasso, forg\u00e9e par leurs travaux respectifs et leur amour commun pour la sc\u00e8ne artistique parisienne.<\/p>\n<div id=\"attachment_944\" style=\"width: 1990px\" class=\"wp-caption aligncenter\"><img decoding=\"async\" aria-describedby=\"caption-attachment-944\" class=\"wp-image-944 size-full\" src=\"https:\/\/discover.ulysse.com\/wp-content\/uploads\/2023\/12\/Exposition-Gertrude-Stein-et-Picasso-_-Linvention-du-langage-a-Mus\u00aee-du-Luxembourg.jpg\" alt=\"Exposition Gertrude Stein et Picasso _ L'invention du langage-\u00e1, Mus+\u00aee du Luxembourg\" width=\"1980\" height=\"1200\" srcset=\"https:\/\/ulysse.com\/news\/wp-content\/uploads\/2023\/12\/Exposition-Gertrude-Stein-et-Picasso-_-Linvention-du-langage-a-Mus\u00aee-du-Luxembourg.jpg 1980w, https:\/\/ulysse.com\/news\/wp-content\/uploads\/2023\/12\/Exposition-Gertrude-Stein-et-Picasso-_-Linvention-du-langage-a-Mus\u00aee-du-Luxembourg-300x182.jpg 300w, https:\/\/ulysse.com\/news\/wp-content\/uploads\/2023\/12\/Exposition-Gertrude-Stein-et-Picasso-_-Linvention-du-langage-a-Mus\u00aee-du-Luxembourg-1024x621.jpg 1024w, https:\/\/ulysse.com\/news\/wp-content\/uploads\/2023\/12\/Exposition-Gertrude-Stein-et-Picasso-_-Linvention-du-langage-a-Mus\u00aee-du-Luxembourg-200x121.jpg 200w, https:\/\/ulysse.com\/news\/wp-content\/uploads\/2023\/12\/Exposition-Gertrude-Stein-et-Picasso-_-Linvention-du-langage-a-Mus\u00aee-du-Luxembourg-768x465.jpg 768w, https:\/\/ulysse.com\/news\/wp-content\/uploads\/2023\/12\/Exposition-Gertrude-Stein-et-Picasso-_-Linvention-du-langage-a-Mus\u00aee-du-Luxembourg-1536x931.jpg 1536w, https:\/\/ulysse.com\/news\/wp-content\/uploads\/2023\/12\/Exposition-Gertrude-Stein-et-Picasso-_-Linvention-du-langage-a-Mus\u00aee-du-Luxembourg-480x291.jpg 480w\" sizes=\"(max-width: 1980px) 100vw, 1980px\" \/><p id=\"caption-attachment-944\" class=\"wp-caption-text\">Exposition Gertrude Stein et Picasso : L&#8217;invention du langage, Mus\u00e9e du Luxembourg<\/p><\/div>\n<p>Cette exposition associe les textes de Gertrude Stein aux 28 \u0153uvres de la collection Picasso-Paris, qui mettent en lumi\u00e8re les ann\u00e9es d&#8217;or du Cubisme et des Demoiselles d&#8217;Avignon, expos\u00e9es au Mus\u00e9e Luxembourg, accompagn\u00e9es d&#8217;un fonds d&#8217;archives int\u00e9ressant.<\/p>\n<blockquote class=\"instagram-media\" style=\"background: #FFF; border: 0; border-radius: 3px; box-shadow: 0 0 1px 0 rgba(0,0,0,0.5),0 1px 10px 0 rgba(0,0,0,0.15); margin: 1px; max-width: 540px; min-width: 326px; padding: 0; width: calc(100% - 2px);\" data-instgrm-captioned=\"\" data-instgrm-permalink=\"https:\/\/www.instagram.com\/reel\/CxIuYBuI_ot\/?utm_source=ig_embed&amp;utm_campaign=loading\" data-instgrm-version=\"14\">\n<div style=\"padding: 16px;\">\n<p>&nbsp;<\/p>\n<div style=\"display: flex; flex-direction: row; align-items: center;\">\n<div style=\"background-color: #f4f4f4; border-radius: 50%; flex-grow: 0; height: 40px; margin-right: 14px; width: 40px;\"><\/div>\n<div style=\"display: flex; flex-direction: column; flex-grow: 1; justify-content: center;\">\n<div style=\"background-color: #f4f4f4; border-radius: 4px; flex-grow: 0; height: 14px; margin-bottom: 6px; width: 100px;\"><\/div>\n<div style=\"background-color: #f4f4f4; border-radius: 4px; flex-grow: 0; height: 14px; width: 60px;\"><\/div>\n<\/div>\n<\/div>\n<div style=\"padding: 19% 0;\"><\/div>\n<div style=\"display: block; height: 50px; margin: 0 auto 12px; width: 50px;\"><\/div>\n<div style=\"padding-top: 8px;\">\n<div style=\"color: #3897f0; font-family: Arial,sans-serif; font-size: 14px; font-style: normal; font-weight: 550; line-height: 18px;\">Voir cette publication sur Instagram<\/div>\n<\/div>\n<div style=\"padding: 12.5% 0;\"><\/div>\n<div style=\"display: flex; flex-direction: row; margin-bottom: 14px; align-items: center;\">\n<div>\n<div style=\"background-color: #f4f4f4; border-radius: 50%; height: 12.5px; width: 12.5px; transform: translateX(0px) translateY(7px);\"><\/div>\n<div style=\"background-color: #f4f4f4; height: 12.5px; transform: rotate(-45deg) translateX(3px) translateY(1px); width: 12.5px; flex-grow: 0; margin-right: 14px; margin-left: 2px;\"><\/div>\n<div style=\"background-color: #f4f4f4; border-radius: 50%; height: 12.5px; width: 12.5px; transform: translateX(9px) translateY(-18px);\"><\/div>\n<\/div>\n<div style=\"margin-left: 8px;\">\n<div style=\"background-color: #f4f4f4; border-radius: 50%; flex-grow: 0; height: 20px; width: 20px;\"><\/div>\n<div style=\"width: 0; height: 0; border-top: 2px solid transparent; border-left: 6px solid #f4f4f4; border-bottom: 2px solid transparent; transform: translateX(16px) translateY(-4px) rotate(30deg);\"><\/div>\n<\/div>\n<div style=\"margin-left: auto;\">\n<div style=\"width: 0px; border-top: 8px solid #F4F4F4; border-right: 8px solid transparent; transform: translateY(16px);\"><\/div>\n<div style=\"background-color: #f4f4f4; flex-grow: 0; height: 12px; width: 16px; transform: translateY(-4px);\"><\/div>\n<div style=\"width: 0; height: 0; border-top: 8px solid #F4F4F4; border-left: 8px solid transparent; transform: translateY(-4px) translateX(8px);\"><\/div>\n<\/div>\n<\/div>\n<div style=\"display: flex; flex-direction: column; flex-grow: 1; justify-content: center; margin-bottom: 24px;\">\n<div style=\"background-color: #f4f4f4; border-radius: 4px; flex-grow: 0; height: 14px; margin-bottom: 6px; width: 224px;\"><\/div>\n<div style=\"background-color: #f4f4f4; border-radius: 4px; flex-grow: 0; height: 14px; width: 144px;\"><\/div>\n<\/div>\n<p>&nbsp;<\/p>\n<p style=\"color: #c9c8cd; font-family: Arial,sans-serif; font-size: 14px; line-height: 17px; margin-bottom: 0; margin-top: 8px; overflow: hidden; padding: 8px 0 7px; text-align: center; text-overflow: ellipsis; white-space: nowrap;\"><a style=\"color: #c9c8cd; font-family: Arial,sans-serif; font-size: 14px; font-style: normal; font-weight: normal; line-height: 17px; text-decoration: none;\" href=\"https:\/\/www.instagram.com\/reel\/CxIuYBuI_ot\/?utm_source=ig_embed&amp;utm_campaign=loading\" target=\"_blank\" rel=\"noopener\">Une publication partag\u00e9e par Muse\u0301e du Luxembourg (@museeduluxembourg)<\/a><\/p>\n<\/div>\n<\/blockquote>\n<p><script async src=\"\/\/www.instagram.com\/embed.js\"><\/script><\/p>\n<h2>Objectif mer : Exposition du 7\u1d49 art au mus\u00e9e de la Marine<\/h2>\n<p>Le mus\u00e9e de la Marine, pour sa premi\u00e8re exposition depuis sa r\u00e9ouverture, invite les visiteurs \u00e0 un voyage \u00e0 travers l&#8217;univers du cin\u00e9ma. L&#8217;exposition sp\u00e9ciale intitul\u00e9e \u00ab Objectif mer : l&#8217;oc\u00e9an film\u00e9 \u00bb se tient <strong>du 13 d\u00e9cembre 2023 au 5 mai 2024<\/strong>, et promet une d\u00e9couverte fascinante.<\/p>\n<div id=\"attachment_945\" style=\"width: 1990px\" class=\"wp-caption aligncenter\"><img decoding=\"async\" aria-describedby=\"caption-attachment-945\" class=\"wp-image-945 size-full\" src=\"https:\/\/discover.ulysse.com\/wp-content\/uploads\/2023\/12\/Exposition-Objectif-mer-locean-filme-Musee-de-la-Marine.jpg\" alt=\"Exposition Objectif mer l'oc\u00e9an film\u00e9, Mus\u00e9e de la Marine\" width=\"1980\" height=\"1200\" srcset=\"https:\/\/ulysse.com\/news\/wp-content\/uploads\/2023\/12\/Exposition-Objectif-mer-locean-filme-Musee-de-la-Marine.jpg 1980w, https:\/\/ulysse.com\/news\/wp-content\/uploads\/2023\/12\/Exposition-Objectif-mer-locean-filme-Musee-de-la-Marine-300x182.jpg 300w, https:\/\/ulysse.com\/news\/wp-content\/uploads\/2023\/12\/Exposition-Objectif-mer-locean-filme-Musee-de-la-Marine-1024x621.jpg 1024w, https:\/\/ulysse.com\/news\/wp-content\/uploads\/2023\/12\/Exposition-Objectif-mer-locean-filme-Musee-de-la-Marine-200x121.jpg 200w, https:\/\/ulysse.com\/news\/wp-content\/uploads\/2023\/12\/Exposition-Objectif-mer-locean-filme-Musee-de-la-Marine-768x465.jpg 768w, https:\/\/ulysse.com\/news\/wp-content\/uploads\/2023\/12\/Exposition-Objectif-mer-locean-filme-Musee-de-la-Marine-1536x931.jpg 1536w, https:\/\/ulysse.com\/news\/wp-content\/uploads\/2023\/12\/Exposition-Objectif-mer-locean-filme-Musee-de-la-Marine-480x291.jpg 480w\" sizes=\"(max-width: 1980px) 100vw, 1980px\" \/><p id=\"caption-attachment-945\" class=\"wp-caption-text\">Exposition Objectif mer l&#8217;oc\u00e9an film\u00e9, Mus\u00e9e de la Marine<\/p><\/div>\n<h2>L&#8217;art de la brique : expo LEGO<\/h2>\n<p>Cette exposition, intitul\u00e9e \u00ab L&#8217;art de la brique \u00bb par Nathan Sawaya et d\u00e9di\u00e9e aux fans de LEGO, est parfaite pour ceux qui ont gard\u00e9 une \u00e2me d&#8217;enfant. Situ\u00e9e \u00e0 Paris Montparnasse, plus pr\u00e9cis\u00e9ment dans les anciennes Galeries Lafayette, elle pr\u00e9sente plus d&#8217;une centaine de sculptures en briques LEGO. Nathan Sawaya vous accueille <strong>d\u00e8s le 15 d\u00e9cembre 2023<\/strong> pour cette incroyable d\u00e9couverte.<\/p>\n<h2>Kate Barry : Exposition r\u00e9trospective \u00ab My Own Space \u00bb<\/h2>\n<p>Le Quai de la Photo, espace d\u00e9di\u00e9 \u00e0 la photographie contemporaine, organise une r\u00e9trospective en hommage \u00e0 Kate Barry, marquant le 10\u1d49 anniversaire de sa disparition en 2013 \u00e0 l&#8217;\u00e2ge de 46 ans. L&#8217;exposition, nomm\u00e9e \u00ab My Own Space \u00bb, ouvrira ses portes au public <strong>du 15 d\u00e9cembre 2023 au 20 mars 2024<\/strong>.<\/p>\n<div id=\"attachment_946\" style=\"width: 1990px\" class=\"wp-caption aligncenter\"><img decoding=\"async\" aria-describedby=\"caption-attachment-946\" class=\"wp-image-946 size-full\" src=\"https:\/\/discover.ulysse.com\/wp-content\/uploads\/2023\/12\/Kate-Barry-_-Exposition-retrospective-My-Own-Space-Le-Quai-de-la-Photo.jpg\" alt=\"Kate Barry : Exposition r\u00e9trospective \u00ab My Own Space \u00bb, Le Quai de la Photo\" width=\"1980\" height=\"1200\" srcset=\"https:\/\/ulysse.com\/news\/wp-content\/uploads\/2023\/12\/Kate-Barry-_-Exposition-retrospective-My-Own-Space-Le-Quai-de-la-Photo.jpg 1980w, https:\/\/ulysse.com\/news\/wp-content\/uploads\/2023\/12\/Kate-Barry-_-Exposition-retrospective-My-Own-Space-Le-Quai-de-la-Photo-300x182.jpg 300w, https:\/\/ulysse.com\/news\/wp-content\/uploads\/2023\/12\/Kate-Barry-_-Exposition-retrospective-My-Own-Space-Le-Quai-de-la-Photo-1024x621.jpg 1024w, https:\/\/ulysse.com\/news\/wp-content\/uploads\/2023\/12\/Kate-Barry-_-Exposition-retrospective-My-Own-Space-Le-Quai-de-la-Photo-200x121.jpg 200w, https:\/\/ulysse.com\/news\/wp-content\/uploads\/2023\/12\/Kate-Barry-_-Exposition-retrospective-My-Own-Space-Le-Quai-de-la-Photo-768x465.jpg 768w, https:\/\/ulysse.com\/news\/wp-content\/uploads\/2023\/12\/Kate-Barry-_-Exposition-retrospective-My-Own-Space-Le-Quai-de-la-Photo-1536x931.jpg 1536w, https:\/\/ulysse.com\/news\/wp-content\/uploads\/2023\/12\/Kate-Barry-_-Exposition-retrospective-My-Own-Space-Le-Quai-de-la-Photo-480x291.jpg 480w\" sizes=\"(max-width: 1980px) 100vw, 1980px\" \/><p id=\"caption-attachment-946\" class=\"wp-caption-text\">Kate Barry : Exposition r\u00e9trospective \u00ab My Own Space \u00bb, Le Quai de la Photo<\/p><\/div>\n<h2>\u00ab \u00c9mergence d&#8217;une culture japonaise \u00bb : L&#8217;expo des Jouets Robots<\/h2>\n<p>Pour les passionn\u00e9s de la culture japonaise et les amateurs de robots, l&#8217;Espace Richaud de Versailles accueille l&#8217;exposition \u00ab Jouets Robots &#8211; \u00c9mergence d&#8217;une culture japonaise \u00bb <strong>du 23 d\u00e9cembre 2023 au 25 f\u00e9vrier 2024<\/strong>. Cette exposition r\u00e9v\u00e8le une collection surprenante de plus de 300 robots iconiques, t\u00e9moignant de l&#8217;impact significatif de la culture japonaise en Europe, \u00e0 l&#8217;image des Power Rangers.<\/p>\n<div id=\"attachment_949\" style=\"width: 1990px\" class=\"wp-caption aligncenter\"><img decoding=\"async\" aria-describedby=\"caption-attachment-949\" class=\"wp-image-949 size-full\" src=\"https:\/\/discover.ulysse.com\/wp-content\/uploads\/2023\/12\/Lexpo-des-Jouets-Robots-Espace-Richaud-de-Versailles.jpg\" alt=\"L'expo des Jouets Robots, Espace Richaud de Versailles\" width=\"1980\" height=\"1200\" srcset=\"https:\/\/ulysse.com\/news\/wp-content\/uploads\/2023\/12\/Lexpo-des-Jouets-Robots-Espace-Richaud-de-Versailles.jpg 1980w, https:\/\/ulysse.com\/news\/wp-content\/uploads\/2023\/12\/Lexpo-des-Jouets-Robots-Espace-Richaud-de-Versailles-300x182.jpg 300w, https:\/\/ulysse.com\/news\/wp-content\/uploads\/2023\/12\/Lexpo-des-Jouets-Robots-Espace-Richaud-de-Versailles-1024x621.jpg 1024w, https:\/\/ulysse.com\/news\/wp-content\/uploads\/2023\/12\/Lexpo-des-Jouets-Robots-Espace-Richaud-de-Versailles-200x121.jpg 200w, https:\/\/ulysse.com\/news\/wp-content\/uploads\/2023\/12\/Lexpo-des-Jouets-Robots-Espace-Richaud-de-Versailles-768x465.jpg 768w, https:\/\/ulysse.com\/news\/wp-content\/uploads\/2023\/12\/Lexpo-des-Jouets-Robots-Espace-Richaud-de-Versailles-1536x931.jpg 1536w, https:\/\/ulysse.com\/news\/wp-content\/uploads\/2023\/12\/Lexpo-des-Jouets-Robots-Espace-Richaud-de-Versailles-480x291.jpg 480w\" sizes=\"(max-width: 1980px) 100vw, 1980px\" \/><p id=\"caption-attachment-949\" class=\"wp-caption-text\">L&#8217;expo des Jouets Robots, Espace Richaud de Versailles<\/p><\/div>\n<h2>Johnny Hallyday : L&#8217;exposition hommage au rocker<\/h2>\n<p>Paris rend hommage \u00e0 Johnny Hallyday avec une exposition itin\u00e9rante qui d\u00e9bute le <strong>22 d\u00e9cembre et se poursuit jusqu&#8217;au 19 juin 2024<\/strong>. Les admirateurs du rocker d\u00e9funt pourront explorer une s\u00e9lection extraordinaire d&#8217;objets de sa collection, s&#8217;\u00e9tendant sur plus de 3 000 m\u00b2 au Parc des expositions de la Porte de Versailles.<\/p>\n<div id=\"attachment_943\" style=\"width: 1990px\" class=\"wp-caption aligncenter\"><img decoding=\"async\" aria-describedby=\"caption-attachment-943\" class=\"wp-image-943 size-full\" src=\"https:\/\/discover.ulysse.com\/wp-content\/uploads\/2023\/12\/Exposition-en-hommage-a-Johnny-HallydayParc-des-expositions-de-la-Porte-de-Versailles.jpg\" alt=\"Exposition en hommage \u00e0 Johnny Hallyday,Parc des expositions de la Porte de Versailles\" width=\"1980\" height=\"1200\" srcset=\"https:\/\/ulysse.com\/news\/wp-content\/uploads\/2023\/12\/Exposition-en-hommage-a-Johnny-HallydayParc-des-expositions-de-la-Porte-de-Versailles.jpg 1980w, https:\/\/ulysse.com\/news\/wp-content\/uploads\/2023\/12\/Exposition-en-hommage-a-Johnny-HallydayParc-des-expositions-de-la-Porte-de-Versailles-300x182.jpg 300w, https:\/\/ulysse.com\/news\/wp-content\/uploads\/2023\/12\/Exposition-en-hommage-a-Johnny-HallydayParc-des-expositions-de-la-Porte-de-Versailles-1024x621.jpg 1024w, https:\/\/ulysse.com\/news\/wp-content\/uploads\/2023\/12\/Exposition-en-hommage-a-Johnny-HallydayParc-des-expositions-de-la-Porte-de-Versailles-200x121.jpg 200w, https:\/\/ulysse.com\/news\/wp-content\/uploads\/2023\/12\/Exposition-en-hommage-a-Johnny-HallydayParc-des-expositions-de-la-Porte-de-Versailles-768x465.jpg 768w, https:\/\/ulysse.com\/news\/wp-content\/uploads\/2023\/12\/Exposition-en-hommage-a-Johnny-HallydayParc-des-expositions-de-la-Porte-de-Versailles-1536x931.jpg 1536w, https:\/\/ulysse.com\/news\/wp-content\/uploads\/2023\/12\/Exposition-en-hommage-a-Johnny-HallydayParc-des-expositions-de-la-Porte-de-Versailles-480x291.jpg 480w\" sizes=\"(max-width: 1980px) 100vw, 1980px\" \/><p id=\"caption-attachment-943\" class=\"wp-caption-text\">Exposition en hommage \u00e0 Johnny Hallyday,Parc des expositions de la Porte de Versailles<\/p><\/div>\n<p>Ne manquez pas cette opportunit\u00e9 unique de plonger dans <a href=\"https:\/\/discover.ulysse.com\/sorties-paris-evenements-petit-prix-semaine-du-11-au-17-decembre-2023\" target=\"_blank\" rel=\"noopener\">l&#8217;effervescence culturelle de Paris<\/a>, o\u00f9 art, histoire et cr\u00e9ativit\u00e9 se rencontrent en ce mois festif.<\/p>\n","protected":false},"excerpt":{"rendered":"<p>Ce mois de d\u00e9cembre 2023, ne ratez surtout pas ces superbes expositions parisiennes ! Paris, en d\u00e9cembre 2023, s&#8217;illumine d&#8217;art [&hellip;]<\/p>\n","protected":false},"author":3,"featured_media":952,"comment_status":"open","ping_status":"open","sticky":false,"template":"","format":"standard","meta":{"_acf_changed":false,"_sitemap_exclude":false,"_sitemap_priority":"","_sitemap_frequency":"","footnotes":"","rank_math_title":"Les meilleures expositions \u00e0 ne pas rater \u00e0 Paris en d\u00e9cembre !","rank_math_description":"D\u00e9couvrez les tr\u00e9sors artistiques de Paris en d\u00e9cembre 2023, une mosa\u00efque d'expositions captivantes qui c\u00e9l\u00e8brent la diversit\u00e9 et l'innovation.","rank_math_canonical_url":"","rank_math_focus_keyword":"exposition,Paris"},"categories":[3],"tags":[56,75,11],"class_list":["post-659","post","type-post","status-publish","format-standard","has-post-thumbnail","hentry","category-voyage","tag-discover","tag-exposition","tag-paris"],"acf":[],"_links":{"self":[{"href":"https:\/\/ulysse.com\/news\/wp-json\/wp\/v2\/posts\/659","targetHints":{"allow":["GET"]}}],"collection":[{"href":"https:\/\/ulysse.com\/news\/wp-json\/wp\/v2\/posts"}],"about":[{"href":"https:\/\/ulysse.com\/news\/wp-json\/wp\/v2\/types\/post"}],"author":[{"embeddable":true,"href":"https:\/\/ulysse.com\/news\/wp-json\/wp\/v2\/users\/3"}],"replies":[{"embeddable":true,"href":"https:\/\/ulysse.com\/news\/wp-json\/wp\/v2\/comments?post=659"}],"version-history":[{"count":13,"href":"https:\/\/ulysse.com\/news\/wp-json\/wp\/v2\/posts\/659\/revisions"}],"predecessor-version":[{"id":7867,"href":"https:\/\/ulysse.com\/news\/wp-json\/wp\/v2\/posts\/659\/revisions\/7867"}],"wp:featuredmedia":[{"embeddable":true,"href":"https:\/\/ulysse.com\/news\/wp-json\/wp\/v2\/media\/952"}],"wp:attachment":[{"href":"https:\/\/ulysse.com\/news\/wp-json\/wp\/v2\/media?parent=659"}],"wp:term":[{"taxonomy":"category","embeddable":true,"href":"https:\/\/ulysse.com\/news\/wp-json\/wp\/v2\/categories?post=659"},{"taxonomy":"post_tag","embeddable":true,"href":"https:\/\/ulysse.com\/news\/wp-json\/wp\/v2\/tags?post=659"}],"curies":[{"name":"wp","href":"https:\/\/api.w.org\/{rel}","templated":true}]}}