{"id":6816,"date":"2024-02-17T09:30:41","date_gmt":"2024-02-17T08:30:41","guid":{"rendered":"https:\/\/discover.ulysse.com\/?p=6816"},"modified":"2024-07-31T16:40:37","modified_gmt":"2024-07-31T15:40:37","slug":"seville-incontournables-capitale-andalouse","status":"publish","type":"post","link":"https:\/\/ulysse.com\/news\/seville-incontournables-capitale-andalouse","title":{"rendered":"S\u00e9ville : Immersion dans les incontournables de la capitale andalouse !"},"content":{"rendered":"<p>La ville de S\u00e9ville, fond\u00e9e par les Romains et impr\u00e9gn\u00e9e de l&#8217;histoire des Maures pendant des si\u00e8cles, se dresse comme un joyau embl\u00e9matique, \u00e9loquent de culture et d&#8217;une histoire extraordinaire. C\u00e9l\u00e8bre pour ses monuments imposants et ses tr\u00e9sors dissimul\u00e9s, son patrimoine historique transpara\u00eet \u00e0 travers une architecture majestueuse, une culture vibrante et une gastronomie exquise. S\u00e9ville, vivante et envo\u00fbtante, offre \u00e9galement une exp\u00e9rience culinaire d\u00e9lectable, mettant en avant les plats traditionnels andalous. D\u00e9couvrons ensemble les 5 incontournables qui font de cette ville un tr\u00e9sor \u00e0 explorer.<\/p>\n<h2>La cath\u00e9drale de S\u00e9ville<\/h2>\n<p>\u00c9galement connue sous le nom de la cath\u00e9drale Santa Marta de la Sede, la cath\u00e9drale de S\u00e9ville est l&#8217;une des plus grandes du monde, <a href=\"https:\/\/discover.ulysse.com\/joyaux-allemagne-inscrits-patrimoine-mondial-unesco\" target=\"_blank\" rel=\"noopener\">class\u00e9e au patrimoine mondial de l&#8217;UNESCO<\/a>. Construite entre le 14\u1d49 et le 16\u1d49 si\u00e8cle, son architecture gothique impressionnante, avec ses hautes vo\u00fbtes, ses vitraux color\u00e9s et ses arcboutants, renferme plusieurs tr\u00e9sors nationaux. Parmi eux, on retrouve le c\u00e9l\u00e8bre retable principal de Pierre Dancart et le tombeau de Christophe Colomb.<\/p>\n<p>Admirez les d\u00e9tails architecturaux fascinants de cette magnifique cath\u00e9drale et visitez la salle capitulaire o\u00f9 sont expos\u00e9s les tr\u00e9sors eccl\u00e9siastiques. N&#8217;oubliez pas de profiter de l&#8217;occasion pour monter au sommet de la Giralda et admirer la vue panoramique incomparable sur la ville.<\/p>\n<div id=\"attachment_19974\" style=\"width: 1990px\" class=\"wp-caption aligncenter\"><img decoding=\"async\" aria-describedby=\"caption-attachment-19974\" class=\"size-full wp-image-19974\" src=\"https:\/\/discover.ulysse.com\/wp-content\/uploads\/2024\/02\/La-cathedrale-de-Seville-en-Espagne.jpg\" alt=\"La cath\u00e9drale de S\u00e9ville en Espagne\" width=\"1980\" height=\"1200\" srcset=\"https:\/\/ulysse.com\/news\/wp-content\/uploads\/2024\/02\/La-cathedrale-de-Seville-en-Espagne.jpg 1980w, https:\/\/ulysse.com\/news\/wp-content\/uploads\/2024\/02\/La-cathedrale-de-Seville-en-Espagne-300x182.jpg 300w, https:\/\/ulysse.com\/news\/wp-content\/uploads\/2024\/02\/La-cathedrale-de-Seville-en-Espagne-1024x621.jpg 1024w, https:\/\/ulysse.com\/news\/wp-content\/uploads\/2024\/02\/La-cathedrale-de-Seville-en-Espagne-200x121.jpg 200w, https:\/\/ulysse.com\/news\/wp-content\/uploads\/2024\/02\/La-cathedrale-de-Seville-en-Espagne-768x465.jpg 768w, https:\/\/ulysse.com\/news\/wp-content\/uploads\/2024\/02\/La-cathedrale-de-Seville-en-Espagne-1536x931.jpg 1536w\" sizes=\"(max-width: 1980px) 100vw, 1980px\" \/><p id=\"caption-attachment-19974\" class=\"wp-caption-text\">La cath\u00e9drale de S\u00e9ville en Espagne<\/p><\/div>\n<h2>L&#8217;Alcazar de S\u00e9ville<\/h2>\n<p>\u00c9rig\u00e9 au fil des si\u00e8cles par diff\u00e9rentes dynasties, ce palais royal mauresque incarne un mariage harmonieux de styles architecturaux, m\u00ealant avec \u00e9l\u00e9gance le mauresque, le gothique, la Renaissance et le baroque. Cette merveille, agrandie et embellie au gr\u00e9 des \u00e9poques, offre une exp\u00e9rience unique et raffin\u00e9e. Les arches d\u00e9licates, les carreaux de fa\u00efence chatoyants, les jardins enchanteurs, les majestueuses fontaines, les \u00e9tangs paisibles et les all\u00e9es bord\u00e9es d&#8217;orangers cr\u00e9ent une atmosph\u00e8re magique, impr\u00e9gn\u00e9e d&#8217;une riche histoire.<\/p>\n<p>Explorez les somptueuses salles regorgeant de tr\u00e9sors cach\u00e9s de l&#8217;<a href=\"https:\/\/discover.ulysse.com\/alcazars-majestueux-espagne\" target=\"_blank\" rel=\"noopener\">Alcazar<\/a>, plongez dans son pass\u00e9 fascinant et d\u00e9ambulez \u00e0 votre guise dans les jardins. Profitez de la beaut\u00e9 paisible de cet endroit exceptionnel pour vivre un moment agr\u00e9able et d\u00e9tendu.<\/p>\n<div id=\"attachment_6865\" style=\"width: 1990px\" class=\"wp-caption aligncenter\"><img decoding=\"async\" aria-describedby=\"caption-attachment-6865\" class=\"wp-image-6865 size-full\" src=\"https:\/\/discover.ulysse.com\/wp-content\/uploads\/2024\/02\/LAlcazar-de-Seville-Espagne-.jpg\" alt=\"L'Alcazar de S\u00e9ville ,Espagne\" width=\"1980\" height=\"1200\" srcset=\"https:\/\/ulysse.com\/news\/wp-content\/uploads\/2024\/02\/LAlcazar-de-Seville-Espagne-.jpg 1980w, https:\/\/ulysse.com\/news\/wp-content\/uploads\/2024\/02\/LAlcazar-de-Seville-Espagne--300x182.jpg 300w, https:\/\/ulysse.com\/news\/wp-content\/uploads\/2024\/02\/LAlcazar-de-Seville-Espagne--1024x621.jpg 1024w, https:\/\/ulysse.com\/news\/wp-content\/uploads\/2024\/02\/LAlcazar-de-Seville-Espagne--200x121.jpg 200w, https:\/\/ulysse.com\/news\/wp-content\/uploads\/2024\/02\/LAlcazar-de-Seville-Espagne--768x465.jpg 768w, https:\/\/ulysse.com\/news\/wp-content\/uploads\/2024\/02\/LAlcazar-de-Seville-Espagne--1536x931.jpg 1536w\" sizes=\"(max-width: 1980px) 100vw, 1980px\" \/><p id=\"caption-attachment-6865\" class=\"wp-caption-text\">L&#8217;Alcazar de S\u00e9ville , Espagne<\/p><\/div>\n<h2>La Plaza de Espa\u00f1a<\/h2>\n<p>Con\u00e7ue sp\u00e9cialement pour l&#8217;exposition ib\u00e9ro-am\u00e9ricaine au 19\u1d49 si\u00e8cle afin de promouvoir l&#8217;<a href=\"https:\/\/discover.ulysse.com\/belles-cites-cotieres-despagne\" target=\"_blank\" rel=\"noopener\">Espagne<\/a> et ses anciennes colonies, la Plaza de Espa\u00f1a est une v\u00e9ritable \u0153uvre d&#8217;art embl\u00e9matique en plein air. Elle allie \u00e9l\u00e9gamment l&#8217;architecture mauresque et la Renaissance, orn\u00e9e de c\u00e9ramiques color\u00e9es repr\u00e9sentant l&#8217;Espagne. Les bancs en c\u00e9ramique et les balustrades en terre cuite ajoutent \u00e0 son charme.<\/p>\n<p>Travers\u00e9e par un canal, la place offre la possibilit\u00e9 de louer un bateau pour une balade inoubliable. De plus, les nombreux bancs invitent \u00e0 la d\u00e9tente, permettant d&#8217;admirer la beaut\u00e9 saisissante de cet endroit.<\/p>\n<div id=\"attachment_6866\" style=\"width: 1990px\" class=\"wp-caption aligncenter\"><img decoding=\"async\" aria-describedby=\"caption-attachment-6866\" class=\"wp-image-6866 size-full\" src=\"https:\/\/discover.ulysse.com\/wp-content\/uploads\/2024\/02\/La-Plaza-de-Espana-Seville-Espagne-.jpg\" alt=\"La Plaza de Espa\u00f1a , S\u00e9ville, Espagne\" width=\"1980\" height=\"1200\" srcset=\"https:\/\/ulysse.com\/news\/wp-content\/uploads\/2024\/02\/La-Plaza-de-Espana-Seville-Espagne-.jpg 1980w, https:\/\/ulysse.com\/news\/wp-content\/uploads\/2024\/02\/La-Plaza-de-Espana-Seville-Espagne--300x182.jpg 300w, https:\/\/ulysse.com\/news\/wp-content\/uploads\/2024\/02\/La-Plaza-de-Espana-Seville-Espagne--1024x621.jpg 1024w, https:\/\/ulysse.com\/news\/wp-content\/uploads\/2024\/02\/La-Plaza-de-Espana-Seville-Espagne--200x121.jpg 200w, https:\/\/ulysse.com\/news\/wp-content\/uploads\/2024\/02\/La-Plaza-de-Espana-Seville-Espagne--768x465.jpg 768w, https:\/\/ulysse.com\/news\/wp-content\/uploads\/2024\/02\/La-Plaza-de-Espana-Seville-Espagne--1536x931.jpg 1536w\" sizes=\"(max-width: 1980px) 100vw, 1980px\" \/><p id=\"caption-attachment-6866\" class=\"wp-caption-text\">La Plaza de Espa\u00f1a , S\u00e9ville, Espagne<\/p><\/div>\n<h2>Le quartier de Santa Cruz<\/h2>\n<p>L&#8217;ancien quartier juif de S\u00e9ville, connu sous le nom de Santa Cruz, d\u00e9voile un d\u00e9dale de ruelles \u00e9troites qui remontent \u00e0 l&#8217;\u00e9poque m\u00e9di\u00e9vale. Ces rues sont parsem\u00e9es de monuments historiques et de places pittoresques \u00e0 d\u00e9couvrir. \u00c0 chaque coin de rue, une surprise vous attend, d\u00e9voilant une architecture exclusivement andalouse caract\u00e9ris\u00e9e par des maisons blanchies \u00e0 la chaux, des balcons en fer forg\u00e9 et des cours int\u00e9rieures.<\/p>\n<p>En vous laissant errer dans ce d\u00e9dale urbain, vous d\u00e9couvrirez d&#8217;anciennes \u00e9glises, des caf\u00e9s pittoresques et des placettes ombrag\u00e9es qui offrent un havre de d\u00e9tente id\u00e9al pendant votre exploration de la ville. Vous avez \u00e9galement la possibilit\u00e9 de participer \u00e0 une visite guid\u00e9e pour une approche plus approfondie, enrichissant ainsi votre connaissance de l&#8217;histoire de ce quartier fascinant.<\/p>\n<h2>La Metropol Parasol, Las Setas<\/h2>\n<p>Surnomm\u00e9e \u00ab Les Champignons \u00bb en raison de sa structure moderne et audacieuse, cette magnifique m\u00e9tropole de S\u00e9ville a \u00e9t\u00e9 con\u00e7ue par J\u00fcrgen Mayer et achev\u00e9e en 2011. Elle se compose de six parasols en bois, soutenus par des piliers en b\u00e9ton. Au sous-sol, un march\u00e9 alimentaire propose une d\u00e9gustation de produits locaux et de plats traditionnels d\u00e9licieux.<\/p>\n<p>La m\u00e9tropole abrite aussi un mus\u00e9e d&#8217;antiquit\u00e9s romaines qui permet de d\u00e9couvrir l&#8217;histoire fascinante de S\u00e9ville \u00e0 travers des expositions interactives. Ne manquez pas l&#8217;opportunit\u00e9 de monter sur la passerelle panoramique, surtout au coucher du soleil, offrant une vue magnifique.<\/p>\n<div id=\"attachment_6870\" style=\"width: 1990px\" class=\"wp-caption aligncenter\"><img decoding=\"async\" aria-describedby=\"caption-attachment-6870\" class=\"wp-image-6870 size-full\" src=\"https:\/\/discover.ulysse.com\/wp-content\/uploads\/2024\/02\/La-Metropol-Parasol-Las-Setas-Seville-Espagne-.jpg\" alt=\"La Metropol Parasol, Las Setas , S\u00e9ville, Espagne\" width=\"1980\" height=\"1200\" srcset=\"https:\/\/ulysse.com\/news\/wp-content\/uploads\/2024\/02\/La-Metropol-Parasol-Las-Setas-Seville-Espagne-.jpg 1980w, https:\/\/ulysse.com\/news\/wp-content\/uploads\/2024\/02\/La-Metropol-Parasol-Las-Setas-Seville-Espagne--300x182.jpg 300w, https:\/\/ulysse.com\/news\/wp-content\/uploads\/2024\/02\/La-Metropol-Parasol-Las-Setas-Seville-Espagne--1024x621.jpg 1024w, https:\/\/ulysse.com\/news\/wp-content\/uploads\/2024\/02\/La-Metropol-Parasol-Las-Setas-Seville-Espagne--200x121.jpg 200w, https:\/\/ulysse.com\/news\/wp-content\/uploads\/2024\/02\/La-Metropol-Parasol-Las-Setas-Seville-Espagne--768x465.jpg 768w, https:\/\/ulysse.com\/news\/wp-content\/uploads\/2024\/02\/La-Metropol-Parasol-Las-Setas-Seville-Espagne--1536x931.jpg 1536w\" sizes=\"(max-width: 1980px) 100vw, 1980px\" \/><p id=\"caption-attachment-6870\" class=\"wp-caption-text\">La Metropol Parasol, Las Setas, S\u00e9ville, Espagne<\/p><\/div>\n<p>S\u00e9ville se r\u00e9v\u00e8le \u00eatre une ville \u00e9tonnante, regorgeant de surprises et de monuments uniques au monde. C&#8217;est l&#8217;une des capitales les plus captivantes que vous aurez l&#8217;opportunit\u00e9 de visiter. Ne manquez pas cette occasion de d\u00e9voiler tous ses secrets !<\/p>\n","protected":false},"excerpt":{"rendered":"<p>La ville de S\u00e9ville, fond\u00e9e par les Romains et impr\u00e9gn\u00e9e de l&#8217;histoire des Maures pendant des si\u00e8cles, se dresse comme [&hellip;]<\/p>\n","protected":false},"author":3,"featured_media":7042,"comment_status":"open","ping_status":"closed","sticky":false,"template":"","format":"standard","meta":{"_acf_changed":false,"_sitemap_exclude":false,"_sitemap_priority":"","_sitemap_frequency":"","footnotes":"","rank_math_title":"S\u00e9ville : Immersion dans les incontournables de la capitale andalouse !","rank_math_description":"D\u00e9couvrez S\u00e9ville, la capitale de la r\u00e9gion andalouse, au sud de l'Espagne, avec son architecture incomparable et son riche patrimoine culturel.","rank_math_canonical_url":"","rank_math_focus_keyword":"S\u00e9ville"},"categories":[3],"tags":[14,84,148,305],"class_list":["post-6816","post","type-post","status-publish","format-standard","has-post-thumbnail","hentry","category-voyage","tag-destination","tag-espagne","tag-pays","tag-seville"],"acf":[],"_links":{"self":[{"href":"https:\/\/ulysse.com\/news\/wp-json\/wp\/v2\/posts\/6816","targetHints":{"allow":["GET"]}}],"collection":[{"href":"https:\/\/ulysse.com\/news\/wp-json\/wp\/v2\/posts"}],"about":[{"href":"https:\/\/ulysse.com\/news\/wp-json\/wp\/v2\/types\/post"}],"author":[{"embeddable":true,"href":"https:\/\/ulysse.com\/news\/wp-json\/wp\/v2\/users\/3"}],"replies":[{"embeddable":true,"href":"https:\/\/ulysse.com\/news\/wp-json\/wp\/v2\/comments?post=6816"}],"version-history":[{"count":7,"href":"https:\/\/ulysse.com\/news\/wp-json\/wp\/v2\/posts\/6816\/revisions"}],"predecessor-version":[{"id":19976,"href":"https:\/\/ulysse.com\/news\/wp-json\/wp\/v2\/posts\/6816\/revisions\/19976"}],"wp:featuredmedia":[{"embeddable":true,"href":"https:\/\/ulysse.com\/news\/wp-json\/wp\/v2\/media\/7042"}],"wp:attachment":[{"href":"https:\/\/ulysse.com\/news\/wp-json\/wp\/v2\/media?parent=6816"}],"wp:term":[{"taxonomy":"category","embeddable":true,"href":"https:\/\/ulysse.com\/news\/wp-json\/wp\/v2\/categories?post=6816"},{"taxonomy":"post_tag","embeddable":true,"href":"https:\/\/ulysse.com\/news\/wp-json\/wp\/v2\/tags?post=6816"}],"curies":[{"name":"wp","href":"https:\/\/api.w.org\/{rel}","templated":true}]}}