{"id":7224,"date":"2024-02-21T22:00:35","date_gmt":"2024-02-21T21:00:35","guid":{"rendered":"https:\/\/discover.ulysse.com\/?p=7224"},"modified":"2024-02-21T21:52:20","modified_gmt":"2024-02-21T20:52:20","slug":"fuerteventura-plus-belles-plages-ile","status":"publish","type":"post","link":"https:\/\/ulysse.com\/news\/fuerteventura-plus-belles-plages-ile","title":{"rendered":"Fuerteventura : Les plus belles plages de l&#8217;\u00eele"},"content":{"rendered":"<p>Dot\u00e9e de majestueuses plages de sable blanc et de temp\u00e9ratures chaudes toute l\u2019ann\u00e9e, Fuerteventura est la deuxi\u00e8me plus grande \u00eele des Canaries, en Espagne. Ce coin de paradis, sorti tout droit des r\u00eaves, avec plus de 150 km d\u2019\u00e9tendues d&#8217;eau sal\u00e9e aux couleurs turquoise, vous d\u00e9voile ses plus belles lagunes et des paysages \u00e0 perte de vue pour des vacances inoubliables sous le soleil. Profitez des moments les plus radieux lors de votre s\u00e9jour.<\/p>\n<h2>Plage de la Concha<\/h2>\n<p>\u00c9galement connue sous le nom de la reine des plages, cette \u00e9tendue d&#8217;eau sal\u00e9e de Fuerteventura vous s\u00e9duira par sa somptueuse forme de coquillage. Situ\u00e9e pr\u00e8s d\u2019El Cotillo et \u00e0 seulement quelques pas du centre-ville, la plage de la Concha est un incontournable de votre visite.<\/p>\n<p>Profitez du soleil pour vous baigner, vous pr\u00e9lasser et faire bronzette, tout en admirant l\u2019ambiance rayonnante qui illumine les lieux. Vous pourrez \u00e9galement visiter la ville et go\u00fbter diverses <a href=\"https:\/\/discover.ulysse.com\/delices-gastronomie-iles-canaries\" target=\"_blank\" rel=\"noopener\">sp\u00e9cialit\u00e9s locales<\/a>.<\/p>\n<div id=\"attachment_7285\" style=\"width: 1990px\" class=\"wp-caption aligncenter\"><img decoding=\"async\" aria-describedby=\"caption-attachment-7285\" class=\"wp-image-7285 size-full\" src=\"https:\/\/discover.ulysse.com\/wp-content\/uploads\/2024\/02\/La-plage-de-La-Concha-Fuerteventura-.jpg\" alt=\"La plage de La Concha, Fuerteventura\" width=\"1980\" height=\"1200\" srcset=\"https:\/\/ulysse.com\/news\/wp-content\/uploads\/2024\/02\/La-plage-de-La-Concha-Fuerteventura-.jpg 1980w, https:\/\/ulysse.com\/news\/wp-content\/uploads\/2024\/02\/La-plage-de-La-Concha-Fuerteventura--300x182.jpg 300w, https:\/\/ulysse.com\/news\/wp-content\/uploads\/2024\/02\/La-plage-de-La-Concha-Fuerteventura--1024x621.jpg 1024w, https:\/\/ulysse.com\/news\/wp-content\/uploads\/2024\/02\/La-plage-de-La-Concha-Fuerteventura--200x121.jpg 200w, https:\/\/ulysse.com\/news\/wp-content\/uploads\/2024\/02\/La-plage-de-La-Concha-Fuerteventura--768x465.jpg 768w, https:\/\/ulysse.com\/news\/wp-content\/uploads\/2024\/02\/La-plage-de-La-Concha-Fuerteventura--1536x931.jpg 1536w\" sizes=\"(max-width: 1980px) 100vw, 1980px\" \/><p id=\"caption-attachment-7285\" class=\"wp-caption-text\">La plage de la Concha, Fuerteventura<\/p><\/div>\n<h2>La plage de Cofete<\/h2>\n<p>R\u00e9put\u00e9e comme la plus belle des plages, Cofete vous captivera avec son allure de bout du monde et son cadre enchanteur \u00e0 Fuerteventura. Bien qu\u2019elle soit difficile d&#8217;acc\u00e8s, cette plage vaut vraiment le d\u00e9tour\u202f; elle est une perle \u00e0 ne surtout pas manquer.<\/p>\n<p>Situ\u00e9 au sud des p\u00e9ninsules, ce joyau baln\u00e9aire s\u2019\u00e9tend sur plus de 12 km au c\u0153ur d\u2019un <a href=\"https:\/\/discover.ulysse.com\/alaska-parcs-nationaux\" target=\"_blank\" rel=\"noopener\">parc naturel splendide<\/a>. Outre ses points de vue \u00e9poustouflants, elle est un v\u00e9ritable bijou pour les surfeurs et les aventuriers.<\/p>\n<div id=\"attachment_7287\" style=\"width: 1990px\" class=\"wp-caption aligncenter\"><img decoding=\"async\" aria-describedby=\"caption-attachment-7287\" class=\"wp-image-7287 size-full\" src=\"https:\/\/discover.ulysse.com\/wp-content\/uploads\/2024\/02\/La-plage-de-Cofete-Fuerteventura-.jpg\" alt=\"La plage de Cofete, Fuerteventura\" width=\"1980\" height=\"1200\" srcset=\"https:\/\/ulysse.com\/news\/wp-content\/uploads\/2024\/02\/La-plage-de-Cofete-Fuerteventura-.jpg 1980w, https:\/\/ulysse.com\/news\/wp-content\/uploads\/2024\/02\/La-plage-de-Cofete-Fuerteventura--300x182.jpg 300w, https:\/\/ulysse.com\/news\/wp-content\/uploads\/2024\/02\/La-plage-de-Cofete-Fuerteventura--1024x621.jpg 1024w, https:\/\/ulysse.com\/news\/wp-content\/uploads\/2024\/02\/La-plage-de-Cofete-Fuerteventura--200x121.jpg 200w, https:\/\/ulysse.com\/news\/wp-content\/uploads\/2024\/02\/La-plage-de-Cofete-Fuerteventura--768x465.jpg 768w, https:\/\/ulysse.com\/news\/wp-content\/uploads\/2024\/02\/La-plage-de-Cofete-Fuerteventura--1536x931.jpg 1536w\" sizes=\"(max-width: 1980px) 100vw, 1980px\" \/><p id=\"caption-attachment-7287\" class=\"wp-caption-text\">La plage de Cofete, Fuerteventura<\/p><\/div>\n<h2>La plage El Bajo Negro<\/h2>\n<p>L\u00e0 o\u00f9 la terre et l&#8217;eau fusionnent pour cr\u00e9er un magnifique tableau naturel, la plage El Bajo Negro r\u00e9v\u00e8le toute la beaut\u00e9 de ses paysages. Gr\u00e2ce \u00e0 la qualit\u00e9 de son sable, la largeur de ses plages et son cadre idyllique face aux dunes, elle est comme une \u0153uvre divine.<\/p>\n<p>En vous promenant le long de la plage, vous trouverez divers commerces, <a href=\"https:\/\/discover.ulysse.com\/decouvrez-restaurants-plus-atypiques-monde\" target=\"_blank\" rel=\"noopener\">restaurants<\/a> et bars o\u00f9 savourer de bons plats et boissons. Profitez de vacances magnifiques ici, entour\u00e9 de vos amis ou de votre famille, pour des moments inoubliables.<\/p>\n<div id=\"attachment_7289\" style=\"width: 1990px\" class=\"wp-caption aligncenter\"><img decoding=\"async\" aria-describedby=\"caption-attachment-7289\" class=\"wp-image-7289 size-full\" src=\"https:\/\/discover.ulysse.com\/wp-content\/uploads\/2024\/02\/La-plage-El-Bajo-Negro-Fuerteventura-.jpg\" alt=\"La plage El Bajo Negro, Fuerteventura\" width=\"1980\" height=\"1200\" srcset=\"https:\/\/ulysse.com\/news\/wp-content\/uploads\/2024\/02\/La-plage-El-Bajo-Negro-Fuerteventura-.jpg 1980w, https:\/\/ulysse.com\/news\/wp-content\/uploads\/2024\/02\/La-plage-El-Bajo-Negro-Fuerteventura--300x182.jpg 300w, https:\/\/ulysse.com\/news\/wp-content\/uploads\/2024\/02\/La-plage-El-Bajo-Negro-Fuerteventura--1024x621.jpg 1024w, https:\/\/ulysse.com\/news\/wp-content\/uploads\/2024\/02\/La-plage-El-Bajo-Negro-Fuerteventura--200x121.jpg 200w, https:\/\/ulysse.com\/news\/wp-content\/uploads\/2024\/02\/La-plage-El-Bajo-Negro-Fuerteventura--768x465.jpg 768w, https:\/\/ulysse.com\/news\/wp-content\/uploads\/2024\/02\/La-plage-El-Bajo-Negro-Fuerteventura--1536x931.jpg 1536w\" sizes=\"(max-width: 1980px) 100vw, 1980px\" \/><p id=\"caption-attachment-7289\" class=\"wp-caption-text\">La plage El Bajo Negro, Fuerteventura<\/p><\/div>\n<h2>La plage d&#8217;Ajuy<\/h2>\n<p>Pour une aventure suppl\u00e9mentaire, d\u00e9couvrez une plage bordant des grottes volcaniques, offrant une beaut\u00e9 extraordinaire. Avec son eau turquoise et son sable dor\u00e9 qui contraste magnifiquement avec les couleurs environnantes, changeant au gr\u00e9 de la lumi\u00e8re, cette plage historique ajoute \u00e0 l\u2019attrait de Fuerteventura.<\/p>\n<p>Ce havre de paix apaisera votre esprit lors de votre escapade. En plus d\u2019\u00eatre facilement accessible, la plage r\u00e9pondra \u00e0 tous vos besoins. Vous pourrez \u00e9galement y pratiquer le surf, la plong\u00e9e et bien d\u2019autres activit\u00e9s aquatiques.<\/p>\n<div id=\"attachment_7291\" style=\"width: 1990px\" class=\"wp-caption aligncenter\"><img decoding=\"async\" aria-describedby=\"caption-attachment-7291\" class=\"wp-image-7291 size-full\" src=\"https:\/\/discover.ulysse.com\/wp-content\/uploads\/2024\/02\/La-plage-dAjuy-Fuerteventura-.jpg\" alt=\"La plage d\u2019Ajuy, Fuerteventura\" width=\"1980\" height=\"1200\" srcset=\"https:\/\/ulysse.com\/news\/wp-content\/uploads\/2024\/02\/La-plage-dAjuy-Fuerteventura-.jpg 1980w, https:\/\/ulysse.com\/news\/wp-content\/uploads\/2024\/02\/La-plage-dAjuy-Fuerteventura--300x182.jpg 300w, https:\/\/ulysse.com\/news\/wp-content\/uploads\/2024\/02\/La-plage-dAjuy-Fuerteventura--1024x621.jpg 1024w, https:\/\/ulysse.com\/news\/wp-content\/uploads\/2024\/02\/La-plage-dAjuy-Fuerteventura--200x121.jpg 200w, https:\/\/ulysse.com\/news\/wp-content\/uploads\/2024\/02\/La-plage-dAjuy-Fuerteventura--768x465.jpg 768w, https:\/\/ulysse.com\/news\/wp-content\/uploads\/2024\/02\/La-plage-dAjuy-Fuerteventura--1536x931.jpg 1536w\" sizes=\"(max-width: 1980px) 100vw, 1980px\" \/><p id=\"caption-attachment-7291\" class=\"wp-caption-text\">La plage d\u2019Ajuy, Fuerteventura<\/p><\/div>\n<h2>La plage de \u00c1guila<\/h2>\n<p>Situ\u00e9e \u00e0 proximit\u00e9 du mirador de Puntallana, cette plage de Fuerteventura offre une vue spectaculaire. Dominant l\u2019\u00eele, cette lagune turquoise impressionne par la gr\u00e2ce de ses vagues et la puret\u00e9 qui s\u2019en d\u00e9gage. Un spectacle saisissant se d\u00e9roule sous vos yeux, vous laissant \u00e9merveill\u00e9 par la beaut\u00e9 du paysage.<\/p>\n<p>Outre son charme ind\u00e9niable, cette \u00e9tendue d\u2019eau vous invite \u00e0 vous adonner \u00e0 de nombreuses activit\u00e9s nautiques, pour vivre diverses aventures et cr\u00e9er de magnifiques souvenirs.<\/p>\n<div id=\"attachment_7292\" style=\"width: 1990px\" class=\"wp-caption aligncenter\"><img decoding=\"async\" aria-describedby=\"caption-attachment-7292\" class=\"wp-image-7292 size-full\" src=\"https:\/\/discover.ulysse.com\/wp-content\/uploads\/2024\/02\/La-plage-de-Aguila-Fuerteventura-.jpg\" alt=\"La plage de \u00c1guila, Fuerteventura\" width=\"1980\" height=\"1200\" srcset=\"https:\/\/ulysse.com\/news\/wp-content\/uploads\/2024\/02\/La-plage-de-Aguila-Fuerteventura-.jpg 1980w, https:\/\/ulysse.com\/news\/wp-content\/uploads\/2024\/02\/La-plage-de-Aguila-Fuerteventura--300x182.jpg 300w, https:\/\/ulysse.com\/news\/wp-content\/uploads\/2024\/02\/La-plage-de-Aguila-Fuerteventura--1024x621.jpg 1024w, https:\/\/ulysse.com\/news\/wp-content\/uploads\/2024\/02\/La-plage-de-Aguila-Fuerteventura--200x121.jpg 200w, https:\/\/ulysse.com\/news\/wp-content\/uploads\/2024\/02\/La-plage-de-Aguila-Fuerteventura--768x465.jpg 768w, https:\/\/ulysse.com\/news\/wp-content\/uploads\/2024\/02\/La-plage-de-Aguila-Fuerteventura--1536x931.jpg 1536w\" sizes=\"(max-width: 1980px) 100vw, 1980px\" \/><p id=\"caption-attachment-7292\" class=\"wp-caption-text\">La plage de \u00c1guila, Fuerteventura<\/p><\/div>\n<p>Fuerteventura, avec ses plages de r\u00eave et ses paysages \u00e0 couper le souffle, offre une \u00e9vasion parfaite pour ceux en qu\u00eate de tranquillit\u00e9 et d&#8217;aventure sous le soleil. N&#8217;h\u00e9sitez pas \u00e0 explorer ses tr\u00e9sors cach\u00e9s et \u00e0 vous immerger dans la beaut\u00e9 naturelle de <a href=\"https:\/\/discover.ulysse.com\/martinique-charme-incomparable-ile-aux-fleurs\" target=\"_blank\" rel=\"noopener\">l&#8217;\u00eele<\/a> pour une exp\u00e9rience inoubliable.<\/p>\n","protected":false},"excerpt":{"rendered":"<p>Dot\u00e9e de majestueuses plages de sable blanc et de temp\u00e9ratures chaudes toute l\u2019ann\u00e9e, Fuerteventura est la deuxi\u00e8me plus grande \u00eele [&hellip;]<\/p>\n","protected":false},"author":3,"featured_media":7444,"comment_status":"open","ping_status":"closed","sticky":false,"template":"","format":"standard","meta":{"_acf_changed":false,"_sitemap_exclude":false,"_sitemap_priority":"","_sitemap_frequency":"","footnotes":"","rank_math_title":"Fuerteventura : Les plus belles plages de l'\u00eele","rank_math_description":"Que vous soyez amateur de farniente sur le sable blanc, de surf ou de d\u00e9couvertes culturelles, Fuerteventura saura r\u00e9pondre \u00e0 toutes vos attentes.","rank_math_canonical_url":"","rank_math_focus_keyword":"Fuerteventura"},"categories":[3],"tags":[14,84,488,312,148],"class_list":["post-7224","post","type-post","status-publish","format-standard","has-post-thumbnail","hentry","category-voyage","tag-destination","tag-espagne","tag-fuerteventura","tag-iles-canaries","tag-pays"],"acf":[],"_links":{"self":[{"href":"https:\/\/ulysse.com\/news\/wp-json\/wp\/v2\/posts\/7224","targetHints":{"allow":["GET"]}}],"collection":[{"href":"https:\/\/ulysse.com\/news\/wp-json\/wp\/v2\/posts"}],"about":[{"href":"https:\/\/ulysse.com\/news\/wp-json\/wp\/v2\/types\/post"}],"author":[{"embeddable":true,"href":"https:\/\/ulysse.com\/news\/wp-json\/wp\/v2\/users\/3"}],"replies":[{"embeddable":true,"href":"https:\/\/ulysse.com\/news\/wp-json\/wp\/v2\/comments?post=7224"}],"version-history":[{"count":7,"href":"https:\/\/ulysse.com\/news\/wp-json\/wp\/v2\/posts\/7224\/revisions"}],"predecessor-version":[{"id":7448,"href":"https:\/\/ulysse.com\/news\/wp-json\/wp\/v2\/posts\/7224\/revisions\/7448"}],"wp:featuredmedia":[{"embeddable":true,"href":"https:\/\/ulysse.com\/news\/wp-json\/wp\/v2\/media\/7444"}],"wp:attachment":[{"href":"https:\/\/ulysse.com\/news\/wp-json\/wp\/v2\/media?parent=7224"}],"wp:term":[{"taxonomy":"category","embeddable":true,"href":"https:\/\/ulysse.com\/news\/wp-json\/wp\/v2\/categories?post=7224"},{"taxonomy":"post_tag","embeddable":true,"href":"https:\/\/ulysse.com\/news\/wp-json\/wp\/v2\/tags?post=7224"}],"curies":[{"name":"wp","href":"https:\/\/api.w.org\/{rel}","templated":true}]}}